{"id":291593,"date":"2025-08-02T15:06:18","date_gmt":"2025-08-02T15:06:18","guid":{"rendered":"https:\/\/www.europesays.com\/fr\/291593\/"},"modified":"2025-08-02T15:06:18","modified_gmt":"2025-08-02T15:06:18","slug":"adrien-dumont-de-chassart-en-course-pour-la-victoire-jeremy-gandon-egalement-bien-place","status":"publish","type":"post","link":"https:\/\/www.europesays.com\/fr\/291593\/","title":{"rendered":"Adrien Dumont de Chassart en course pour la victoire, J\u00e9r\u00e9my Gandon \u00e9galement bien plac\u00e9"},"content":{"rendered":"<p>\n\t\t\t\t\t\t\t\tUtah Championship, Tour 2\t\t\t<\/p>\n<p>\t\t\t\t\t\t<img width=\"770\" height=\"556\" src=\"https:\/\/www.europesays.com\/fr\/wp-content\/uploads\/2025\/07\/afp__20250606__2218799439__v3__highres__bmwcharityproampresentedbytdsynnex2025roundo-770x556.jpg\" class=\"img-responsive wp-post-image\" alt=\"\" decoding=\"async\" fetchpriority=\"high\"  \/>\t\t\t\t\t<\/p>\n<p>\t\t\t\t\t\t Partager cet article <\/p>\n<p class=\"screen-reader-text juiz_sps_maybe_hidden_text\">Partager la publication \u00ab\u00a0Adrien Dumont de Chassart en course pour la victoire, J\u00e9r\u00e9my Gandon \u00e9galement bien plac\u00e9\u00a0\u00bb<\/p>\n<p><strong>Le Belge Adrien Dumont de Chassart est aux avant-postes de l\u2019Utah Championship. J\u00e9r\u00e9my Gandon est \u00e9galement en position de marquer de pr\u00e9cieux points.<\/strong><\/p>\n<p>\t\t\t\t\t<a id=\"179394\" href=\"https:\/\/eu.ping.com\/fr-fr\/clubs\/irons\/i240\" target=\"_blank\" rel=\"sponsorised nofollow noopener\"><img decoding=\"async\" src=\"data:image\/svg+xml,%3Csvg%20xmlns=\" http:=\"\" class=\"img-responsive\" alt=\"\" data-lazy-src=\"https:\/\/www.europesays.com\/fr\/wp-content\/uploads\/2025\/07\/ping-e06-fers-i240-1170x275-1.jpg\"\/><\/a><\/p>\n<p>Comme souvent depuis le d\u00e9but du printemps, <strong>Adrien Dumont de Chassart<\/strong> est une nouvelle fois en position de victoire. Celui qui s\u2019\u00e9tait impos\u00e9 lors de son tout premier tournoi sur le <strong>Korn Ferry Tour<\/strong> en 2023 est actuellement deuxi\u00e8me dans l\u2019Utah apr\u00e8s des cartes de 63 (-7) et 65 (-5). Il compte deux petits coups de retard sur le leader am\u00e9ricain <strong>Taylor Montgomery<\/strong>.<\/p>\n<p><strong>J\u00e9r\u00e9my Gandon<\/strong> sera \u00e9galement pr\u00e9sent pour les deux derniers tours. S\u2019il avait fait jeu \u00e9gal avec l\u2019<strong>Ogden Golf &amp; Country Club<\/strong> ce jeudi, le Dr\u00f4mois a rendu un solide 64 (-6) vendredi, lui permettant de remonter \u00e0 la 25e place. Le Fran\u00e7ais reste sur un cut manqu\u00e9 au <strong>NV5 Invitational<\/strong> la semaine pass\u00e9e.<\/p>\n<p>Le leaderboard<\/p>\n<p><img loading=\"lazy\" decoding=\"async\" class=\"alignnone size-full wp-image-181299\" src=\"data:image\/svg+xml,%3Csvg%20xmlns=\" http:=\"\" alt=\"\" width=\"700\" height=\"236\" data-lazy- data-lazy- data-lazy-src=\"https:\/\/www.europesays.com\/fr\/wp-content\/uploads\/2025\/08\/capture-decran-2025-08-02-a-10.10.46.png\"\/><\/p>\n<p>\t\t\t\t<img loading=\"lazy\" decoding=\"async\" src=\"data:image\/svg+xml,%3Csvg%20xmlns=\" http:=\"\" attributionsrc=\"\" border=\"0\" height=\"1\" width=\"1\" alt=\"Advertisement\" data-lazy-src=\"https:\/\/www.europesays.com\/fr\/wp-content\/uploads\/2025\/05\/B33047934.421787844;dc_trk_aid=614154864;dc_trk_cid=235296214;ord=[timestamp];dc_lat=;dc_rdid=;tag_f.gif\"\/><\/p>\n<p>\t\t\t\t\t<a id=\"173261\" href=\"https:\/\/ad.doubleclick.net\/ddm\/trackclk\/N1153799.3770024GOLFPLANATE\/B33047934.421787844;dc_trk_aid=614154864;dc_trk_cid=235296214;dc_lat=;dc_rdid=;tag_for_child_directed_treatment=;tfua=;gdpr=${GDPR};gdpr_consent=${GDPR_CONSENT_755};ltd=;dc_tdv=1\" target=\"_blank\" rel=\"sponsorised nofollow noopener\"><img decoding=\"async\" src=\"data:image\/svg+xml,%3Csvg%20xmlns=\" http:=\"\" class=\"img-responsive\" alt=\"\" data-lazy-src=\"https:\/\/www.europesays.com\/fr\/wp-content\/uploads\/2025\/05\/callaway-e03-aione-square2square-1170x275-1.jpg\"\/><\/a><\/p>\n<p>\u00a9Johnnie Izquierdo \/ GETTY IMAGES NORTH AMERICA \/ Getty Images via AFP<\/p>\n","protected":false},"excerpt":{"rendered":"Utah Championship, Tour 2 Partager cet article Partager la publication \u00ab\u00a0Adrien Dumont de Chassart en course pour la&hellip;\n","protected":false},"author":2,"featured_media":274726,"comment_status":"","ping_status":"","sticky":false,"template":"","format":"standard","meta":{"footnotes":""},"categories":[1418],"tags":[1011,27,1472,60],"class_list":{"0":"post-291593","1":"post","2":"type-post","3":"status-publish","4":"format-standard","5":"has-post-thumbnail","7":"category-golf","8":"tag-fr","9":"tag-france","10":"tag-golf","11":"tag-sports"},"share_on_mastodon":{"url":"https:\/\/pubeurope.com\/@fr\/114959796456635192","error":""},"_links":{"self":[{"href":"https:\/\/www.europesays.com\/fr\/wp-json\/wp\/v2\/posts\/291593","targetHints":{"allow":["GET"]}}],"collection":[{"href":"https:\/\/www.europesays.com\/fr\/wp-json\/wp\/v2\/posts"}],"about":[{"href":"https:\/\/www.europesays.com\/fr\/wp-json\/wp\/v2\/types\/post"}],"author":[{"embeddable":true,"href":"https:\/\/www.europesays.com\/fr\/wp-json\/wp\/v2\/users\/2"}],"replies":[{"embeddable":true,"href":"https:\/\/www.europesays.com\/fr\/wp-json\/wp\/v2\/comments?post=291593"}],"version-history":[{"count":0,"href":"https:\/\/www.europesays.com\/fr\/wp-json\/wp\/v2\/posts\/291593\/revisions"}],"wp:featuredmedia":[{"embeddable":true,"href":"https:\/\/www.europesays.com\/fr\/wp-json\/wp\/v2\/media\/274726"}],"wp:attachment":[{"href":"https:\/\/www.europesays.com\/fr\/wp-json\/wp\/v2\/media?parent=291593"}],"wp:term":[{"taxonomy":"category","embeddable":true,"href":"https:\/\/www.europesays.com\/fr\/wp-json\/wp\/v2\/categories?post=291593"},{"taxonomy":"post_tag","embeddable":true,"href":"https:\/\/www.europesays.com\/fr\/wp-json\/wp\/v2\/tags?post=291593"}],"curies":[{"name":"wp","href":"https:\/\/api.w.org\/{rel}","templated":true}]}}