{"id":291596,"date":"2025-08-02T15:08:12","date_gmt":"2025-08-02T15:08:12","guid":{"rendered":"https:\/\/www.europesays.com\/fr\/291596\/"},"modified":"2025-08-02T15:08:12","modified_gmt":"2025-08-02T15:08:12","slug":"presentation-de-irne-herbst-allezbriverugby","status":"publish","type":"post","link":"https:\/\/www.europesays.com\/fr\/291596\/","title":{"rendered":"Pr\u00e9sentation de Irn\u00e9 Herbst &#8211; AllezBriveRugby"},"content":{"rendered":"<p>Irn\u00e9 Herbst va d\u00e9couvrir la Pro D2 et se frotter \u00e0 ce championnat<\/p>\n<p>Publi\u00e9 le samedi  2 ao\u00fbt 2025 \u00e0 11:00<\/p>\n<p><img loading=\"lazy\" decoding=\"async\" src=\"https:\/\/www.europesays.com\/fr\/wp-content\/uploads\/2025\/08\/688def8f90fe0.jpg\" alt=\"\" width=\"1280\" height=\"720\"\/><\/p>\n<p><strong>Pour construire son effectif, vous devez bien \u00e9quilibrer entre jeunesse et exp\u00e9rience. On ne peut pas avoir que jeunesse ou que exp\u00e9rience. Il faut un m\u00e9lange entre les deux. Brive a voulu injecter une dose d&rsquo;exp\u00e9rience cet \u00e9t\u00e9 avec la venue de plusieurs joueurs de ce type. Irn\u00e9 Herbst vient se frotter \u00e0 la Pro D2.<br \/><\/strong><\/p>\n<p>Pr\u00e9sentation et parcours du joueur<\/p>\n<p><img loading=\"lazy\" decoding=\"async\" class=\"image_presentation\" style=\"float: left;\" src=\"https:\/\/www.europesays.com\/fr\/wp-content\/uploads\/2025\/08\/688d475e17f6f.jpg\" width=\"250\" height=\"250\"\/>\u00a0 Irn\u00e9 Herbst<br \/>\u00a0 N\u00e9 le 4 mai 1993 \u00e0 Witbank<br \/>\u00a0 1m96 129 kg<br \/>\u00a0 2e ligne<\/p>\n<p>\u00a0<\/p>\n<p>\u00a0<\/p>\n<p>\u00a0<\/p>\n<p>\u00a0<\/p>\n<p>\u00a0<\/p>\n<p><strong style=\"background-color: transparent;\">Parcours<\/strong><\/p>\n<p>2011-2017 <strong>Blue Bulls<\/strong> (6 matchs en Currie Cup, 1 match en Craven Week)<strong><br \/><\/strong><\/p>\n<p>2017 <strong>Southern Kings <\/strong>(13 matchs en Super Rugby)<\/p>\n<p>2017-2022 <strong>Benetton Tr\u00e9vise <\/strong>(46 matchs en Pro 14 et 1 essai, 10 matchs en URC, 5 matchs en Rainbow Cup, 6 matchs en Champions Cup, 11 matchs en Challenge Cup et 1 essai)<\/p>\n<p>2022-2025 <strong>Harlequins <\/strong>(47 matchs en Premiership, 6 matchs en Premiership Rugby Cup, 14 matchs en Champions Cup et 2 essais)<\/p>\n<p>\u00a0<\/p>\n<p>Irn\u00e9 Herbst : nouvelle ligne dans un CV bien rempli<\/p>\n<p>Natif du Transvaal, <a href=\"https:\/\/www.allezbriverugby.com\/joueurs\/irn\u00e9-herbst\/\" rel=\"nofollow noopener\" target=\"_blank\">Irn\u00e9 Herbst<\/a> grandit dans une famille berc\u00e9e dans le rugby, son p\u00e8re a port\u00e9 les couleurs de l&rsquo;\u00e9quipe du\u00a0South Eastern Transvaal (d\u00e9sormais appel\u00e9e Pumas) qui \u00e9voluait en Currie Cup. Si son p\u00e8re \u00e9voluait au poste de pilier, le jeune Irn\u00e9 va \u00e9voluer \u00e0 un autre poste. <strong>Chez les jeunes, il va repr\u00e9senter \u00e0 plusieurs reprises sa province, la province du Mpumalanga<\/strong>. Pour poursuivre ses \u00e9tudes, il prend la route de Pretoria. Tr\u00e8s connue en Afrique du Sud, la Craven Week regroupe dans un tournoi tous les meilleurs jeunes du pays et Herbst en fait partie et joue pour les Blue Bulls. <strong>Preuve du talent du joueur, il est aussi appel\u00e9 dans les \u00e9quipes jeunes de l&rsquo;Afrique du Sud<\/strong>, disputant notamment le championnat du monde en 2013, terminant \u00e0 la 3e place. S&rsquo;il dispute plusieurs matchs avec les Bulls en Currie Cup, <strong>c&rsquo;est en rejoignant les Kings que sa carri\u00e8re va monter d&rsquo;un cran<\/strong>. Il dispute ses premiers matchs en Super Rugby et r\u00e9alise une saison solide, titulaire en 2e ligne. Les Kings ne seront pas qualifi\u00e9s pour la phase finale mais cette saison solide du 2e ligne sud-africain lui offre l&rsquo;opportunit\u00e9 de venir jouer en Europe, du c\u00f4t\u00e9 de Tr\u00e9vise. Apr\u00e8s une saison de mise en marche, <strong>sa saison 2018\/2019 est carr\u00e9e, \u00e0 l&rsquo;image du personnage : 16 titularisations en 22 matchs<\/strong>. La pand\u00e9mie stoppe la progression et la machine met un peu de temps avant de red\u00e9marrer. Le red\u00e9marrage se produit du c\u00f4t\u00e9 de l&rsquo;Angleterre et des Harlequins. <strong>Jouant 4 \u00e0 Tr\u00e9vise, il est bascul\u00e9 en 5 \u00e0 son arriv\u00e9e \u00e0 Londres, \u00e0 son plus grand plaisir et il r\u00e9alise sa meilleure saison \u00e0 ce jour.<\/strong> Redevenu 4 par la suite, son temps de jeu diminue mais le sud-africain reste une pi\u00e8ce solide de la 2e ligne de l&rsquo;\u00e9quipe, apportant son exp\u00e9rience et sa duret\u00e9. La saison derni\u00e8re, m\u00eame g\u00ean\u00e9 par sa cheville, Irn\u00e9 Herbst enchaine les titularisations en fin de saison sans que sa productivit\u00e9 ne baisse. Apr\u00e8s l&rsquo;Afrique du Sud, l&rsquo;Italie et l&rsquo;Angleterre, <strong>le g\u00e9ant barbu va poser ses valises dans un nouveau pays<\/strong>, histoire de connaitre de nouvelles exp\u00e9riences et d&rsquo;apporter tout son savoir-faire \u00e0 ses nouveaux co\u00e9quipiers.<\/p>\n<p>\u00a0<\/p>\n<p>Notre avis sur Irn\u00e9 Herbst<\/p>\n<p>Vu son gabarit, on est plus proche de l&rsquo;image du b\u00fbcheron canadien que d&rsquo;un 2e ligne ! <strong>Mais Irn\u00e9 Herbst est bien un deuxi\u00e8me ligne, pouvant jouer aux deux postes<\/strong>, m\u00eame si on lui a plus confi\u00e9 le num\u00e9ro 4 que le num\u00e9ro 5 dans sa carri\u00e8re. Avec lui, il ne faudra pas s&rsquo;attendre \u00e0 de grandes envol\u00e9es, des saut\u00e9es de 30 m\u00e8tres &#8230; Ce n&rsquo;est pas ce qu&rsquo;on attend de lui et ce n&rsquo;est pas pour \u00e7a qu&rsquo;il a \u00e9t\u00e9 recrut\u00e9. <strong>Il viendra apporter son exp\u00e9rience, sa science du combat et sa pr\u00e9sence au CAB<\/strong>. Pour le moment, il observe ses co\u00e9quipiers depuis le bord du terrain mais quand il sera \u00e0 100%, il ne sera pas difficile de lui trouver une place dans la rotation en 2e ligne.<strong> Des joueurs de ce type, on en a toujours besoin au cours de la saison.<\/strong><\/p>\n<p>\u00a0<\/p>\n<p>Vous pouvez retrouver sa fiche dans <a href=\"https:\/\/www.allezbriverugby.com\/joueurs\/\" rel=\"nofollow noopener\" target=\"_blank\">la liste des joueurs du CABCL<\/a><\/p>\n<p>\u00a0<\/p>\n","protected":false},"excerpt":{"rendered":"Irn\u00e9 Herbst va d\u00e9couvrir la Pro D2 et se frotter \u00e0 ce championnat Publi\u00e9 le samedi 2 ao\u00fbt&hellip;\n","protected":false},"author":2,"featured_media":291597,"comment_status":"","ping_status":"","sticky":false,"template":"","format":"standard","meta":{"footnotes":""},"categories":[1416],"tags":[1011,27,479,1468,60],"class_list":{"0":"post-291596","1":"post","2":"type-post","3":"status-publish","4":"format-standard","5":"has-post-thumbnail","7":"category-rugby","8":"tag-fr","9":"tag-france","10":"tag-rugby","11":"tag-rugby-football","12":"tag-sports"},"share_on_mastodon":{"url":"https:\/\/pubeurope.com\/@fr\/114959804469624628","error":""},"_links":{"self":[{"href":"https:\/\/www.europesays.com\/fr\/wp-json\/wp\/v2\/posts\/291596","targetHints":{"allow":["GET"]}}],"collection":[{"href":"https:\/\/www.europesays.com\/fr\/wp-json\/wp\/v2\/posts"}],"about":[{"href":"https:\/\/www.europesays.com\/fr\/wp-json\/wp\/v2\/types\/post"}],"author":[{"embeddable":true,"href":"https:\/\/www.europesays.com\/fr\/wp-json\/wp\/v2\/users\/2"}],"replies":[{"embeddable":true,"href":"https:\/\/www.europesays.com\/fr\/wp-json\/wp\/v2\/comments?post=291596"}],"version-history":[{"count":0,"href":"https:\/\/www.europesays.com\/fr\/wp-json\/wp\/v2\/posts\/291596\/revisions"}],"wp:featuredmedia":[{"embeddable":true,"href":"https:\/\/www.europesays.com\/fr\/wp-json\/wp\/v2\/media\/291597"}],"wp:attachment":[{"href":"https:\/\/www.europesays.com\/fr\/wp-json\/wp\/v2\/media?parent=291596"}],"wp:term":[{"taxonomy":"category","embeddable":true,"href":"https:\/\/www.europesays.com\/fr\/wp-json\/wp\/v2\/categories?post=291596"},{"taxonomy":"post_tag","embeddable":true,"href":"https:\/\/www.europesays.com\/fr\/wp-json\/wp\/v2\/tags?post=291596"}],"curies":[{"name":"wp","href":"https:\/\/api.w.org\/{rel}","templated":true}]}}