{"id":291598,"date":"2025-08-02T15:09:12","date_gmt":"2025-08-02T15:09:12","guid":{"rendered":"https:\/\/www.europesays.com\/fr\/291598\/"},"modified":"2025-08-02T15:09:12","modified_gmt":"2025-08-02T15:09:12","slug":"atp-toronto-lindsey-davenport-honnete-sur-joao-fonseca-ses-attentes-sont-bien-plus-elevees-quune-elimination-au-premier-tour","status":"publish","type":"post","link":"https:\/\/www.europesays.com\/fr\/291598\/","title":{"rendered":"ATP &#8211; Toronto > Lindsey Davenport, honn\u00eate sur Joao Fonseca : \u00ab\u00a0Ses attentes sont bien plus \u00e9lev\u00e9es qu&rsquo;une \u00e9limination au premier tour\u00a0\u00bb"},"content":{"rendered":"<p>Invit\u00e9e du dernier podcast de Tennis Channel, l\u2019an\u00adcienne num\u00e9ro 1 mondiale, Lindsey Davenport, s\u2019est exprim\u00e9e sur Joao Fonseca, auteur pour l\u2019ins\u00adtant d\u2019une tr\u00e8s belle saison mais \u00e9limin\u00e9 d\u00e8s le premier tour du Masters 1000 de Toronto.<\/p>\n<p><strong>\u00ab\u202fIl est \u00e9vident que Fonseca a connu une ann\u00e9e remar\u00adquable, mais ses attentes sont bien plus \u00e9lev\u00e9es qu\u2019une \u00e9limi\u00adna\u00adtion au premier tour. Il a vrai\u00adment eu du mal \u00e0 revenir dans le match. Certes, son adver\u00adsaire, Schoolkate, a bien servi, mais Fonseca n\u2019a pas vrai\u00adment trouv\u00e9 de solu\u00adtion \u00e0 ce probl\u00e8me. Il n\u2019a tout simple\u00adment pas r\u00e9ussi \u00e0 rentrer dans l\u2019\u00e9change au retour. Il lui reste main\u00adte\u00adnant une douzaine de jours avant son prochain match (\u00e0 Cincinnati). Il sera donc int\u00e9\u00adres\u00adsant de voir s\u2019il s\u2019en\u00adtra\u00eene un peu dans le sud de la Floride. Peut\u2010\u00eatre retournera\u2010t\u2010il un moment au Br\u00e9sil.\u202f\u00bb<\/strong><\/p>\n<p class=\"post-published-date\" style=\"color: silver; font-size: 75%; text-align: left;\">Publi\u00e9 le samedi 2 ao\u00fbt 2025 \u00e0 14:16<\/p>\n","protected":false},"excerpt":{"rendered":"Invit\u00e9e du dernier podcast de Tennis Channel, l\u2019an\u00adcienne num\u00e9ro 1 mondiale, Lindsey Davenport, s\u2019est exprim\u00e9e sur Joao Fonseca,&hellip;\n","protected":false},"author":2,"featured_media":291599,"comment_status":"","ping_status":"","sticky":false,"template":"","format":"standard","meta":{"footnotes":""},"categories":[1415],"tags":[1011,27,60,1467],"class_list":{"0":"post-291598","1":"post","2":"type-post","3":"status-publish","4":"format-standard","5":"has-post-thumbnail","7":"category-tennis","8":"tag-fr","9":"tag-france","10":"tag-sports","11":"tag-tennis"},"share_on_mastodon":{"url":"https:\/\/pubeurope.com\/@fr\/114959808041764929","error":""},"_links":{"self":[{"href":"https:\/\/www.europesays.com\/fr\/wp-json\/wp\/v2\/posts\/291598","targetHints":{"allow":["GET"]}}],"collection":[{"href":"https:\/\/www.europesays.com\/fr\/wp-json\/wp\/v2\/posts"}],"about":[{"href":"https:\/\/www.europesays.com\/fr\/wp-json\/wp\/v2\/types\/post"}],"author":[{"embeddable":true,"href":"https:\/\/www.europesays.com\/fr\/wp-json\/wp\/v2\/users\/2"}],"replies":[{"embeddable":true,"href":"https:\/\/www.europesays.com\/fr\/wp-json\/wp\/v2\/comments?post=291598"}],"version-history":[{"count":0,"href":"https:\/\/www.europesays.com\/fr\/wp-json\/wp\/v2\/posts\/291598\/revisions"}],"wp:featuredmedia":[{"embeddable":true,"href":"https:\/\/www.europesays.com\/fr\/wp-json\/wp\/v2\/media\/291599"}],"wp:attachment":[{"href":"https:\/\/www.europesays.com\/fr\/wp-json\/wp\/v2\/media?parent=291598"}],"wp:term":[{"taxonomy":"category","embeddable":true,"href":"https:\/\/www.europesays.com\/fr\/wp-json\/wp\/v2\/categories?post=291598"},{"taxonomy":"post_tag","embeddable":true,"href":"https:\/\/www.europesays.com\/fr\/wp-json\/wp\/v2\/tags?post=291598"}],"curies":[{"name":"wp","href":"https:\/\/api.w.org\/{rel}","templated":true}]}}