{"id":291600,"date":"2025-08-02T15:11:12","date_gmt":"2025-08-02T15:11:12","guid":{"rendered":"https:\/\/www.europesays.com\/fr\/291600\/"},"modified":"2025-08-02T15:11:12","modified_gmt":"2025-08-02T15:11:12","slug":"championnat-du-monde-feminin-sortie-de-lhopital-ornella-ongaro-vise-un-retour-a-magny-cours","status":"publish","type":"post","link":"https:\/\/www.europesays.com\/fr\/291600\/","title":{"rendered":"Championnat du Monde F\u00e9minin : Sortie de l&rsquo;h\u00f4pital, Ornella Ongaro vise un retour \u00e0 Magny-Cours"},"content":{"rendered":"<p><strong>La pilote Ornella Ongaro a \u00e9t\u00e9 op\u00e9r\u00e9e avec succ\u00e8s apr\u00e8s<br \/>\nsa chute en Hongrie, et esp\u00e8re pouvoir \u00eatre de retour pour sa<br \/>\nmanche \u00e0 domicile.<\/strong><\/p>\n<p><a href=\"https:\/\/www.paddock-gp.com\/championnat-du-monde-feminin-hongrie-la-francaise-ornella-ongaro-blessee-et-forfait\/\" target=\"_blank\" rel=\"noopener nofollow\">Victime d\u2019un accrochage lors du<br \/>\npremier tour de la Course 1<\/a> en Hongrie le week-end dernier,<br \/>\n<strong>Ornella Ongaro<\/strong> s\u2019est fractur\u00e9 l\u2019hum\u00e9rus droit et a<br \/>\nd\u00fb d\u00e9clarer forfait. La Fran\u00e7aise a fait le choix de rentrer en<br \/>\nFrance pour se faire op\u00e9rer, et a ainsi effectu\u00e9 un trajet en<br \/>\nvoiture de 17 heures depuis le circuit du Balaton Park.<\/p>\n<p>L\u2019op\u00e9ration a eu lieu mardi matin \u00e0 l\u2019Institut Tzanck, \u00e0 c\u00f4t\u00e9 de<br \/>\nNice, et a \u00e9t\u00e9 r\u00e9alis\u00e9e par le Docteur Chauvet, en coordination<br \/>\navec l\u2019\u00e9quipe d\u2019<strong>Ornella Ongaro<\/strong>, bas\u00e9e \u00e0 l\u2019Institut<br \/>\nni\u00e7ois du Sport et de l\u2019Arthrose. La blessure s\u2019est r\u00e9v\u00e9l\u00e9e \u00eatre<br \/>\nplus complexe que pr\u00e9vu, mais aucun tendon n\u2019a \u00e9t\u00e9 touch\u00e9 et la<br \/>\npilote ne souffrait d\u2019aucune perte de mobilit\u00e9. \u00ab\u00a0Un clou,<br \/>\nplusieurs vis ainsi qu\u2019un filet ont \u00e9t\u00e9 pos\u00e9s, sans aucune<br \/>\nprobl\u00e9matique\u00a0\u00bb, a pr\u00e9cis\u00e9 l\u2019entourage<br \/>\nd\u2019<strong>Ongaro<\/strong> dans un communiqu\u00e9.<\/p>\n<p>\u00c0\u00a0pr\u00e9sent, elle va entamer la r\u00e9\u00e9ducation avec pour<br \/>\nobjectif de rouler lors de la prochaine manche du Championnat du<br \/>\nMonde F\u00e9minin, qui se tiendra sur le circuit de Nevers Magny-Cours<br \/>\ndu 5 au 7 septembre. La Fran\u00e7aise va tout faire pour \u00eatre pr\u00e9sente<br \/>\nlors de son \u00e9preuve nationale et devra, en plus du d\u00e9fi physique,<br \/>\nsurmonter les difficult\u00e9s financi\u00e8res caus\u00e9es par son accident.<\/p>\n<p>\u00ab\u00a0La motivation reste intacte. Je suis une grande<br \/>\npassionn\u00e9e qui n\u2019abandonne jamais, et mentalement, je n\u2019ai pas du<br \/>\ntout \u00e9t\u00e9 touch\u00e9e par cet accident. Et puis vous savez\u2026 Rouler sans<br \/>\nm\u2019entra\u00eener, ou sans \u00eatre \u00e0 100% tout \u00e0 fait pr\u00eate, m\u00eame<br \/>\nphysiquement, c\u2019est malheureusement ce que je fais au quotidien<br \/>\ndepuis ma reprise l\u2019an dernier, par manque de moyens financiers.<br \/>\nDonc je connais. Et malgr\u00e9 tout, je suis toujours l\u00e0\u00a0\u00bb,<br \/>\na-t-elle \u00e9crit sur ses r\u00e9seaux sociaux.<\/p>\n<p><img loading=\"lazy\" decoding=\"async\" class=\"aligncenter size-full wp-image-1315979\" src=\"https:\/\/www.europesays.com\/fr\/wp-content\/uploads\/2025\/08\/525760857_122195764172047686_417360917437045155_n.jpg\" alt=\"Ornella Ongaro\" width=\"800\" height=\"533\"  \/><\/p>\n<p>\u00ab\u00a0Ce qui m\u2019inqui\u00e8te le plus, ce sont les moyens<br \/>\nfinanciers et de pouvoir tout r\u00e9unir apr\u00e8s les d\u00e9g\u00e2ts caus\u00e9s par<br \/>\ncet accrochage pour pouvoir \u00eatre op\u00e9rationnelle de ce c\u00f4t\u00e9-l\u00e0 pour<br \/>\nMagny-Cours. Oui, c\u2019est un peu emb\u00eatant d\u2019avoir des douleurs et<br \/>\nd\u2019\u00eatre handicap\u00e9e d\u2019un bras. N\u00e9anmoins, ce n\u2019est que passager.<br \/>\nCertains ont un handicap d\u2019un bras pour toujours, donc je ne vais<br \/>\npas me plaindre pour juste quelques petits jours d\u2019un bras en<br \/>\nmoins, \u00e7a serait la honte !\u00a0\u00bb<\/p>\n<p>\u00ab\u00a0Merci \u00e0 tous pour vos messages et votre soutien, je<br \/>\nvous lis tous les jours c\u2019est incroyable cet \u00e9lan. Ce n\u2019est pas<br \/>\nfacile mais je fais ce que peux pour atteindre mon objectif qui est<br \/>\nde rouler \u00e0 Magny-Cours, je compte sur vous pour m\u2019aider \u00e0 tout<br \/>\nr\u00e9unir.\u00a0\u00bb<\/p>\n<p><strong>Ornella Ongaro<\/strong> appelle \u00e0 la g\u00e9n\u00e9rosit\u00e9 pour<br \/>\nl\u2019aider \u00e0 revenir dans les meilleures conditions possibles en<br \/>\nseptembre <a href=\"https:\/\/www.facebook.com\/permalink.php?story_fbid=pfbid0TQd8PBu7rWrXzVjNF5qY3wg8CF4yDoz3LZDDMANM8kaJxojmiTazJEjNiWnyjbyFl&amp;id=61551430606175\" rel=\"nofollow noopener\" target=\"_blank\"><br \/>\nau travers d\u2019une cagnotte, partag\u00e9e sur ses r\u00e9seaux<br \/>\nsociaux<\/a>.<\/p>\n<p><img loading=\"lazy\" decoding=\"async\" class=\"aligncenter size-full wp-image-1315994\" src=\"https:\/\/www.europesays.com\/fr\/wp-content\/uploads\/2025\/08\/518014381_122193883154047686_3947209033230960883_n.jpg\" alt=\"Ornella Ongaro\" width=\"800\" height=\"533\"  \/><\/p>\n","protected":false},"excerpt":{"rendered":"La pilote Ornella Ongaro a \u00e9t\u00e9 op\u00e9r\u00e9e avec succ\u00e8s apr\u00e8s sa chute en Hongrie, et esp\u00e8re pouvoir \u00eatre&hellip;\n","protected":false},"author":2,"featured_media":291601,"comment_status":"","ping_status":"","sticky":false,"template":"","format":"standard","meta":{"footnotes":""},"categories":[1413],"tags":[1011,27,1457,1456,60],"class_list":{"0":"post-291600","1":"post","2":"type-post","3":"status-publish","4":"format-standard","5":"has-post-thumbnail","7":"category-moto","8":"tag-fr","9":"tag-france","10":"tag-moto","11":"tag-motocycle","12":"tag-sports"},"share_on_mastodon":{"url":"https:\/\/pubeurope.com\/@fr\/114959816245611483","error":""},"_links":{"self":[{"href":"https:\/\/www.europesays.com\/fr\/wp-json\/wp\/v2\/posts\/291600","targetHints":{"allow":["GET"]}}],"collection":[{"href":"https:\/\/www.europesays.com\/fr\/wp-json\/wp\/v2\/posts"}],"about":[{"href":"https:\/\/www.europesays.com\/fr\/wp-json\/wp\/v2\/types\/post"}],"author":[{"embeddable":true,"href":"https:\/\/www.europesays.com\/fr\/wp-json\/wp\/v2\/users\/2"}],"replies":[{"embeddable":true,"href":"https:\/\/www.europesays.com\/fr\/wp-json\/wp\/v2\/comments?post=291600"}],"version-history":[{"count":0,"href":"https:\/\/www.europesays.com\/fr\/wp-json\/wp\/v2\/posts\/291600\/revisions"}],"wp:featuredmedia":[{"embeddable":true,"href":"https:\/\/www.europesays.com\/fr\/wp-json\/wp\/v2\/media\/291601"}],"wp:attachment":[{"href":"https:\/\/www.europesays.com\/fr\/wp-json\/wp\/v2\/media?parent=291600"}],"wp:term":[{"taxonomy":"category","embeddable":true,"href":"https:\/\/www.europesays.com\/fr\/wp-json\/wp\/v2\/categories?post=291600"},{"taxonomy":"post_tag","embeddable":true,"href":"https:\/\/www.europesays.com\/fr\/wp-json\/wp\/v2\/tags?post=291600"}],"curies":[{"name":"wp","href":"https:\/\/api.w.org\/{rel}","templated":true}]}}