{"id":291608,"date":"2025-08-02T15:15:15","date_gmt":"2025-08-02T15:15:15","guid":{"rendered":"https:\/\/www.europesays.com\/fr\/291608\/"},"modified":"2025-08-02T15:15:15","modified_gmt":"2025-08-02T15:15:15","slug":"le-prince-harry-ce-jour-ou-il-a-mis-la-tete-au-carre-a-son-oncle-paria-a-cause-de-meghan-markle","status":"publish","type":"post","link":"https:\/\/www.europesays.com\/fr\/291608\/","title":{"rendered":"Le prince Harry : ce jour o\u00f9 il a mis la t\u00eate au carr\u00e9 \u00e0 son oncle paria\u2026 \u00e0 cause de Meghan Markle"},"content":{"rendered":"<p class=\"p1\">La relation entre <a href=\"https:\/\/www.closermag.fr\/royautes\/meghan-markle-ce-divorce-qui-va-lui-en-mettre-un-coup-3568334\" target=\"_blank\" rel=\"noopener\"><br \/>\nMeghan Markle<\/a> <strong>et<\/strong> <a href=\"https:\/\/www.closermag.fr\/royautes\/prince-andrew-et-sarah-ferguson-cette-brutale-realite-qui-a-detruit-leur-mariage-3566478\" target=\"_blank\" rel=\"noopener\"><br \/>\nle prince Andrew<\/a> a commenc\u00e9 sur un malentendu. Dans ses<br \/>\nm\u00e9moires intitul\u00e9es Le Suppl\u00e9ant, le prince Harry fait le<br \/>\nr\u00e9cit d&rsquo;<strong>un d\u00e9jeuner au Royal Lodge<\/strong>, r\u00e9sidence de<br \/>\nson oncle et de son ex-tante, Sarah Ferguson, \u00e0 Windsor. A son<br \/>\narriv\u00e9e, sa fianc\u00e9e a la surprise de <strong>rencontrer Elizabeth<br \/>\nII<\/strong> pour la premi\u00e8re fois.<\/p>\n<p class=\"p1\">En fin de repas, la reine se l\u00e8ve et d\u00e9cide de<br \/>\nregagner ses p\u00e9nates. Le prince Andrew s&#8217;empresse de prendre le sac<br \/>\n\u00e0 main de sa m\u00e8re et de la raccompagner jusqu&rsquo;\u00e0 la porte. Meghan se<br \/>\npenche alors vers Harry et lui demande s&rsquo;il s&rsquo;agit de<br \/>\n<strong>l&rsquo;assistant de sa grand-m\u00e8re<\/strong>. Le duc de Sussex ne<br \/>\ntarde pas \u00e0 comprendre la m\u00e9prise. \u00ab\u00a0Elle n\u2019avait<br \/>\n<strong>certainement pas fait de recherches sur nous<\/strong> sur<br \/>\nGoogle\u00a0\u00bb, \u00e9crit-il dans son livre.<\/p>\n<p><img loading=\"lazy\" decoding=\"async\" aria-describedby=\"caption-attachment-3568744\" itemprop=\"thumbnailUrl\" class=\"size-large wp-image-3568744 img-responsive\" src=\"https:\/\/www.europesays.com\/fr\/wp-content\/uploads\/2025\/08\/prince-andrew-685x1024.jpg\" alt=\"Prince Andrew\" width=\"685\" height=\"1024\"\/> \u00a9 Bestimage<\/p>\n<p id=\"caption-attachment-3568744\" class=\"wp-caption-text\">Prince<br \/>\nAndrew, l&rsquo;oncle paria du prince Harry<\/p>\n<p>Prince Harry : quelle remarque de son oncle sur<br \/>\nMeghan Markle l&rsquo;a fait sortir de ses gonds ?<\/p>\n<p>S&rsquo;il ignore probablement cet \u00e9pisode, <strong>le prince<br \/>\nAndrew<\/strong> n&rsquo;a <strong>jamais port\u00e9 Meghan Markle dans son<br \/>\ncoeur<\/strong>. Dans un article r\u00e9cemment publi\u00e9 par nos confr\u00e8res<br \/>\ndu <a href=\"https:\/\/www.dailymail.co.uk\/news\/royals\/article-14962883\/Prince-Andrew-royal-oafishness-Sex-obsessed-vulgar-vile-bedroom-habits-Meghan-bullying-bombshell-exposed-devastating-book-Royals-tried-ban.html\" target=\"_blank\" rel=\"noopener\"><br \/>\nDaily Mail<\/a>, on apprend que le petit fr\u00e8re de William a<br \/>\nfailli mettre la t\u00eate au carr\u00e9 \u00e0 son tristement c\u00e9l\u00e8bre oncle<br \/>\nparia.<\/p>\n<p>Ce dernier aurait certifi\u00e9 \u00e0 son neveu que <strong>son mariage<br \/>\n\u00ab\u00a0ne durerait pas plus d\u2019un mois\u00a0\u00bb<\/strong> et l&rsquo;aurait<br \/>\naccus\u00e9 par la m\u00eame occasion de <strong>\u00ab\u00a0devenir<br \/>\ndingue\u00a0\u00bb<\/strong>. Selon lui, <a href=\"https:\/\/www.closermag.fr\/royautes\/prince-harry-panique-ces-sommes-folles-depensees-pour-les-therapies-de-meghan-3566934\" target=\"_blank\" rel=\"noopener\"><br \/>\nHarry<\/a> \u00ab\u00a0faisait <strong>la plus grande erreur de tous les<br \/>\ntemps<\/strong>\u00a0\u00bb en \u00e9pousant une femme \u00ab\u00a0trop vieille\u00a0\u00bb<br \/>\npour lui. Le sang du duc de Sussex n&rsquo;aurait fait qu&rsquo;un tour.<br \/>\n\u00ab\u00a0Harry a dit plus tard \u00e0 William qu\u2019<strong>il d\u00e9testait<br \/>\nAndrew<\/strong>\u00ab\u00a0, indique une source.<\/p>\n<p>Prince Harry : le Megxit pourrait-il<br \/>\ninspirer son oncle ?<\/p>\n<p class=\"p1\">Sous le feu des critiques, le prince Andrew serait<br \/>\n<strong>\u00ab\u00a0fatigu\u00e9 d\u2019\u00eatre d\u00e9peint comme un paria\u00a0\u00bb<\/strong><br \/>\npar les tablo\u00efds, affirment des proches de la couronne britannique<br \/>\ndans les colonnes du Daily Beast. Selon eux, l&rsquo;exil du<br \/>\n<a href=\"https:\/\/www.closermag.fr\/royautes\/prince-harry-il-cherche-absolument-a-se-reconcilier-avec-la-famille-royale-nouvelles-revelations-sur-ses-engagements-3567257\" target=\"_blank\" rel=\"noopener\"><br \/>\nplus jeune fils de Charles III<\/a>\u00a0pourrait lui inspirer une<br \/>\nsolution similaire \u00e0 ses tourments. \u00ab\u00a0[Il] envisage s\u00e9rieusement<br \/>\nde <strong>d\u00e9m\u00e9nager aux \u00c9mirats arabes unis ou \u00e0<br \/>\nBahre\u00efn<\/strong>\u00ab\u00a0, assurait-on l&rsquo;an dernier dans son<br \/>\nentourage.<\/p>\n<p class=\"p1\">\u00ab\u00a0<strong>Aucun d\u2019entre nous ne lui en<br \/>\nvoudrait<\/strong> s\u2019il d\u00e9cidait de faire comme Harry et de partir.<br \/>\nIl ne peut plus rien faire ici, il ne peut plus quitter la maison,<br \/>\nil ne peut plus faire d\u2019affaires, et maintenant il est apparemment<br \/>\nKim Philby [un espion anglais, ndlr]\u00a0\u00bb, indiquait alors une<br \/>\npersonne proche du <a href=\"https:\/\/www.closermag.fr\/royautes\/prince-andrew-paria-le-duc-d-york-dechu-d-un-nouveau-titre-1561879\" target=\"_blank\" rel=\"noopener\"><br \/>\nduc d&rsquo;York<\/a>. Un projet qui n&rsquo;a <strong>pas \u00e9t\u00e9 concr\u00e9tis\u00e9 \u00e0<br \/>\ncette heure<\/strong>.<\/p>\n","protected":false},"excerpt":{"rendered":"La relation entre Meghan Markle et le prince Andrew a commenc\u00e9 sur un malentendu. Dans ses m\u00e9moires intitul\u00e9es&hellip;\n","protected":false},"author":2,"featured_media":291609,"comment_status":"","ping_status":"","sticky":false,"template":"","format":"standard","meta":{"footnotes":""},"categories":[1359],"tags":[548,58,59,1011,27,908,973,546,267],"class_list":{"0":"post-291608","1":"post","2":"type-post","3":"status-publish","4":"format-standard","5":"has-post-thumbnail","7":"category-people","8":"tag-article-simple","9":"tag-divertissement","10":"tag-entertainment","11":"tag-fr","12":"tag-france","13":"tag-meghan-markle","14":"tag-people","15":"tag-prince-andrew","16":"tag-prince-harry"},"share_on_mastodon":{"url":"https:\/\/pubeurope.com\/@fr\/114959831890557459","error":""},"_links":{"self":[{"href":"https:\/\/www.europesays.com\/fr\/wp-json\/wp\/v2\/posts\/291608","targetHints":{"allow":["GET"]}}],"collection":[{"href":"https:\/\/www.europesays.com\/fr\/wp-json\/wp\/v2\/posts"}],"about":[{"href":"https:\/\/www.europesays.com\/fr\/wp-json\/wp\/v2\/types\/post"}],"author":[{"embeddable":true,"href":"https:\/\/www.europesays.com\/fr\/wp-json\/wp\/v2\/users\/2"}],"replies":[{"embeddable":true,"href":"https:\/\/www.europesays.com\/fr\/wp-json\/wp\/v2\/comments?post=291608"}],"version-history":[{"count":0,"href":"https:\/\/www.europesays.com\/fr\/wp-json\/wp\/v2\/posts\/291608\/revisions"}],"wp:featuredmedia":[{"embeddable":true,"href":"https:\/\/www.europesays.com\/fr\/wp-json\/wp\/v2\/media\/291609"}],"wp:attachment":[{"href":"https:\/\/www.europesays.com\/fr\/wp-json\/wp\/v2\/media?parent=291608"}],"wp:term":[{"taxonomy":"category","embeddable":true,"href":"https:\/\/www.europesays.com\/fr\/wp-json\/wp\/v2\/categories?post=291608"},{"taxonomy":"post_tag","embeddable":true,"href":"https:\/\/www.europesays.com\/fr\/wp-json\/wp\/v2\/tags?post=291608"}],"curies":[{"name":"wp","href":"https:\/\/api.w.org\/{rel}","templated":true}]}}