{"id":291612,"date":"2025-08-02T15:17:23","date_gmt":"2025-08-02T15:17:23","guid":{"rendered":"https:\/\/www.europesays.com\/fr\/291612\/"},"modified":"2025-08-02T15:17:23","modified_gmt":"2025-08-02T15:17:23","slug":"pour-cet-ete-voici-les-coups-de-coeur-des-libraires-de-chateauroux","status":"publish","type":"post","link":"https:\/\/www.europesays.com\/fr\/291612\/","title":{"rendered":"Pour cet \u00e9t\u00e9, voici les coups de c\u0153ur des libraires de Ch\u00e2teauroux"},"content":{"rendered":"<p>Romans, bandes dessin\u00e9es, mangas\u2026 Les libraires castelroussins partagent leurs lectures coup de c\u0153ur pour poursuivre l\u2019\u00e9t\u00e9 en toute tranquillit\u00e9.<\/p>\n<p><strong>\u00ab\u00a0Mont des Ourses\u00a0\u00bb, Emilie Devers. <\/strong>\u00ab\u00a0C\u2019est un conte philosophique contemporain, il est tr\u00e8s court, d\u00e9taille\u00a0\u00c9lodie Bonnafoux, g\u00e9rante de la librairie Arcanes. On suit Hazel qui r\u00eave de nature et de montagne, \u00e9lev\u00e9e par son p\u00e8re Jean-Code, la caricature d\u2019un gendarme born\u00e9, ferm\u00e9 et froid. Ce conte \u00e9co-f\u00e9ministe est tr\u00e8s r\u00e9jouissant \u00e0 lire, excellemment dr\u00f4le, avec une vraie qualit\u00e9 litt\u00e9raire.\u00a0\u00bb Un\u00a0premier roman publi\u00e9 aux \u00c9ditions du Sonneur (2025, 14\u00a0\u20ac).<\/p>\n<\/p>\n<p><strong>\u00ab\u00a0Mon vrai nom est Elisabeth\u00a0\u00bb, Ad\u00e8le Yon. <\/strong>\u00ab\u00a0On en a beaucoup entendu parler, et c\u2019est tant mieux\u00a0! M\u00eame si c\u2019est une histoire vraie, on le lit comme un roman, poursuit la libraire castelroussine. L\u2019histoire est bas\u00e9e sur l\u2019enqu\u00eate d\u2019Ad\u00e8le, qui part sur les traces de son arri\u00e8re-grand-m\u00e8re \u00e0 la recherche d\u2019un fant\u00f4me familial. On d\u00e9couvre le terrible destin d\u2019Elisabeth au fur et \u00e0 mesure de ses recherches et surtout, on observe les cons\u00e9quences que peut avoir un traumatisme \u00e0 travers les g\u00e9n\u00e9rations.\u00a0\u00bb \u00c0 noter que l\u2019autrice sera pr\u00e9sente \u00e0 la<a target=\"_self\" href=\"https:\/\/www.lanouvellerepublique.fr\/chateauroux\/une-bonne-librairie-c-est-comme-un-bon-resto-explique-elodie-bonnafoux-d-arcanes-a-chateauroux-1745576723\" rel=\"noopener\"> librairie Arcanes<\/a> le 5\u00a0novembre. Ce r\u00e9cit autobiographique <a target=\"_self\" href=\"https:\/\/www.lanouvellerepublique.fr\/centre-presse\/vienne-le-prix-regine-deforges-pour-adele-yon-au-festival-du-livre-de-montmorillon-1750515942\" rel=\"noopener\">d\u2019Ad\u00e8le Yon <\/a>est\u00a0publi\u00e9\u00a0aux \u00e9ditions du Sous-Sol (2025, 22\u00a0\u20ac).<\/p>\n<p><img alt=\"\u00c0 la librairie Librairix, Solenn Keraudren recommande \u00ab\u00a0Caballero Bueno\u00a0\u00bb et \u00ab\u00a0Son odeur apr\u00e8s la pluie\u00a0\u00bb.\" loading=\"lazy\" width=\"980\" height=\"573\" decoding=\"async\" data-nimg=\"1\" class=\"img-responsive spinner-show\" style=\"color:transparent;background-size:cover;background-position:50% 50%;background-repeat:no-repeat;background-image:url(&quot;data:image\/svg+xml;charset=utf-8,%3Csvg xmlns='http:\/\/www.w3.org\/2000\/svg' viewBox='0 0 980 573'%3E%3Cfilter id='b' color-interpolation-filters='sRGB'%3E%3CfeGaussianBlur stdDeviation='20'\/%3E%3CfeColorMatrix values='1 0 0 0 0 0 1 0 0 0 0 0 1 0 0 0 0 0 100 -1' result='s'\/%3E%3CfeFlood x='0' y='0' width='100%25' height='100%25'\/%3E%3CfeComposite operator='out' in='s'\/%3E%3CfeComposite in2='SourceGraphic'\/%3E%3CfeGaussianBlur stdDeviation='20'\/%3E%3C\/filter%3E%3Cimage width='100%25' height='100%25' x='0' y='0' preserveAspectRatio='none' style='filter: url(%23b);' href='https:\/\/images.lanouvellerepublique.fr\/image\/upload\/t_88w\/f_auto\/688e28c4df97b07b128b457f.jpg'\/%3E%3C\/svg%3E&quot;)\"   src=\"https:\/\/www.europesays.com\/fr\/wp-content\/uploads\/2025\/08\/688e28c4df97b07b128b457f.jpg\"\/><\/p>\n<p style=\"background-color:#F2F2F2;padding:5px;margin-top:0px;margin-bottom:10px\">\u00c0 la librairie Librairix, Solenn Keraudren recommande \u00ab\u00a0Caballero Bueno\u00a0\u00bb et \u00ab\u00a0Son odeur apr\u00e8s la pluie\u00a0\u00bb.<br \/> \u00a9 (Photo NR, Pauline Moyer)<\/p>\n<p><strong>\u00ab\u00a0Son odeur apr\u00e8s la pluie\u00a0\u00bb, Jos\u00e9 Luis Munuera. <\/strong>\u00ab\u00a0C\u2019est une adaptation du roman de C\u00e9dric Sapin-Defour, qui raconte une histoire entre un ma\u00eetre et son chien, d\u00e9taille Solenn Keraudren de Librairix. C\u2019est beau, doux, simple, on d\u00e9couvre une fa\u00e7on de voir la vie. Cette rencontre, on l\u2019appr\u00e9cie qu\u2019on ait des animaux ou pas.\u00a0\u00bb Un roman graphique de Jos\u00e9 Luis Menera, aux \u00e9ditions Le Lombard (2025, 22.95\u00a0\u20ac).<\/p>\n<p><strong>\u00ab\u00a0Caballero Bueno, une enqu\u00eate de l\u2019inspecteur Verde\u00a0\u00bb, Thomas Lavachery et Thomas Gilbert. <\/strong>\u00ab\u00a0C\u2019est comme un Agatha Christie qui se passe au Chili, sur l\u2019\u00eele de P\u00e2ques, poursuit Solenn Keraudren. Une femme est retrouv\u00e9e morte au pied d\u2019une falaise. En parall\u00e8le de l\u2019histoire, on observe une rivalit\u00e9 entre les propri\u00e9taires terriens et les autochtones qui est int\u00e9ressante. On suit toute l\u2019enqu\u00eate et le d\u00e9nouement m\u2019a laiss\u00e9e sans voix. Je me suis fait avoir\u00a0!\u00a0\u00bb Un roman graphique de\u00a0Thomas Lavachery et Thomas Gilbert, aux \u00e9ditions Rue de S\u00e8vres (2025, 25\u00a0\u20ac).<\/p>\n<p><img alt=\"Ashes est le coup de c\u0153ur manga chez Librairix.\" loading=\"lazy\" width=\"980\" height=\"573\" decoding=\"async\" data-nimg=\"1\" class=\"img-responsive spinner-show\" style=\"color:transparent;background-size:cover;background-position:50% 50%;background-repeat:no-repeat;background-image:url(&quot;data:image\/svg+xml;charset=utf-8,%3Csvg xmlns='http:\/\/www.w3.org\/2000\/svg' viewBox='0 0 980 573'%3E%3Cfilter id='b' color-interpolation-filters='sRGB'%3E%3CfeGaussianBlur stdDeviation='20'\/%3E%3CfeColorMatrix values='1 0 0 0 0 0 1 0 0 0 0 0 1 0 0 0 0 0 100 -1' result='s'\/%3E%3CfeFlood x='0' y='0' width='100%25' height='100%25'\/%3E%3CfeComposite operator='out' in='s'\/%3E%3CfeComposite in2='SourceGraphic'\/%3E%3CfeGaussianBlur stdDeviation='20'\/%3E%3C\/filter%3E%3Cimage width='100%25' height='100%25' x='0' y='0' preserveAspectRatio='none' style='filter: url(%23b);' href='https:\/\/images.lanouvellerepublique.fr\/image\/upload\/t_88w\/f_auto\/688e28c4dabd869d2c8b4568.jpg'\/%3E%3C\/svg%3E&quot;)\"   src=\"https:\/\/www.europesays.com\/fr\/wp-content\/uploads\/2025\/08\/688e28c4dabd869d2c8b4568.jpg\"\/><\/p>\n<p style=\"background-color:#F2F2F2;padding:5px;margin-top:0px;margin-bottom:10px\">Ashes est le coup de c\u0153ur manga chez Librairix.<br \/> \u00a9 (Photo NR, Pauline Moyer)<\/p>\n<p><strong>\u00ab\u00a0Ashes\u00a0\u00bb, St\u00e9phanie Le Chevalier. <\/strong>L\u2019histoire se d\u00e9roule dans un monde o\u00f9 l\u2019explosion d\u2019une usine a entra\u00een\u00e9 des chutes de cendre constantes sur les villes. Pour am\u00e9liorer le quotidien des habitants, des ramoneurs travaillent d\u2019arrache-pied. On suit le quotidien de Ben, attaqu\u00e9 par un monstre de cendre alors qu\u2019il commence sa premi\u00e8re mission. \u00ab\u00a0C\u2019est le <a target=\"_self\" href=\"https:\/\/www.lanouvellerepublique.fr\/chateauroux\/rentree-litteraire-a-chateauroux-les-cinq-coups-de-coeur-des-libraires\" rel=\"noopener\">coup de c\u0153ur<\/a> de notre sp\u00e9cialiste manga, confit-on chez Librairix. En plus, l\u2019autrice est fran\u00e7aise, elle nous a rendu visite pour une d\u00e9dicace le 21\u00a0juin.\u00a0\u00bb Un manga de St\u00e9phanie Le Chevalier, aux \u00e9ditions Ankama (2025, 7.95\u00a0\u20ac).<\/p>\n","protected":false},"excerpt":{"rendered":"Romans, bandes dessin\u00e9es, mangas\u2026 Les libraires castelroussins partagent leurs lectures coup de c\u0153ur pour poursuivre l\u2019\u00e9t\u00e9 en toute&hellip;\n","protected":false},"author":2,"featured_media":291613,"comment_status":"","ping_status":"","sticky":false,"template":"","format":"standard","meta":{"footnotes":""},"categories":[1357],"tags":[1392,1379,4351,58,59,1011,27,5052,1380,1393],"class_list":{"0":"post-291612","1":"post","2":"type-post","3":"status-publish","4":"format-standard","5":"has-post-thumbnail","7":"category-livres","8":"tag-a-la-une-local","9":"tag-books","10":"tag-chateauroux","11":"tag-divertissement","12":"tag-entertainment","13":"tag-fr","14":"tag-france","15":"tag-indre","16":"tag-livres","17":"tag-loisirs"},"share_on_mastodon":{"url":"https:\/\/pubeurope.com\/@fr\/114959839775272255","error":""},"_links":{"self":[{"href":"https:\/\/www.europesays.com\/fr\/wp-json\/wp\/v2\/posts\/291612","targetHints":{"allow":["GET"]}}],"collection":[{"href":"https:\/\/www.europesays.com\/fr\/wp-json\/wp\/v2\/posts"}],"about":[{"href":"https:\/\/www.europesays.com\/fr\/wp-json\/wp\/v2\/types\/post"}],"author":[{"embeddable":true,"href":"https:\/\/www.europesays.com\/fr\/wp-json\/wp\/v2\/users\/2"}],"replies":[{"embeddable":true,"href":"https:\/\/www.europesays.com\/fr\/wp-json\/wp\/v2\/comments?post=291612"}],"version-history":[{"count":0,"href":"https:\/\/www.europesays.com\/fr\/wp-json\/wp\/v2\/posts\/291612\/revisions"}],"wp:featuredmedia":[{"embeddable":true,"href":"https:\/\/www.europesays.com\/fr\/wp-json\/wp\/v2\/media\/291613"}],"wp:attachment":[{"href":"https:\/\/www.europesays.com\/fr\/wp-json\/wp\/v2\/media?parent=291612"}],"wp:term":[{"taxonomy":"category","embeddable":true,"href":"https:\/\/www.europesays.com\/fr\/wp-json\/wp\/v2\/categories?post=291612"},{"taxonomy":"post_tag","embeddable":true,"href":"https:\/\/www.europesays.com\/fr\/wp-json\/wp\/v2\/tags?post=291612"}],"curies":[{"name":"wp","href":"https:\/\/api.w.org\/{rel}","templated":true}]}}