{"id":291616,"date":"2025-08-02T15:19:12","date_gmt":"2025-08-02T15:19:12","guid":{"rendered":"https:\/\/www.europesays.com\/fr\/291616\/"},"modified":"2025-08-02T15:19:12","modified_gmt":"2025-08-02T15:19:12","slug":"en-attendant-les-legendes-dac-dc-il-accueille-blackpink-un-groupe-feminin-de-k-pop","status":"publish","type":"post","link":"https:\/\/www.europesays.com\/fr\/291616\/","title":{"rendered":"en attendant les l\u00e9gendes d&rsquo;AC\/DC, il accueille Blackpink, un groupe f\u00e9minin de K-Pop"},"content":{"rendered":"\n<p class=\"c-chapo \">\n  Le groupe lyonnais GL Events succ\u00e8de \u00e0 Vinci-Bouygues et prend les cl\u00e9s du stade de Saint-Denis pour 30 ans. Ce passage de relais s&rsquo;effectue dans un climat tendu.\n<\/p>\n<p>            lire plus tard<\/p>\n<p id=\"dialog__title\" class=\"dialog__title\">Pour sauvegarder cet article, connectez-vous ou cr\u00e9ez un compte franceinfo<\/p>\n<p class=\"dialog__description\">Sans paiement. Sans abonnement.<\/p>\n<p>        Fermer la fen\u00eatre d\u2019activation des notifications France Info<\/p>\n<p>            cr\u00e9er votre compte<\/p>\n<p>            se connecter<\/p>\n<p>        Fermer la fen\u00eatre de pr\u00e9sentation<\/p>\n<p>    <img loading=\"lazy\" decoding=\"async\" class=\"signature__image lazyload\" width=\"100\" height=\"100\" data- alt=\"\" src=\"https:\/\/www.europesays.com\/fr\/wp-content\/uploads\/2025\/05\/64abd44855ee1_placeholder-36b69ec8.png\"\/><\/p>\n<p>          France T\u00e9l\u00e9visions &#8211; R\u00e9daction Culture<\/p>\n<p>    Publi\u00e9 le 02\/08\/2025 13:52<\/p>\n<p>        Temps de lecture : 5min<\/p>\n<p>    <img decoding=\"async\"  alt=\"Les fans du groupe autralien de hard rock AC\/DC au Stade de France, lors du &quot;Rock or Burst World Tour&quot;, le 23 Mai 2015, \u00e0 Saint-Denis. (MARTIN BUREAU \/ AFP)\" width=\"432\" height=\"243\" src=\"https:\/\/www.europesays.com\/fr\/wp-content\/uploads\/2025\/08\/000-par8178706-688df769e843e088334062.jpg\" fetchpriority=\"high\"\/><\/p>\n<p>      Les fans du groupe autralien de hard rock AC\/DC au Stade de France, lors du \u00ab\u00a0Rock or Burst World Tour\u00a0\u00bb, le 23 Mai 2015, \u00e0 Saint-Denis. (MARTIN BUREAU \/ AFP)<\/p>\n<p>Transition \u00e9lectrique\u00a0: apr\u00e8s trente ans aux mains de Vinci-Bouygues, le Stade de France, propri\u00e9t\u00e9 de l&rsquo;Etat, sera g\u00e9r\u00e9 d\u00e8s mardi 5 ao\u00fbt par le groupe lyonnais GL Events qui, au terme d&rsquo;une intense bataille en coulisses, ouvrira une nouvelle \u00e8re en accueillant <a href=\"https:\/\/www.franceinfo.fr\/culture\/musique\/rock\/ac-dc-en-8-chansons-et-videos-imperissables_3338881.html\" rel=\"nofollow noopener\" target=\"_blank\">le groupe de hard rock l\u00e9gendaire AC\/DC<\/a>.<\/p>\n<p><a href=\"https:\/\/www.franceinfo.fr\/sports\/foot\/on-vous-explique-l-imbroglio-autour-de-la-concession-du-stade-de-france_7179819.html\" rel=\"nofollow noopener\" target=\"_blank\">Apr\u00e8s deux ans de proc\u00e9dure et plusieurs recours judiciaires <\/a>du concessionnaire \u00e9conduit qui ont retard\u00e9 l&rsquo;\u00e9pilogue, le transfert des cl\u00e9s du stade situ\u00e9 \u00e0 Saint-Denis aura bien lieu pour les trente prochaines ann\u00e9es. Autant dire que le passage de relais est \u00ab\u00a0compliqu\u00e9\u00a0\u00bb, a convenu r\u00e9cemment une source proche du dossier \u00e0 l&rsquo;AFP. De fait, personne ne souhaite l&rsquo;\u00e9voquer officiellement.<\/p>\n<p>Dans un rare communiqu\u00e9 gouvernemental, publi\u00e9 apr\u00e8s la signature du contrat de concession, les deux ministres de l&rsquo;Economie et des Sports ont indiqu\u00e9 qu&rsquo;il fallait que \u00ab\u00a0la p\u00e9riode de transition qui s&rsquo;ouvre permette la continuit\u00e9 du service, et notamment le transfert des personnels, afin que les concerts pr\u00e9vus en ao\u00fbt se d\u00e9roulent dans les meilleures conditions pour le public, les artistes et les salari\u00e9s\u00a0\u00bb.<\/p>\n<p>En effet, le groupe lyonnais GL Events, sp\u00e9cialis\u00e9 dans l&rsquo;\u00e9v\u00e8nementiel, doit reprendre une partie du personnel du consortium Stade de France qui compte plus d&rsquo;une centaine de salari\u00e9s. Ceux-ci ont d\u00fb pr\u00e9parer les concerts du groupe de hard-rock AC\/DC les 9 et 13 ao\u00fbt, coinc\u00e9s entre leur ancien et leur nouveau patron.<\/p>\n<\/p>\n<p>Pour l&rsquo;entreprise, \u00ab\u00a0deux objectifs clairs\u00a0: une int\u00e9gration r\u00e9ussie avec des \u00e9quipes de professionnels sereins et la r\u00e9ussite des concerts des 9 et 13 ao\u00fbt avec des artistes et des visiteurs satisfaits\u00a0\u00bb, a r\u00e9sum\u00e9 Christophe Cizeron, directeur g\u00e9n\u00e9ral de la branche \u00ab\u00a0venues\u00a0\u00bb, de GL Events, dans un message \u00e9crit transmis \u00e0 l&rsquo;AFP. Alexandra Boutelier, patronne \u00ab\u00a0depuis 12 ans\u00a0\u00bb du consortium \u00e9vinc\u00e9, a sobrement dit au revoir dans la newsletter de juillet du Stade de France, concluant\u00a0: \u00ab\u00a0Je suis certaine que le Stade de France, si cher au c\u0153ur des Fran\u00e7ais, continuera d&rsquo;incarner un lieu unique, f\u00e9d\u00e9rateur et porteur d&rsquo;\u00e9motions inoubliables\u00a0\u00bb.<\/p>\n<p>L&rsquo;\u00e8re Vinci-Bouygues (respectivement deux tiers et un tiers des parts) s&rsquo;ach\u00e8vera avec les <a href=\"https:\/\/www.franceinfo.fr\/culture\/musique\/pop\/musique-la-vague-rose-et-noire-du-groupe-de-k-pop-blackpink-deferle-sur-le-stade-de-france_5953547.html\" rel=\"nofollow noopener\" target=\"_blank\">concerts du groupe sud-cor\u00e9en de K-pop Blackpink<\/a> le samedi 2 et le dimanche 3 ao\u00fbt 2025. Apr\u00e8s deux ans de pause, ce c\u00e9l\u00e8bre \u00ab\u00a0girls band\u00a0\u00bb form\u00e9 de quatre jeunes femmes, a entam\u00e9 en juillet une tourn\u00e9e en Cor\u00e9e du Sud qui passera notamment par Los Angeles, Toronto, New York et Barcelone.<\/p>\n<p>Depuis qu&rsquo;il a \u00e9t\u00e9 officiellement d\u00e9sign\u00e9, GL Events a d\u00e9taill\u00e9 un peu son projet. Il a l&rsquo;ambition de faire venir de nouveaux sports (baseball, foot am\u00e9ricain&#8230;) mais aussi un mus\u00e9e, un nouveau restaurant, une salle de musique immersive. \u00ab\u00a0L&rsquo;enjeu, c&rsquo;est de le faire tourner, de le faire vivre et d&rsquo;en faire une vraie destination au-del\u00e0 des 20 dates par an\u00a0\u00bb, avait d\u00e9clar\u00e9 Christophe Cizeron \u00e0 l&rsquo;AFP en mai 2025. Quelque 120 millions d&rsquo;investissements sont programm\u00e9s mais sans interruption de l&rsquo;activit\u00e9.<\/p>\n<\/p>\n<p>Le groupe lyonnais se pr\u00e9vaut d&rsquo;avoir remis en selle l&rsquo;ancien Stade Gerland \u00e0 Lyon, et d&rsquo;avoir exploit\u00e9 avec succ\u00e8s certains sites olympiques des JO de Paris. \u00ab\u00a0Le job sera fait, il sera bien fait\u00a0\u00bb, avait assur\u00e9 le dirigeant, aussi pour couper court aux accusations de pr\u00e9f\u00e9rence politique, le pr\u00e9sident du groupe Olivier Ginon \u00e9tant r\u00e9put\u00e9 proche d&rsquo;Emmanuel Macron selon plusieurs sources.<\/p>\n<p>GL Events s&rsquo;est d\u00e9j\u00e0 accord\u00e9 avec la F\u00e9d\u00e9ration fran\u00e7aise de rugby (FFR) et la Ligue de rugby pour jouer \u00ab\u00a0cinq matches par an \u00e0 des conditions \u00e9conomiques plus favorables\u00a0\u00bb qu&rsquo;actuellement, rel\u00e8ve l&rsquo;Etat. \u00ab\u00a0Un accord qui permet 5 \u00e0 6 millions d&rsquo;euros d&rsquo;am\u00e9lioration\u00a0\u00bb, a d\u00e9taill\u00e9 Florian Grill \u00e0 l&rsquo;AFP.<\/p>\n<p>En revanche, pas d&rsquo;accord \u00e0 ce jour avec la FFF pour jouer dans ce stade construit pour la Coupe du Monde de football et th\u00e9\u00e2tre du sacre des Bleus en 1998. \u00ab\u00a0Je ne manquerai pas de reprendre les \u00e9changes avec GL Events puisque j&rsquo;ai dit tout l&rsquo;int\u00e9r\u00eat et l&rsquo;attachement que le F\u00e9d\u00e9ration portait au Stade de France\u00a0\u00bb, avait indiqu\u00e9 le patron de la FFF Philippe Diallo en juin.<\/p>\n<p>Attribu\u00e9e \u00e0 la va-vite entre les deux tours de l&rsquo;\u00e9lection pr\u00e9sidentielle de 1995, la concession a co\u00fbt\u00e9 cher \u00e0 l&rsquo;Etat entre les contentieux juridiques et diverses compensations. La Cour des comptes avait calcul\u00e9 en 2018 que le stade et les infrastructures associ\u00e9es ont repr\u00e9sent\u00e9 au total quelque 778 millions de d\u00e9penses publiques.<\/p>\n","protected":false},"excerpt":{"rendered":"Le groupe lyonnais GL Events succ\u00e8de \u00e0 Vinci-Bouygues et prend les cl\u00e9s du stade de Saint-Denis pour 30&hellip;\n","protected":false},"author":2,"featured_media":291617,"comment_status":"","ping_status":"","sticky":false,"template":"","format":"standard","meta":{"footnotes":""},"categories":[1355],"tags":[58,59,1011,27,1361,873],"class_list":{"0":"post-291616","1":"post","2":"type-post","3":"status-publish","4":"format-standard","5":"has-post-thumbnail","7":"category-musique","8":"tag-divertissement","9":"tag-entertainment","10":"tag-fr","11":"tag-france","12":"tag-music","13":"tag-musique"},"share_on_mastodon":{"url":"https:\/\/pubeurope.com\/@fr\/114959847946023886","error":""},"_links":{"self":[{"href":"https:\/\/www.europesays.com\/fr\/wp-json\/wp\/v2\/posts\/291616","targetHints":{"allow":["GET"]}}],"collection":[{"href":"https:\/\/www.europesays.com\/fr\/wp-json\/wp\/v2\/posts"}],"about":[{"href":"https:\/\/www.europesays.com\/fr\/wp-json\/wp\/v2\/types\/post"}],"author":[{"embeddable":true,"href":"https:\/\/www.europesays.com\/fr\/wp-json\/wp\/v2\/users\/2"}],"replies":[{"embeddable":true,"href":"https:\/\/www.europesays.com\/fr\/wp-json\/wp\/v2\/comments?post=291616"}],"version-history":[{"count":0,"href":"https:\/\/www.europesays.com\/fr\/wp-json\/wp\/v2\/posts\/291616\/revisions"}],"wp:featuredmedia":[{"embeddable":true,"href":"https:\/\/www.europesays.com\/fr\/wp-json\/wp\/v2\/media\/291617"}],"wp:attachment":[{"href":"https:\/\/www.europesays.com\/fr\/wp-json\/wp\/v2\/media?parent=291616"}],"wp:term":[{"taxonomy":"category","embeddable":true,"href":"https:\/\/www.europesays.com\/fr\/wp-json\/wp\/v2\/categories?post=291616"},{"taxonomy":"post_tag","embeddable":true,"href":"https:\/\/www.europesays.com\/fr\/wp-json\/wp\/v2\/tags?post=291616"}],"curies":[{"name":"wp","href":"https:\/\/api.w.org\/{rel}","templated":true}]}}