{"id":291620,"date":"2025-08-02T15:21:10","date_gmt":"2025-08-02T15:21:10","guid":{"rendered":"https:\/\/www.europesays.com\/fr\/291620\/"},"modified":"2025-08-02T15:21:10","modified_gmt":"2025-08-02T15:21:10","slug":"grande-etude-sur-la-menopause-une-bouffee-dair-frais-en-faveur-de-la-fin-dun-tabou-liberation","status":"publish","type":"post","link":"https:\/\/www.europesays.com\/fr\/291620\/","title":{"rendered":"Grande \u00e9tude sur la m\u00e9nopause : une bouff\u00e9e d\u2019air frais en faveur de la fin d\u2019un tabou &#8211; Lib\u00e9ration"},"content":{"rendered":"<ol>\n<li><a href=\"https:\/\/news.google.com\/rss\/articles\/CBMigAJBVV95cUxPcHNVRldLOVJoLXBQZ0J6dGlfLVU4X1lKQ1hMQXpkUldmTzRvakZZNFpNYVdzOGhqbUoxS0d2MnBPb29qRVlDUVpMLXVoa2ZSSnNXNjRIcVBXNmtZaU5yUlpyZTR1MU1xbTFQVnN1cUw1QUhvSS1QU0JYckdsNTduTV9sQ3VCTmcxdm1jaHZPeHBjN1ZUT1FkVjNWSUNadFJwcFVxRVYxcDRRaWFUdzV3UDd6YXJPb2FzYzlBc216cmZKblpBSTZ2VmNhR2cxVVFIYUZoeFcwak5kZ3Q1Y0U1Z2NXdnBoY1lsZGhIZTJ0bS1UZ3c5VVlYdVNLQjdqc3RG?oc=5\" target=\"_blank\" rel=\"noopener\">Grande \u00e9tude sur la m\u00e9nopause : une bouff\u00e9e d\u2019air frais en faveur de la fin d\u2019un tabou<\/a>&nbsp;&nbsp;Lib\u00e9ration<\/li>\n<li><a href=\"https:\/\/news.google.com\/rss\/articles\/CBMi5wFBVV95cUxOTFlLTDVmSEp3cWNFWXFReWdmLXRWa05qYk5Gc1ZRZUhRUFBRa3N1MHVVdVhtd3ZqT1RXM1RZbGxVaFk2NDlKbk94RHVaR25KXzYtZ3hSUFRHU3AyZEx5SGZHTld2am0zNGQxVC1DSFM3OFBIakFTR0V5MV9vMVY1UjI0U2ZNN08yRnc0eWxsR3dkdGYtaXQtTEJoMVNnWi0xb2NVWl9Cak9JU0dNZFE1TW1LWEs2YzBqeXZ3RmZ2RzNvYVhHWllFX0l2OTNqNGtNOGpsMG9sWkxJRjF3NVc0eXhqdVh4LVE?oc=5\" target=\"_blank\" rel=\"noopener\">M\u00e9nopause : les femmes fran\u00e7aises invit\u00e9es \u00e0 participer \u00e0 une grande \u00e9tude scientifique<\/a>&nbsp;&nbsp;France Info<\/li>\n<li><a href=\"https:\/\/news.google.com\/rss\/articles\/CBMirAFBVV95cUxNNElCOUVxN185RzZBVFYxdmd2X0lPcFNlSmRvYTl3NG5XRzVzNm1ieXhDNEttUHJrNzJZcmJGZlJOVDIxckJtX1c3QkNmcmdyWUlCdk5HR21fU1lzNERNbzdyQzZHYzdjRjdGaWRUc01Ta19aSVNmVUQ4UVhwY0ZCZTFWX042QTJJYTJBYTUzdHZfOTJ4dEFWWURGb3BfZGlfcEk3X2RWTkdSRWtj0gGyAUFVX3lxTE0zU3R5ZThfN1Fla3pEZTdVY2p4OXp6Z1lTeVk5TGV5RkU4YWtqZVpaVV83NW5YTFJsYlMtNmlteUN1R01xcEdsT25HZV9KNlE2TThicHhEbnNlVlN6YVhMeVFKbkhiUlg4ZVJmUW5SUjBNd2xuRGFtT0N1U3h2dGt6X2tuaEhIS0sxX1FVNEJGRE94Z1pwMUE4LThGeXY1X0g4UmtXblg4eWlwUDE0QUNKR1E?oc=5\" target=\"_blank\" rel=\"noopener\">M\u00e9nopause : une \u00e9tude in\u00e9dite pour am\u00e9liorer la prise en charge<\/a>&nbsp;&nbsp;Pourquoi Docteur<\/li>\n<li><a href=\"https:\/\/news.google.com\/rss\/articles\/CBMipwFBVV95cUxOZ3Zia0hsaTZ1c0JuLUlqanRFMVJBUzVCbDJKdzUtc1YxMWJ0UjFmTTR4Q1lTSVVleVBnM09PR2d1ZnIteGNKSnd0MjI4bmo2S3BsZzQ2Zlhqc3E4MVlrUm45eHU1N2xCZjVYV1JvQTlWZ3ZIZy1CNFpWb1dnV2pQNnIyOW14bXlXbXVZUWt0TExDSEIyTHdpYmtBWWxPN1pEU2JvTENVZw?oc=5\" target=\"_blank\" rel=\"noopener\">M\u00e9nopause : les femmes fran\u00e7aises invit\u00e9es \u00e0 rejoindre une vaste \u00e9tude \u00e9pid\u00e9miologique<\/a>&nbsp;&nbsp;Free Dom<\/li>\n<\/ol>\n","protected":false},"excerpt":{"rendered":"Grande \u00e9tude sur la m\u00e9nopause : une bouff\u00e9e d\u2019air frais en faveur de la fin d\u2019un tabou&nbsp;&nbsp;Lib\u00e9ration M\u00e9nopause&hellip;\n","protected":false},"author":2,"featured_media":291621,"comment_status":"","ping_status":"","sticky":false,"template":"","format":"standard","meta":{"footnotes":""},"categories":[10],"tags":[19020,43092,43093,43094,43095,43096,43097,43098,43099,43100,43101,43102,43104,43103,43105,43106,43107,43192,32077,20720,18462,6484,43108,43109,16266,7006,43110,43111,2964,43112,4077,43113,13307,9575,9043,4512,43114,43115,4371,43116,13874,43117,33523,43118,43119,43120,43121,27949,43122,43123,40057,11823,43124,4858,43125,43126,9487,43127,22190,2883,43194,43193,43195,674,13378,4815,43128,1295,4283,41349,43137,1294,43130,43131,43129,4651,43133,43132,43134,43135,43136,1011,27,7397,43138,2705,25839,23198,43139,14197,72,37739,3540,11416,43140,23912,20099,36616,43141,43142,43143,27870,29023,6087,15926,43144,6127,13128,23346,43145,43146,2742,43147,43148,928,43149,43150,43151,29595,43152,3744,2571,43153,43154,43155,15656,8302,43156,2513,43157,43158,43159,43160,43161,43162,25732,43163,33889,16721,14290,10432,137,43164,43165,43166,43167,28456,987,43168,43169,43170,43171,3242,43172,25726,43173,43174,71,43175,43176,12361,3552,30683,43177,4904,13699,30259,7618,35603,43178,10030,1100,43179,4403,43180,13107,22518,2528,43181,27319,35401,43182,43183,43184,43185,43186,3840,586,6827,1666,13373,43187,43188,29084,43189,32896,43190,43191],"class_list":{"0":"post-291620","1":"post","2":"type-post","3":"status-publish","4":"format-standard","5":"has-post-thumbnail","7":"category-sante","8":"tag-19020","9":"tag-3-personnes","10":"tag-50-60","11":"tag-5055-ans","12":"tag-5060-ans","13":"tag-5560-ans","14":"tag-60-70","15":"tag-6065-ans","16":"tag-6070-ans","17":"tag-6570-ans","18":"tag-acuite-visuelle","19":"tag-adulte","20":"tag-adulte-age","21":"tag-adulte-mur","22":"tag-adultes","23":"tag-adultes-ages","24":"tag-affinite","25":"tag-age-mur","26":"tag-agee","27":"tag-agees","28":"tag-aines","29":"tag-ami","30":"tag-amie","31":"tag-amies","32":"tag-amis","33":"tag-amitie","34":"tag-amitie-entre-femmes","35":"tag-amities","36":"tag-apercu","37":"tag-aquatique","38":"tag-association","39":"tag-balkan","40":"tag-balkans","41":"tag-berge","42":"tag-bulgarie","43":"tag-ciel","44":"tag-clairvoyance","45":"tag-collectivite","46":"tag-communaute","47":"tag-complicite","48":"tag-confiance","49":"tag-confiant","50":"tag-conge","51":"tag-copine","52":"tag-copines","53":"tag-cotoiement","54":"tag-d-age-mur","55":"tag-dames","56":"tag-de-derriere","57":"tag-de-dos","58":"tag-debout","59":"tag-dehors","60":"tag-doyenne","61":"tag-eau","62":"tag-embrassade","63":"tag-en-dehors","64":"tag-ensemble","65":"tag-entraide","66":"tag-estival","67":"tag-ete","68":"tag-etre-debout","69":"tag-etreinte","70":"tag-etres-humains","71":"tag-europe","72":"tag-europeen","73":"tag-exterieur","74":"tag-exterieure","75":"tag-feminin","76":"tag-feminine","77":"tag-feminins","78":"tag-feminite","79":"tag-femme","80":"tag-femme-age","81":"tag-femme-agee","82":"tag-femme-mure","83":"tag-femmes","84":"tag-femmes-agees","85":"tag-femmes-mures","86":"tag-fiable","87":"tag-firmament","88":"tag-fixer-des-yeux","89":"tag-fr","90":"tag-france","91":"tag-gens","92":"tag-gens-ages","93":"tag-groupe","94":"tag-groupe-de-personnes","95":"tag-groupes","96":"tag-h2o","97":"tag-harmonie","98":"tag-health","99":"tag-horizon","100":"tag-horizons","101":"tag-humains","102":"tag-image-coupee","103":"tag-individu","104":"tag-individus","105":"tag-insouciance","106":"tag-insouciant","107":"tag-jeter-un-coup-d-oeil","108":"tag-leves","109":"tag-liberte","110":"tag-libre","111":"tag-libres","112":"tag-lumiere","113":"tag-lumiere-du-soleil","114":"tag-mer","115":"tag-mers","116":"tag-mode-de-vie","117":"tag-modes-de-vie","118":"tag-morcele","119":"tag-nature","120":"tag-natures","121":"tag-p300m2567840","122":"tag-partielle","123":"tag-partir-en-voyage","124":"tag-paysage-d-eau","125":"tag-paysage-marin","126":"tag-personne","127":"tag-personne-agee","128":"tag-personnes","129":"tag-personnes-agees","130":"tag-personnes-de-troisieme-age","131":"tag-photo-d-exterieur","132":"tag-photographie-d-exterieur","133":"tag-plage","134":"tag-plages","135":"tag-plainpicture-rf","136":"tag-plusieurs","137":"tag-point-de-vue","138":"tag-prendre-dans-les-bras","139":"tag-prise-de-vue-en-exterieur","140":"tag-prise-de-vue-exterieure","141":"tag-quelqu-un","142":"tag-quelque","143":"tag-quelques","144":"tag-quinqua","145":"tag-quinquagenaire","146":"tag-rayon-de-soleil","147":"tag-regarde","148":"tag-regarder","149":"tag-retraite","150":"tag-retraitee","151":"tag-rivage","152":"tag-rivages","153":"tag-rive","154":"tag-rives","155":"tag-robe","156":"tag-robe-d-ete","157":"tag-robe-legere","158":"tag-robes","159":"tag-robes-d-ete","160":"tag-saison","161":"tag-saisonnier","162":"tag-saisons","163":"tag-sans-souci","164":"tag-sans-soucis","165":"tag-sante","166":"tag-savoirvivre","167":"tag-se-reunir","168":"tag-senior","169":"tag-seniors","170":"tag-sensation","171":"tag-serrer-dans-les-bras","172":"tag-soleil","173":"tag-soutenir","174":"tag-soutenu","175":"tag-soutien","176":"tag-style-de-vie","177":"tag-tenir-dans-ses-bras","178":"tag-travel","179":"tag-trois","180":"tag-trois-personnes","181":"tag-union","182":"tag-unions","183":"tag-unite","184":"tag-vacance","185":"tag-vacances","186":"tag-vacances-a-la-mer","187":"tag-vague","188":"tag-vagues","189":"tag-vieille-dame","190":"tag-vieille-femme","191":"tag-vieilles-femmes","192":"tag-vieilles-personnes","193":"tag-visionner","194":"tag-voir","195":"tag-voyage","196":"tag-voyager","197":"tag-voyages","198":"tag-vue","199":"tag-vue-de-derriere","200":"tag-vue-de-dos","201":"tag-vue-exterieure","202":"tag-vue-partielle","203":"tag-vues","204":"tag-vues-de-dos","205":"tag-x2401"},"share_on_mastodon":{"url":"","error":"Validation failed: Text character limit of 500 exceeded"},"_links":{"self":[{"href":"https:\/\/www.europesays.com\/fr\/wp-json\/wp\/v2\/posts\/291620","targetHints":{"allow":["GET"]}}],"collection":[{"href":"https:\/\/www.europesays.com\/fr\/wp-json\/wp\/v2\/posts"}],"about":[{"href":"https:\/\/www.europesays.com\/fr\/wp-json\/wp\/v2\/types\/post"}],"author":[{"embeddable":true,"href":"https:\/\/www.europesays.com\/fr\/wp-json\/wp\/v2\/users\/2"}],"replies":[{"embeddable":true,"href":"https:\/\/www.europesays.com\/fr\/wp-json\/wp\/v2\/comments?post=291620"}],"version-history":[{"count":0,"href":"https:\/\/www.europesays.com\/fr\/wp-json\/wp\/v2\/posts\/291620\/revisions"}],"wp:featuredmedia":[{"embeddable":true,"href":"https:\/\/www.europesays.com\/fr\/wp-json\/wp\/v2\/media\/291621"}],"wp:attachment":[{"href":"https:\/\/www.europesays.com\/fr\/wp-json\/wp\/v2\/media?parent=291620"}],"wp:term":[{"taxonomy":"category","embeddable":true,"href":"https:\/\/www.europesays.com\/fr\/wp-json\/wp\/v2\/categories?post=291620"},{"taxonomy":"post_tag","embeddable":true,"href":"https:\/\/www.europesays.com\/fr\/wp-json\/wp\/v2\/tags?post=291620"}],"curies":[{"name":"wp","href":"https:\/\/api.w.org\/{rel}","templated":true}]}}