{"id":291628,"date":"2025-08-02T15:25:11","date_gmt":"2025-08-02T15:25:11","guid":{"rendered":"https:\/\/www.europesays.com\/fr\/291628\/"},"modified":"2025-08-02T15:25:11","modified_gmt":"2025-08-02T15:25:11","slug":"un-cadeau-en-or-qui-fait-les-affaires-de-trump","status":"publish","type":"post","link":"https:\/\/www.europesays.com\/fr\/291628\/","title":{"rendered":"un cadeau en or qui fait les affaires de Trump"},"content":{"rendered":"<p>La chance lui sourit. Le pr\u00e9sident am\u00e9ricain Donald Trump a l&rsquo;occasion de faire entrer une nouvelle personne au comit\u00e9 fixant les taux d&rsquo;int\u00e9r\u00eat apr\u00e8s la d\u00e9mission surprise d&rsquo;une gouverneure de la R\u00e9serve F\u00e9d\u00e9rale am\u00e9ricaine (Fed) vendredi 1er ao\u00fbt.<\/p>\n<p>Adriana Kugler \u00ab a envoy\u00e9 sa lettre de d\u00e9mission au pr\u00e9sident Trump et retournera enseigner \u00e0 l&rsquo;universit\u00e9 de Georgetown cet automne \u00bb, a rapport\u00e9 dans un communiqu\u00e9 la banque centrale des \u00c9tats-Unis.\u00a0Plus t\u00f4t cette semaine, Adriana Kugler n&rsquo;avait pas pu participer \u00e0 la r\u00e9union du comit\u00e9 de politique mon\u00e9taire (FOMC) de la Fed ni voter sur les taux d&rsquo;int\u00e9r\u00eat. Un porte-parole de la banque centrale avait rapport\u00e9 que c&rsquo;\u00e9tait pour une\u00a0\u00ab raison personnelle \u00bb.<\/p>\n<p>Le mandat de Mme Kugler, nomm\u00e9e en 2023 \u00e0 ce poste \u00e0 l&rsquo;initiative du pr\u00e9sident\u00a0Joe Biden, courrait jusqu&rsquo;\u00e0 fin janvier 2026. Ni le communiqu\u00e9 ni son courrier \u00e0 Donald Trump ne donnent les raisons de son d\u00e9part anticip\u00e9 qui prend effet le 8 ao\u00fbt prochain.<\/p>\n<p>Coup de chance pour Trump<\/p>\n<p>Vendredi 1er ao\u00fbt, alors qu&rsquo;il \u00e9tait en partance pour un week-end dans son golf du New Jersey, le pr\u00e9sident Donald Trump s&rsquo;est dit \u00ab tr\u00e8s heureux \u00bb\u00a0de cette vacance de poste.<\/p>\n<p>Il en a ensuite profit\u00e9 dans la soir\u00e9e pour \u00e0 nouveau appeler sur sa plateforme Truth Social \u00e0 la d\u00e9mission du patron de la Fed, Jerome Powell, en d\u00e9clarant vantard :\u00a0\u00ab Trop Tard Powell \u00bb.\u00a0Il en a aussi profit\u00e9 pour\u00a0appeler les autres responsables de la Fed \u00e0 \u00ab PRENDRE LE CONTR\u00d4LE \u00bb si Jerome Powell \u00ab CONTINUE A REFUSER \u00bb de baisser les taux.<\/p>\n<p>Le pr\u00e9sident r\u00e9publicain lui r\u00e9clame en effet depuis plusieurs mois de baisser les taux directeurs, dont les niveaux actuels p\u00e9nalisent l&rsquo;\u00e9conomie am\u00e9ricaine selon lui. Il aura d\u00e9sormais l&rsquo;opportunit\u00e9 de faire entrer plus t\u00f4t qu&rsquo;attendu une nouvelle t\u00eate au sein du FOMC, qui aura un droit de vote sur douze. Son candidat devra voir sa nomination confirm\u00e9e par le S\u00e9nat, o\u00f9 son parti est majoritaire.<\/p>\n<p>Coup dur pour la Fed<\/p>\n<p>L&rsquo;annonce intervient \u00e0 une p\u00e9riode compliqu\u00e9e pour la Fed, dont le pr\u00e9sident Jerome Powell est continuellement mis sous pression par Donald Trump. L&rsquo;institution commence aussi \u00e0 conna\u00eetre des dissensions sur la politique mon\u00e9taire \u00e0 mener, alors que l&rsquo;\u00e9conomie est secou\u00e9e par l&rsquo;offensive protectionniste de l&rsquo;ex\u00e9cutif am\u00e9ricain.<\/p>\n<p>La derni\u00e8re r\u00e9union mon\u00e9taire de la Fed, qui s&rsquo;est donc tenue en l&rsquo;absence de Mme Kugler, s&rsquo;est conclue par un maintien des taux \u00e0 leur niveau actuel ainsi que par la rare dissension de deux gouverneurs, Michelle Bowman et Christopher Waller.<\/p>\n<p>Dans sa lettre \u00e0 Donald Trump, Adriana Kugler a conclu en remerciant Jerome Powell \u00ab pour son engagement ind\u00e9fectible \u00e0 l&rsquo;\u00e9gard de la R\u00e9serve f\u00e9d\u00e9rale et du peuple am\u00e9ricain \u00bb. Jerome Powell est cens\u00e9 pr\u00e9sider la Fed jusqu&rsquo;en mai 2026. Il peut en th\u00e9orie y rester ensuite comme simple gouverneur jusqu&rsquo;en janvier 2028.<\/p>\n<p>Une nouvelle fois cette semaine, son pr\u00e9sident\u00a0a d\u00e9fendu l&rsquo;ind\u00e9pendance de l&rsquo;institution, au nom de l&rsquo;\u00ab int\u00e9r\u00eat g\u00e9n\u00e9ral \u00bb et pour \u00e9viter que des responsables politiques \u00ab agissent sur les taux \u00e0 des fins \u00e9lectorales par exemple \u00bb.\u00a0Une remarque\u00a0directement destin\u00e9e \u00e0 Donald Trump qui essaie d&rsquo;acc\u00e9l\u00e9rer son d\u00e9part, dans l&rsquo;espoir de placer au FOMC une personne partageant ses vues.<\/p>\n","protected":false},"excerpt":{"rendered":"La chance lui sourit. Le pr\u00e9sident am\u00e9ricain Donald Trump a l&rsquo;occasion de faire entrer une nouvelle personne au&hellip;\n","protected":false},"author":2,"featured_media":291629,"comment_status":"","ping_status":"","sticky":false,"template":"","format":"standard","meta":{"footnotes":""},"categories":[6],"tags":[17,35,6874,13189,33,34,21,7512,1011,27,151,3583,10540],"class_list":{"0":"post-291628","1":"post","2":"type-post","3":"status-publish","4":"format-standard","5":"has-post-thumbnail","7":"category-economie","8":"tag-17","9":"tag-business","10":"tag-cadeau","11":"tag-demission","12":"tag-economie","13":"tag-economy","14":"tag-fait","15":"tag-fed","16":"tag-fr","17":"tag-france","18":"tag-les","19":"tag-qui","20":"tag-surprise"},"share_on_mastodon":{"url":"https:\/\/pubeurope.com\/@fr\/114959871222461315","error":""},"_links":{"self":[{"href":"https:\/\/www.europesays.com\/fr\/wp-json\/wp\/v2\/posts\/291628","targetHints":{"allow":["GET"]}}],"collection":[{"href":"https:\/\/www.europesays.com\/fr\/wp-json\/wp\/v2\/posts"}],"about":[{"href":"https:\/\/www.europesays.com\/fr\/wp-json\/wp\/v2\/types\/post"}],"author":[{"embeddable":true,"href":"https:\/\/www.europesays.com\/fr\/wp-json\/wp\/v2\/users\/2"}],"replies":[{"embeddable":true,"href":"https:\/\/www.europesays.com\/fr\/wp-json\/wp\/v2\/comments?post=291628"}],"version-history":[{"count":0,"href":"https:\/\/www.europesays.com\/fr\/wp-json\/wp\/v2\/posts\/291628\/revisions"}],"wp:featuredmedia":[{"embeddable":true,"href":"https:\/\/www.europesays.com\/fr\/wp-json\/wp\/v2\/media\/291629"}],"wp:attachment":[{"href":"https:\/\/www.europesays.com\/fr\/wp-json\/wp\/v2\/media?parent=291628"}],"wp:term":[{"taxonomy":"category","embeddable":true,"href":"https:\/\/www.europesays.com\/fr\/wp-json\/wp\/v2\/categories?post=291628"},{"taxonomy":"post_tag","embeddable":true,"href":"https:\/\/www.europesays.com\/fr\/wp-json\/wp\/v2\/tags?post=291628"}],"curies":[{"name":"wp","href":"https:\/\/api.w.org\/{rel}","templated":true}]}}