{"id":29163,"date":"2025-04-16T11:58:29","date_gmt":"2025-04-16T11:58:29","guid":{"rendered":"https:\/\/www.europesays.com\/fr\/29163\/"},"modified":"2025-04-16T11:58:29","modified_gmt":"2025-04-16T11:58:29","slug":"un-jeune-de-23-ans-victime-de-trois-coups-de-couteau-apres-avoir-defendu-une-amie","status":"publish","type":"post","link":"https:\/\/www.europesays.com\/fr\/29163\/","title":{"rendered":"un jeune de 23 ans victime de trois coups de couteau apr\u00e8s avoir d\u00e9fendu une amie"},"content":{"rendered":"<p>            Par<br \/>\n        <strong><br \/>\n            <a href=\"https:\/\/actu.fr\/auteur\/thomas-bernard\" title=\"Consulter tous les articles de Thomas Bernard\" target=\"_blank\" rel=\"noopener\">Thomas Bernard<\/a><br \/>\n        <\/strong><\/p>\n<p>        Publi\u00e9 le<\/p>\n<p>            14 avr. 2025 \u00e0 13h56        <\/p>\n<p>La sc\u00e8ne s\u2019est d\u00e9roul\u00e9e peu apr\u00e8s 1\u2009h du matin, ce samedi 12\u00a0avril 2025. Un groupe de jeunes se trouve pr\u00e8s du Speed 44, un restaurant Kebab, situ\u00e9 rue Paul Bellamy \u00e0 Nantes.<\/p>\n<p class=\" wall-content\">\u00c0 ce moment-l\u00e0, un homme s\u2019approche pour <strong>\u00ab\u2009faire des avances\u2009\u00bb<\/strong> \u00e0 une jeune fille du groupe. Un jeune de 23\u00a0ans interrompt l\u2019individu demandant de \u00ab\u2009laisser son amie tranquille\u2009\u00bb.<\/p>\n<p class=\" wall-content\">L\u2019homme ass\u00e8ne<strong> trois coups de couteau<\/strong> au niveau du ventre du jeune de 23\u00a0ans. Un autre ami du groupe s\u2019interpose, celui-ci est <strong>bless\u00e9 d\u2019une plaie \u00e0 la main<\/strong>. L\u2019auteur pr\u00e9sum\u00e9 des coups de couteau prend la fuite.<\/p>\n<p>    <a href=\"https:\/\/www.google.com\/maps\/embed?pb=!1m14!1m12!1m3!1d258.01168767712187!2d-1.5555041561375658!3d47.2208029029478!2m3!1f0!2f0!3f0!3m2!1i1024!2i768!4f13.1!5e1!3m2!1sfr!2sfr!4v1744627638125!5m2!1sfr!2sfr\" title=\"Ouvrie le lien\" target=\"_blank\" rel=\"noopener\">Cliquez ici pour visualiser le contenu<\/a><\/p>\n<p>Deux personnes hospitalis\u00e9es<\/p>\n<p class=\" wall-content\">Selon nos confr\u00e8res d\u2019<a href=\"https:\/\/www.ouest-france.fr\/faits-divers\/violences\/deux-personnes-blessees-par-des-coups-de-couteau-dans-la-nuit-a-nantes-5f38386c-177e-11f0-a8b3-a2145a0def9b\" target=\"_blank\" rel=\"noopener\">Ouest-France<\/a> et de <a href=\"https:\/\/www.ouest-france.fr\/faits-divers\/agression\/il-a-perdu-beaucoup-de-sang-a-nantes-un-homme-de-23-ans-poignarde-dans-le-ventre-fd32a4a4-177d-11f0-a8b3-a2145a0def9b\" target=\"_blank\" rel=\"noopener\">Presse Oc\u00e9an<\/a>, la victime de 23\u00a0ans a \u00e9t\u00e9 transport\u00e9e au CHU de Nantes avec \u00ab\u2009une plaie au foie\u2009\u00bb et du \u00ab\u2009sang dans les poumons\u2009\u00bb.<\/p>\n<p>Vid\u00e9os : en ce moment sur Actu<\/p>\n<p class=\" wall-content\">\u00ab\u2009Son pronostic vital n\u2019\u00e9tait pas engag\u00e9\u2009\u00bb, nous confie ce lundi une source proche du dossier.<\/p>\n<p class=\" wall-content\">Moins gravement bless\u00e9e, la seconde victime a \u00e9t\u00e9 hospitalis\u00e9e \u00e0 la clinique de la main, \u00e0 Saint-Herblain.<\/p>\n<p>Un homme interpell\u00e9<\/p>\n<p class=\" wall-content\">L\u2019auteur pr\u00e9sum\u00e9 des coups de couteau <strong>a \u00e9t\u00e9 interpell\u00e9<\/strong>, dans la soir\u00e9e du 12\u00a0avril 2025. \u00ab\u2009Le couteau n\u2019a pas \u00e9t\u00e9 retrouv\u00e9\u2009\u00bb, confie une source polici\u00e8re.<\/p>\n<p class=\" wall-content\">Identifi\u00e9 via \u00ab\u2009la t\u00e9l\u00e9phonie\u2009\u00bb, l\u2019homme de 30\u00a0ans a \u00e9t\u00e9 d\u00e9f\u00e9r\u00e9 devant le tribunal ce lundi 14\u00a0avril.<\/p>\n<p class=\" wall-content\">Suivez toute l\u2019actualit\u00e9 de vos villes et m\u00e9dias favoris en vous inscrivant \u00e0 <a href=\"https:\/\/moncompte.actu.fr\" title=\"D\u00e9couvez Mon Actu\" rel=\"nofollow noopener\" data-trk=\"{&quot;cta&quot;:{&quot;action&quot;:&quot;https:\\\/\\\/moncompte.actu.fr&quot;,&quot;category&quot;:&quot;mon compte&quot;,&quot;from&quot;:&quot;article footer&quot;,&quot;name&quot;:&quot;Mon actu&quot;,&quot;type&quot;:&quot;cta&quot;}}\" target=\"_blank\">Mon Actu<\/a>.<\/p>\n","protected":false},"excerpt":{"rendered":"Par Thomas Bernard Publi\u00e9 le 14 avr. 2025 \u00e0 13h56 La sc\u00e8ne s\u2019est d\u00e9roul\u00e9e peu apr\u00e8s 1\u2009h du&hellip;\n","protected":false},"author":2,"featured_media":29164,"comment_status":"","ping_status":"","sticky":false,"template":"","format":"standard","meta":{"footnotes":""},"categories":[2818],"tags":[1111,11,1777,674,118,1011,27,766,12,2636,1072,1311,25,10206],"class_list":{"0":"post-29163","1":"post","2":"type-post","3":"status-publish","4":"format-standard","5":"has-post-thumbnail","7":"category-nantes","8":"tag-actu","9":"tag-actualites","10":"tag-eu","11":"tag-europe","12":"tag-faits-divers","13":"tag-fr","14":"tag-france","15":"tag-nantes","16":"tag-news","17":"tag-pays-de-la-loire","18":"tag-police","19":"tag-pompiers","20":"tag-republique-francaise","21":"tag-tribunal-de-nantes"},"share_on_mastodon":{"url":"https:\/\/pubeurope.com\/@fr\/114347527700719728","error":""},"_links":{"self":[{"href":"https:\/\/www.europesays.com\/fr\/wp-json\/wp\/v2\/posts\/29163","targetHints":{"allow":["GET"]}}],"collection":[{"href":"https:\/\/www.europesays.com\/fr\/wp-json\/wp\/v2\/posts"}],"about":[{"href":"https:\/\/www.europesays.com\/fr\/wp-json\/wp\/v2\/types\/post"}],"author":[{"embeddable":true,"href":"https:\/\/www.europesays.com\/fr\/wp-json\/wp\/v2\/users\/2"}],"replies":[{"embeddable":true,"href":"https:\/\/www.europesays.com\/fr\/wp-json\/wp\/v2\/comments?post=29163"}],"version-history":[{"count":0,"href":"https:\/\/www.europesays.com\/fr\/wp-json\/wp\/v2\/posts\/29163\/revisions"}],"wp:featuredmedia":[{"embeddable":true,"href":"https:\/\/www.europesays.com\/fr\/wp-json\/wp\/v2\/media\/29164"}],"wp:attachment":[{"href":"https:\/\/www.europesays.com\/fr\/wp-json\/wp\/v2\/media?parent=29163"}],"wp:term":[{"taxonomy":"category","embeddable":true,"href":"https:\/\/www.europesays.com\/fr\/wp-json\/wp\/v2\/categories?post=29163"},{"taxonomy":"post_tag","embeddable":true,"href":"https:\/\/www.europesays.com\/fr\/wp-json\/wp\/v2\/tags?post=29163"}],"curies":[{"name":"wp","href":"https:\/\/api.w.org\/{rel}","templated":true}]}}