{"id":291630,"date":"2025-08-02T15:26:12","date_gmt":"2025-08-02T15:26:12","guid":{"rendered":"https:\/\/www.europesays.com\/fr\/291630\/"},"modified":"2025-08-02T15:26:12","modified_gmt":"2025-08-02T15:26:12","slug":"en-direct-russie-trois-morts-dans-des-frappes-de-drones-ukrainiennes-selon-moscou","status":"publish","type":"post","link":"https:\/\/www.europesays.com\/fr\/291630\/","title":{"rendered":"EN DIRECT &#8211; Russie : trois morts dans des frappes de drones ukrainiennes, selon Moscou"},"content":{"rendered":"<ul class=\"jsx-862013697 ArticleChapo__List\">\n<li class=\"jsx-862013697 ArticleChapo__List_Item flex\">Donald Trump a \u00ab\u00a0ordonn\u00e9\u00a0\u00bb vendredi le d\u00e9ploiement de \u00ab\u00a0deux sous-marins nucl\u00e9aires\u00a0\u00bb en r\u00e9ponse \u00e0 des commentaires \u00ab\u00a0provocateurs\u00a0\u00bb venant de Russie.<\/li>\n<li class=\"jsx-862013697 ArticleChapo__List_Item flex\">Dans le m\u00eame temps, Moscou poursuit ses bombardements sur l&rsquo;Ukraine et Kiev frappe la Russie avec ses drones.<\/li>\n<li class=\"jsx-862013697 ArticleChapo__List_Item flex\">Suivez les derni\u00e8res informations.<\/li>\n<\/ul>\n<p>Minute par minute\u00a0\u00bbUNE D\u00c9MONSTRATION DE FORCE AVEC UN SIGNAL POLITIQUE\u00a0\u00bb16:23<\/p>\n<p>Le pr\u00e9sident am\u00e9ricain a ordonn\u00e9 vendredi l&rsquo;envoi de \u00ab\u00a0deux sous-marins nucl\u00e9aires\u00a0\u00bb dans des \u00ab\u00a0zones appropri\u00e9es\u00a0\u00bb en r\u00e9action aux commentaires \u00ab\u00a0provocateurs\u00a0\u00bb de l&rsquo;ancien pr\u00e9sident russe Dmitri Medvedev. Que cherche Donald Trump avec cette escalade ? TF1info a interrog\u00e9 un sp\u00e9cialiste de la s\u00e9curit\u00e9 internationale.<\/p>\n<p>International<\/p>\n<p>INTERVIEW<\/p>\n<p><img decoding=\"async\" src=\"https:\/\/www.europesays.com\/fr\/wp-content\/uploads\/2025\/08\/donald-trump-bureau-ovale-14-juillet-2025-d33636-0@1x.jpeg\" alt=\"Donald Trump lors d'une rencontre avec le secr\u00e9taire g\u00e9n\u00e9ral de l'Otan Mark Rutte \u00e0 la Maison Blanche le 14 juillet 2025.\" loading=\"lazy\" importance=\"low\" fetchpriority=\"low\" class=\"\" aria-hidden=\"true\"\/>Publi\u00e9 aujourd&rsquo;hui \u00e0 14h44TRUMP MET LA PRESSION SUR LA RUSSIE16:21<\/p>\n<p>Conciliant envers Vladimir Poutine apr\u00e8s son retour \u00e0 la Maison Blanche, le milliardaire r\u00e9publicain a menac\u00e9 ces derniers jours d&rsquo;imposer de nouvelles sanctions contre la Russie, qui ignore ses ultimatums et intensifie ses bombardements sur l&rsquo;Ukraine. Mais ce sont des commentaires \u00ab\u00a0incendiaires\u00a0\u00bb de l&rsquo;ancien pr\u00e9sident russe, Dmitri Medvedev, qui ont provoqu\u00e9 la col\u00e8re du pr\u00e9sident am\u00e9ricain.\u00a0<\/p>\n<p>DMITRI MEDVEDEV16:15<\/p>\n<p>Le pr\u00e9sident am\u00e9ricain a annonc\u00e9 le d\u00e9ploiement de \u00ab\u00a0deux sous-marins nucl\u00e9aires\u00a0\u00bb, apr\u00e8s des propos de l&rsquo;ex-pr\u00e9sident russe Dmitri Medvedev. Ce dernier avait \u00e9crit que chaque ultimatum fix\u00e9 par Donald Trump pour mettre fin au conflit en Ukraine \u00ab\u00a0\u00e9tait une menace et un pas vers la guerre\u00a0\u00bb.<\/p>\n<p>International<img decoding=\"async\" src=\"https:\/\/www.europesays.com\/fr\/wp-content\/uploads\/2025\/08\/dmitri-medvedev-1b153c-0@1x.jpeg\" alt=\"L'ancien pr\u00e9sident de la f\u00e9d\u00e9ration de Russie (2008-2012), Dmitri Medvedev, le 27 janvier 2022.\" loading=\"lazy\" importance=\"low\" fetchpriority=\"low\" class=\"\" aria-hidden=\"true\"\/>Publi\u00e9 aujourd&rsquo;hui \u00e0 11h15TROIS MORTS DANS DES FRAPPES DE DRONES UKRAINIENNES07:21<\/p>\n<p>Trois personnes ont \u00e9t\u00e9 tu\u00e9es en Russie lors de frappes de drones ukrainiennes durant la nuit de vendredi \u00e0 samedi dans les r\u00e9gions de Rostov et Penza (sud) ainsi que dans celle de Samara, \u00e9loign\u00e9e du front, ont indiqu\u00e9 les autorit\u00e9s locales.<\/p>\n<p>L&rsquo;arm\u00e9e russe a annonc\u00e9 de son c\u00f4t\u00e9 avoir intercept\u00e9 au total 112 drones tir\u00e9s par l&rsquo;Ukraine pendant la nuit.<\/p>\n<p>DONALD TRUMP06:48<\/p>\n<p>Donald Trump a ordonn\u00e9 vendredi le d\u00e9ploiement de deux sous-marins nucl\u00e9aires en r\u00e9action \u00e0 des commentaires \u00ab\u00a0incendiaires\u00a0\u00bb de l&rsquo;ancien pr\u00e9sident russe Dmitri Medvedev. Sur son r\u00e9seau Truth Social, Donald Trump a \u00e9crit avoir \u00ab\u00a0ordonn\u00e9 que deux sous-marins nucl\u00e9aires soient positionn\u00e9s dans les zones appropri\u00e9es, au cas o\u00f9 ces d\u00e9clarations idiotes et incendiaires soient plus s\u00e9rieuses que cela\u00a0\u00bb. \u00ab\u00a0Les mots comptent et peuvent souvent avoir des cons\u00e9quences impr\u00e9vues, j&rsquo;esp\u00e8re que cela ne sera pas le cas cette fois\u00a0\u00bb, a averti le pr\u00e9sident am\u00e9ricain.<\/p>\n<p>Il n&rsquo;a pas pr\u00e9cis\u00e9 o\u00f9 exactement les sous-marins seraient envoy\u00e9s, ni s&rsquo;il s&rsquo;agissait de submersibles \u00e0 propulsion nucl\u00e9aire ou porteurs d&rsquo;ogives atomiques. Interrog\u00e9 peu apr\u00e8s sa d\u00e9cision par un pr\u00e9sentateur de la cha\u00eene Newsmax pour savoir si ces sous-marins \u00e9taient \u00ab\u00a0plus proches de la Russie\u00a0\u00bb, Donald Trump a simplement r\u00e9pondu avec un petit rire : \u00ab\u00a0Oui, ils sont plus proches de la Russie.\u00a0\u00bb<\/p>\n<p>BIENVENUE06:46<\/p>\n<p>Bonjour et bienvenue sur ce live consacr\u00e9 \u00e0 l&rsquo;actualit\u00e9 de la guerre en Ukraine. Retrouvez ici toutes les derni\u00e8res informations sur le conflit.<\/p>\n<p data-module=\"article-paragraph\" class=\"jsx-3046738180 Paragraph Paragraph__End\">Jusqu&rsquo;o\u00f9 iront-ils ? Vendredi 1er ao\u00fbt, le pr\u00e9sident am\u00e9ricain Donald Trump a annonc\u00e9, sur son r\u00e9seau Truth Social, <a href=\"https:\/\/www.tf1info.fr\/international\/russie-donald-trump-deploie-2-sous-marins-nucleaires-face-a-des-commentaires-provocateurs-de-moscou-2386559.html\" target=\"_blank\" rel=\"noopener\">avoir \u00ab\u00a0ordonn\u00e9\u00a0\u00bb le d\u00e9ploiement de \u00ab\u00a0deux sous-marins nucl\u00e9aires\u00a0\u00bb<\/a> dans des \u00ab\u00a0zones appropri\u00e9es\u00a0\u00bb apr\u00e8s des commentaires \u00ab\u00a0provocateurs\u00a0\u00bb et \u00ab\u00a0incendiaires\u00a0\u00bb de l&rsquo;ancien pr\u00e9sident russe Dimitri Medvedev. Il n&rsquo;a toutefois pas pr\u00e9cis\u00e9 o\u00f9 exactement les sous-marins seraient envoy\u00e9s ni \u00e0 quels propos de l&rsquo;ancien dirigeant (2008-2012) il faisait r\u00e9f\u00e9rence.<\/p>\n<p data-module=\"article-paragraph\" class=\"jsx-3046738180 Paragraph\">Ces derniers jours, Donald Trump a hauss\u00e9 le ton face \u00e0 la Russie et menace d&rsquo;imposer de dures sanctions \u00e9conomiques contre Moscou si le pr\u00e9sident Poutine ne cesse pas les hostilit\u00e9s en Ukraine d&rsquo;ici \u00e0 la fin de semaine prochaine. Il envisage des sanctions dites \u00ab\u00a0secondaires\u00a0\u00bb, c&rsquo;est-\u00e0-dire inflig\u00e9es aux pays qui ach\u00e8tent notamment du p\u00e9trole russe, dans le but de tarir cette source de revenus essentiels pour la machine de guerre russe.\u00a0<\/p>\n<p data-module=\"article-paragraph\" class=\"jsx-3046738180 Paragraph Paragraph__End\">Le r\u00e9publicain de 79 ans avait op\u00e9r\u00e9 peu apr\u00e8s son retour au pouvoir en janvier un rapprochement spectaculaire avec Vladimir Poutine, persuad\u00e9 que sa bonne relation avec le dirigeant russe lui permettrait d&rsquo;arr\u00eater rapidement la guerre en Ukraine. Cette promesse a fait long feu et laiss\u00e9 place chez Donald Trump \u00e0 une frustration croissante envers le ma\u00eetre du Kremlin.<\/p>\n<p><a href=\"https:\/\/www.tf1info.fr\/international\/direct-guerre-ukraine-russie-kiev-va-corriger-la-loi-anticorruption-critiquee-volodymyr-zelensky-vladimir-poutine-donald-trump-utlimatum-bmbardements-russes-les-dernieres-informations-aujourd-hui-jeudi-31-juillet-2025-2386163.html\" rel=\"noopener\" class=\"jsx-3308031228 Link flex\" target=\"_blank\"><img decoding=\"async\" src=\"https:\/\/www.europesays.com\/fr\/wp-content\/uploads\/2025\/08\/donald-trump-maison-blanche-31-jullet-2025-c480de-1@1x.jpeg\" alt=\"Jim WATSON \/ AFP\" loading=\"lazy\" importance=\"low\" fetchpriority=\"low\" class=\"\" aria-hidden=\"true\"\/><\/p>\n<p class=\"jsx-3657663356 ReadMoreArticle__Title\">Lire aussi<\/p>\n<p class=\"jsx-3657663356\">Guerre en Ukraine : Donald Trump juge \u00ab\u00a0\u00e9c\u0153urante\u00a0\u00bb la derni\u00e8re vague de frappes russes<\/p>\n<p><\/a><\/p>\n<p data-module=\"article-paragraph\" class=\"jsx-3046738180 Paragraph\">Simultan\u00e9ment, l&rsquo;AFP a analys\u00e9 vendredi que les forces arm\u00e9es russes n&rsquo;avaient jamais lanc\u00e9 autant de drones contre l&rsquo;Ukraine qu&rsquo;en juillet. Cette analyse, fond\u00e9e sur des chiffres fournis par Kiev, r\u00e9v\u00e8le que Moscou a tir\u00e9 6.297 drones \u00e0 longue port\u00e9e contre l&rsquo;Ukraine le mois dernier, un chiffre en augmentation pour le troisi\u00e8me mois cons\u00e9cutif et en hausse de 16% par rapport \u00e0 juin. Cela comprend une importante part de drones leurres, surtout destin\u00e9s \u00e0 saturer des syst\u00e8mes de d\u00e9fense antia\u00e9rienne ukrainiens d\u00e9j\u00e0 mis \u00e0 mal par l&rsquo;intensit\u00e9 des attaques.<\/p>\n<p data-module=\"article-paragraph\" class=\"jsx-3046738180 Paragraph Paragraph__End\">Entre janvier et juin, la Russie a tripl\u00e9 le nombre de missiles envoy\u00e9s sur l&rsquo;Ukraine (77 contre 239, puis 198 en juillet), selon les donn\u00e9es analys\u00e9es par l&rsquo;AFP. \u00a0Ces attaques a\u00e9riennes ont lieu toutes les nuits, poussant les habitants \u00e0 se r\u00e9fugier dans un abri, dans leur salle de bain ou dans les couloirs d&rsquo;un m\u00e9tro, sous le vacarme des sir\u00e8nes d&rsquo;alerte. Dans la nuit de mercredi \u00e0 jeudi, une attaque sur Kiev a tu\u00e9 31 civils selon un nouveau bilan communiqu\u00e9 vendredi par les autorit\u00e9s, l&rsquo;une des pires de ce type contre la capitale en plus de trois ans de guerre.<\/p>\n<p>La r\u00e9daction de TF1info<\/p>\n","protected":false},"excerpt":{"rendered":"Donald Trump a \u00ab\u00a0ordonn\u00e9\u00a0\u00bb vendredi le d\u00e9ploiement de \u00ab\u00a0deux sous-marins nucl\u00e9aires\u00a0\u00bb en r\u00e9ponse \u00e0 des commentaires \u00ab\u00a0provocateurs\u00a0\u00bb venant&hellip;\n","protected":false},"author":2,"featured_media":291631,"comment_status":"","ping_status":"","sticky":false,"template":"","format":"standard","meta":{"footnotes":""},"categories":[5],"tags":[1111,11,1921,5925,39407,75,73,1011,27,1922,14,12,2543,132,220,133,1920,135,28],"class_list":{"0":"post-291630","1":"post","2":"type-post","3":"status-publish","4":"format-standard","5":"has-post-thumbnail","7":"category-international","8":"tag-actu","9":"tag-actualites","10":"tag-article-video","11":"tag-conflits-et-guerre","12":"tag-dmitri-medvedev","13":"tag-donald-trump","14":"tag-etats-unis","15":"tag-fr","16":"tag-france","17":"tag-info","18":"tag-international","19":"tag-news","20":"tag-relations-internationales","21":"tag-russie","22":"tag-ukraine","23":"tag-video","24":"tag-video-international","25":"tag-vladimir-poutine","26":"tag-world"},"share_on_mastodon":{"url":"https:\/\/pubeurope.com\/@fr\/114959875568121459","error":""},"_links":{"self":[{"href":"https:\/\/www.europesays.com\/fr\/wp-json\/wp\/v2\/posts\/291630","targetHints":{"allow":["GET"]}}],"collection":[{"href":"https:\/\/www.europesays.com\/fr\/wp-json\/wp\/v2\/posts"}],"about":[{"href":"https:\/\/www.europesays.com\/fr\/wp-json\/wp\/v2\/types\/post"}],"author":[{"embeddable":true,"href":"https:\/\/www.europesays.com\/fr\/wp-json\/wp\/v2\/users\/2"}],"replies":[{"embeddable":true,"href":"https:\/\/www.europesays.com\/fr\/wp-json\/wp\/v2\/comments?post=291630"}],"version-history":[{"count":0,"href":"https:\/\/www.europesays.com\/fr\/wp-json\/wp\/v2\/posts\/291630\/revisions"}],"wp:featuredmedia":[{"embeddable":true,"href":"https:\/\/www.europesays.com\/fr\/wp-json\/wp\/v2\/media\/291631"}],"wp:attachment":[{"href":"https:\/\/www.europesays.com\/fr\/wp-json\/wp\/v2\/media?parent=291630"}],"wp:term":[{"taxonomy":"category","embeddable":true,"href":"https:\/\/www.europesays.com\/fr\/wp-json\/wp\/v2\/categories?post=291630"},{"taxonomy":"post_tag","embeddable":true,"href":"https:\/\/www.europesays.com\/fr\/wp-json\/wp\/v2\/tags?post=291630"}],"curies":[{"name":"wp","href":"https:\/\/api.w.org\/{rel}","templated":true}]}}