{"id":291632,"date":"2025-08-02T15:27:11","date_gmt":"2025-08-02T15:27:11","guid":{"rendered":"https:\/\/www.europesays.com\/fr\/291632\/"},"modified":"2025-08-02T15:27:11","modified_gmt":"2025-08-02T15:27:11","slug":"vague-de-chaleur-risques-de-canicule-et-tempete-floris-la-meteo-chargee-du-debut-mois-daout-se-profile-liberation","status":"publish","type":"post","link":"https:\/\/www.europesays.com\/fr\/291632\/","title":{"rendered":"Vague de chaleur, risques de canicule et temp\u00eate \u00abFloris\u00bb\u2026 La m\u00e9t\u00e9o charg\u00e9e du d\u00e9but mois d\u2019ao\u00fbt se profile \u2013 Lib\u00e9ration"},"content":{"rendered":"<p class=\"sc-ksZaOG ehjQrN text-element\">Juillet a \u00e9t\u00e9 caniculaire au d\u00e9but, puis frais. Comme une impression de mois coup\u00e9 en deux. Le mois d\u2019ao\u00fbt va-t-il commencer sur les m\u00eames bases ? L\u2019\u00e9t\u00e9 n\u2019est pas termin\u00e9, au contraire. Vague de chaleur, risque de canicule, pouss\u00e9e chaude et m\u00eame une temp\u00eate\u2026 Le programme ao\u00fbtien est charg\u00e9. Lib\u00e9 fait le point.<\/p>\n<p class=\"sc-ksZaOG ehjQrN text-element\">Bref mais intense. Identifi\u00e9 par les analystes de M\u00e9t\u00e9o France, ce nouvel \u00e9pisode de chaleur est attendu d\u00e8s le d\u00e9but de la semaine prochaine et trouve naissance dans la p\u00e9ninsule ib\u00e9rique. L\u2019Espagne devrait prendre des allures de cocotte-minute avec une accumulation d\u2019air tr\u00e8s chaud et la formation d\u2019<a href=\"https:\/\/www.liberation.fr\/environnement\/climat\/canicule-en-france-comment-se-forme-un-dome-de-chaleur-20250628_BRGEMTHU4ZGF7EILWK75B7TYTQ\/\" target=\"_blank\" rel=\"nofollow noopener\" title=\"https:\/\/www.liberation.fr\/environnement\/climat\/canicule-en-france-comment-se-forme-un-dome-de-chaleur-20250628_BRGEMTHU4ZGF7EILWK75B7TYTQ\/\">un v\u00e9ritable d\u00f4me de chaleur sur le pays<\/a>. Soleil de plomb et air tr\u00e8s sec au menu pour nos voisins espagnols. En Andalousie, les temp\u00e9ratures devraient d\u00e9passer les 42 degr\u00e9s. Pire du c\u00f4t\u00e9 de <a href=\"https:\/\/www.liberation.fr\/culture\/livres\/al-andalus-il-etait-trois-fois-en-andalousie-20220707_FGEQ77FLN5DIXCJRKQEHFDFBS4\/\" target=\"_blank\" rel=\"nofollow noopener\" title=\"https:\/\/www.liberation.fr\/culture\/livres\/al-andalus-il-etait-trois-fois-en-andalousie-20220707_FGEQ77FLN5DIXCJRKQEHFDFBS4\/\">Cordoue<\/a> et <a href=\"https:\/\/www.liberation.fr\/idees-et-debats\/tribunes\/le-sommet-de-seville-doit-changer-le-systeme-economique-mondial-20250702_J2M2L3KMY5GXXBSUNM6KJQXDEI\/\" target=\"_blank\" rel=\"nofollow noopener\" title=\"https:\/\/www.liberation.fr\/idees-et-debats\/tribunes\/le-sommet-de-seville-doit-changer-le-systeme-economique-mondial-20250702_J2M2L3KMY5GXXBSUNM6KJQXDEI\/\">S\u00e9ville<\/a> avec 45 degr\u00e9s.<\/p>\n<p class=\"sc-ksZaOG ehjQrN text-element\">En France, la<a href=\"https:\/\/www.liberation.fr\/environnement\/climat\/premiere-vague-de-chaleur-de-2025-louest-de-la-france-en-alerte-orange-20250620_TOFVRMGJ3BCWFCK2ELNA2ZODII\/?redirected=1\" target=\"_blank\" rel=\"nofollow noopener\" title=\"https:\/\/www.liberation.fr\/environnement\/climat\/premiere-vague-de-chaleur-de-2025-louest-de-la-france-en-alerte-orange-20250620_TOFVRMGJ3BCWFCK2ELNA2ZODII\/?redirected=1\"> vague de chaleur<\/a> est attendue pour jeudi et sera tr\u00e8s intense dans le Sud-Ouest. Le <a href=\"https:\/\/www.liberation.fr\/environnement\/climat\/alerte-rouge-et-nuits-tropicales-la-france-va-suffoquer-a-partir-de-ce-week-end-20250627_4SIOXMNEHJDOBEW7IVR54ZOWTA\/\" target=\"_blank\" rel=\"nofollow noopener\" title=\"https:\/\/www.liberation.fr\/environnement\/climat\/alerte-rouge-et-nuits-tropicales-la-france-va-suffoquer-a-partir-de-ce-week-end-20250627_4SIOXMNEHJDOBEW7IVR54ZOWTA\/\">ph\u00e9nom\u00e8ne <\/a>pourrait s\u2019amplifier une fois arriv\u00e9 sur le territoire fran\u00e7ais et prendre un caract\u00e8re caniculaire une fois la semaine entam\u00e9e, principalement en Occitanie, le quart sud-ouest, une partie du Centre-Val de Loire et enfin les Hauts-de-France en fin de semaine.<\/p>\n<p class=\"sc-ksZaOG ehjQrN text-element\">Entre le bassin aquitain et le Midi toulousain, les temp\u00e9ratures devraient taquiner les 40 degr\u00e9s par endroits. Si la chaleur persiste durant la nuit, avec un thermom\u00e8tre affichant au moins 21 degr\u00e9s, le seuil de canicule pourrait \u00eatre atteint dans certains d\u00e9partements. De quoi faire tomber des records selon les analystes m\u00e9t\u00e9o.<\/p>\n<p class=\"sc-ksZaOG ehjQrN text-element\"><a href=\"https:\/\/www.liberation.fr\/societe\/en-ile-de-france-cette-chaleur-je-nai-jamais-vu-ca-en-france-cest-comme-en-algerie-20250702_LCGWOR6CWJBMZIFF2F7MTTOQWM\/\" target=\"_blank\" rel=\"nofollow noopener\" title=\"https:\/\/www.liberation.fr\/societe\/en-ile-de-france-cette-chaleur-je-nai-jamais-vu-ca-en-france-cest-comme-en-algerie-20250702_LCGWOR6CWJBMZIFF2F7MTTOQWM\/\">Jusqu\u2019en r\u00e9gion parisienne<\/a> ou dans le Val de Loire, la barre des 30 degr\u00e9s va tr\u00e8s possiblement \u00eatre franchie.<\/p>\n<p class=\"sc-ksZaOG ehjQrN text-element\">Des temp\u00e9ratures maximales qui pourraient d\u00e9passer les normales de saison de 8 \u00e0 10 \u00b0C. Selon la Cha\u00eene m\u00e9t\u00e9o, cette hausse des temp\u00e9ratures devrait \u00eatre particuli\u00e8rement accablante en zone urbaine, avec <a href=\"https:\/\/www.liberation.fr\/environnement\/climat\/ilots-de-chaleur-dans-les-grandes-villes-de-france-une-carte-des-risques-disponible-quartier-par-quartier-20250521_RGFEWOJGVBBOLM7D2GSXZWIA5A\/\" target=\"_blank\" rel=\"nofollow noopener\" title=\"https:\/\/www.liberation.fr\/environnement\/climat\/ilots-de-chaleur-dans-les-grandes-villes-de-france-une-carte-des-risques-disponible-quartier-par-quartier-20250521_RGFEWOJGVBBOLM7D2GSXZWIA5A\/\">une temp\u00e9rature bien plus \u00e9lev\u00e9e au c\u0153ur des villes<\/a> que dans les zones rurales environnantes. Pour mieux se pr\u00e9parer \u00e0 la surchauffe, le Centre d\u2019\u00e9tudes et d\u2019expertise sur les risques, l\u2019environnement, la mobilit\u00e9 et l\u2019am\u00e9nagement (Cerema) a publi\u00e9 en mai dernier <a href=\"https:\/\/cartagene.cerema.fr\/portal\/apps\/dashboards\/08066acd23974111be1584a5761fd6b9\" target=\"_blank\" rel=\"nofollow noopener\" title=\"https:\/\/cartagene.cerema.fr\/portal\/apps\/dashboards\/08066acd23974111be1584a5761fd6b9\">une carte interactive<\/a> pour mettre en \u00e9vidence ce ph\u00e9nom\u00e8ne d\u2019\u00eelot de chaleur urbain.<\/p>\n<p class=\"sc-ksZaOG ehjQrN text-element\">D\u00e9j\u00e0 touch\u00e9e en juin dernier par sa cinquanti\u00e8me vague de chaleur (depuis le d\u00e9but des relev\u00e9s en 1947), la France s\u2019appr\u00eate donc \u00e0<a href=\"https:\/\/www.liberation.fr\/environnement\/climat\/la-canicule-de-juin-rendue-25c-plus-chaude-par-le-changement-climatique-20250623_5EG33GOUJVGZZP4QC2ZXA625OM\/\" target=\"_blank\" rel=\"nofollow noopener\" title=\"https:\/\/www.liberation.fr\/environnement\/climat\/la-canicule-de-juin-rendue-25c-plus-chaude-par-le-changement-climatique-20250623_5EG33GOUJVGZZP4QC2ZXA625OM\/\"> vivre un autre \u00e9pisode bouillant dans l\u2019\u00e9t\u00e9<\/a>. Sera-t-il lui aussi encourag\u00e9 par le changement climatique ? Lundi 23 juin, l\u2019<a href=\"https:\/\/www.climameter.org\/20250620-22-western-european-heatwave\" target=\"_blank\" rel=\"nofollow noopener\" title=\"https:\/\/www.climameter.org\/20250620-22-western-european-heatwave\">\u00e9tude publi\u00e9e<\/a> sur le site du r\u00e9seau de scientifiques Climameter rappelait que les temp\u00e9ratures tr\u00e8s \u00e9lev\u00e9es de la fin juin \u00e0 l\u2019\u00e9chelle du continent ont bien \u00e9t\u00e9 \u00abexacerb\u00e9es par le changement climatique d\u2019origine humaine\u00bb. Quant \u00e0 la variabilit\u00e9 naturelle du climat, elle a \u00abprobablement jou\u00e9 un r\u00f4le mineur\u00bb dans cet \u00e9pisode.<\/p>\n<p class=\"sc-ksZaOG ehjQrN text-element\">Avant la fournaise, plusieurs d\u00e9partements fran\u00e7ais risquent de vivre un sacr\u00e9 tohu-bohu nomm\u00e9 Floris. Ph\u00e9nom\u00e8ne inhabituel pour la saison et baptis\u00e9e ainsi par le bureau m\u00e9t\u00e9orologique britannique, la temp\u00eate Floris va frapper principalement le Royaume-Uni entre lundi 4 et mardi 5 ao\u00fbt. L\u2019Irlande du Nord, le nord du Pays de Galles, le nord de l\u2019Angleterre et toute l\u2019\u00c9cosses seront balay\u00e9s par des rafales temp\u00e9tueuses allant jusqu\u2019\u00e0 130 km\/h.<\/p>\n<p class=\"sc-ksZaOG ehjQrN text-element\">En France, avant de ressortir le <a href=\"https:\/\/www.liberation.fr\/une-saison-a-la-montagne\/2018\/05\/23\/de-l-amour-du-pantacourt_1651886\/?redirected=1\" target=\"_blank\" rel=\"nofollow noopener\" title=\"https:\/\/www.liberation.fr\/une-saison-a-la-montagne\/2018\/05\/23\/de-l-amour-du-pantacourt_1651886\/?redirected=1\">pantacourt <\/a>et la <a href=\"https:\/\/www.liberation.fr\/lifestyle\/les-birkenstock-ne-sont-pas-des-oeuvres-dart-tranche-la-justice-allemande-lentreprise-crie-aux-sandales-20250220_2YLHS2JK5ZDJ5KR76H4B4X7GAA\/\" target=\"_blank\" rel=\"nofollow noopener\" title=\"https:\/\/www.liberation.fr\/lifestyle\/les-birkenstock-ne-sont-pas-des-oeuvres-dart-tranche-la-justice-allemande-lentreprise-crie-aux-sandales-20250220_2YLHS2JK5ZDJ5KR76H4B4X7GAA\/\">paire de sandales allemandes fatigu\u00e9e<\/a>, il faudra penser \u00e0 enfiler le k-way. Si l\u2019Hexagone doit \u00eatre en principe \u00e9pargn\u00e9 des coups de tabac, quelques reflux de Floris devraient bien toucher le littoral, dont les cotes du Cotentin et de la r\u00e9gion Hauts-de-France, avec des pr\u00e9visions de rafales \u00e9tablies \u00e0 90 km\/h et des pluies \u00e9parses.<\/p>\n","protected":false},"excerpt":{"rendered":"Juillet a \u00e9t\u00e9 caniculaire au d\u00e9but, puis frais. Comme une impression de mois coup\u00e9 en deux. Le mois&hellip;\n","protected":false},"author":2,"featured_media":291633,"comment_status":"","ping_status":"","sticky":false,"template":"","format":"standard","meta":{"footnotes":""},"categories":[4],"tags":[11,1011,27,12,5140,25,12817],"class_list":{"0":"post-291632","1":"post","2":"type-post","3":"status-publish","4":"format-standard","5":"has-post-thumbnail","7":"category-france","8":"tag-actualites","9":"tag-fr","10":"tag-france","11":"tag-news","12":"tag-rechauffement-climatique","13":"tag-republique-francaise","14":"tag-secheresse"},"share_on_mastodon":{"url":"https:\/\/pubeurope.com\/@fr\/114959878979728860","error":""},"_links":{"self":[{"href":"https:\/\/www.europesays.com\/fr\/wp-json\/wp\/v2\/posts\/291632","targetHints":{"allow":["GET"]}}],"collection":[{"href":"https:\/\/www.europesays.com\/fr\/wp-json\/wp\/v2\/posts"}],"about":[{"href":"https:\/\/www.europesays.com\/fr\/wp-json\/wp\/v2\/types\/post"}],"author":[{"embeddable":true,"href":"https:\/\/www.europesays.com\/fr\/wp-json\/wp\/v2\/users\/2"}],"replies":[{"embeddable":true,"href":"https:\/\/www.europesays.com\/fr\/wp-json\/wp\/v2\/comments?post=291632"}],"version-history":[{"count":0,"href":"https:\/\/www.europesays.com\/fr\/wp-json\/wp\/v2\/posts\/291632\/revisions"}],"wp:featuredmedia":[{"embeddable":true,"href":"https:\/\/www.europesays.com\/fr\/wp-json\/wp\/v2\/media\/291633"}],"wp:attachment":[{"href":"https:\/\/www.europesays.com\/fr\/wp-json\/wp\/v2\/media?parent=291632"}],"wp:term":[{"taxonomy":"category","embeddable":true,"href":"https:\/\/www.europesays.com\/fr\/wp-json\/wp\/v2\/categories?post=291632"},{"taxonomy":"post_tag","embeddable":true,"href":"https:\/\/www.europesays.com\/fr\/wp-json\/wp\/v2\/tags?post=291632"}],"curies":[{"name":"wp","href":"https:\/\/api.w.org\/{rel}","templated":true}]}}