{"id":291637,"date":"2025-08-02T15:31:15","date_gmt":"2025-08-02T15:31:15","guid":{"rendered":"https:\/\/www.europesays.com\/fr\/291637\/"},"modified":"2025-08-02T15:31:15","modified_gmt":"2025-08-02T15:31:15","slug":"balade-dans-les-parcs-et-jardins-nanceiens-le-parc-olry-et-sa-beaute-discrete","status":"publish","type":"post","link":"https:\/\/www.europesays.com\/fr\/291637\/","title":{"rendered":"Balade dans les parcs et jardins nanc\u00e9iens. Le parc Olry et sa beaut\u00e9 discr\u00e8te"},"content":{"rendered":"<p>  Un brin d\u2019histoire<\/p>\n<p>Amoureux des plantes, Achille Olry (1821-1910) poss\u00e9dait un parc situ\u00e9 \u00e0 l\u2019emplacement d\u2019une ancienne l\u00e9proserie au XVIIIe\u00a0si\u00e8cle. Il avait d\u00e9cid\u00e9 de le l\u00e9guer \u00e0 la ville de Nancy apr\u00e8s sa mort, \u00e0 condition que la ville l\u2019ouvre au public comme parc municipal. Apr\u00e8s avoir acquis le parc en 1913, la ville am\u00e9nage le parc en d\u00e9truisant des immeubles, agrandissant des all\u00e9es et en rempla\u00e7ant les arbres en mauvais \u00e9tat. Elle ach\u00e8te \u00e9galement deux terrains. L\u2019un d\u2019eux accueillera les nouvelles serres municipales. En octobre\u00a01924, le parc est officiellement ouvert au public. En 1945, un chalet en bois est construit. Il a longtemps servi de logement au gardien du parc.<\/p>\n<p>  Tr\u00e9sors verts<\/p>\n<p>Le parc Olry pr\u00e9sente de nombreux arbres et v\u00e9g\u00e9taux remarquables sur 2,5 hectares. Sophora du japon, arbre de Jud\u00e9e, savonnier, chicot du Canada, f\u00e9vier d\u2019Am\u00e9rique, h\u00eatre pleureur. marronnier hybride, ch\u00e2taignier, sapin de Gr\u00e8ce, tulipier de Chine, magnolia grandiflora, pin laricio de Corse sont quelques-uns des tr\u00e9sors visibles dans le Parc. A noter que quelques arbres ne sont visibles dans aucun autre parc nanc\u00e9ien.<\/p>\n<p>Attenantes au parc, <a href=\"https:\/\/www.estrepublicain.fr\/culture-loisirs\/2025\/03\/31\/dans-les-coulisses-des-serres-municipales\" target=\"_blank\" rel=\"noopener\">les serres municipales<\/a> s\u2019\u00e9tendent pour leur part sur un peu plus de deux hectares et produisent 500.000 plantes qui fleurissent les massifs de la ville.<\/p>\n<p>  Mais aussi\u2026<\/p>\n<p>Situ\u00e9e avenue de Strasbourg, <a href=\"https:\/\/www.estrepublicain.fr\/edition-nancy-et-agglomeration\/2020\/06\/01\/savez-vous-ou-se-situait-jadis-l-entree-monumentale-du-parc-olry\" target=\"_blank\" rel=\"noopener\">la porte d\u2019entr\u00e9e monumentale du parc poss\u00e8de une riche histoire<\/a>. Edifi\u00e9e en 1927, elle provient de l\u2019h\u00f4tel Mahuet qui se trouvait rue Saint-Dizier. Elle a \u00e9t\u00e9 sauv\u00e9e de la destruction par le c\u00e9l\u00e8bre peintre nanc\u00e9ien Emile Friant. \u00c0 l\u2019int\u00e9rieur du parc, une statue d\u2019 <a href=\"https:\/\/www.estrepublicain.fr\/edition-de-nancy-ville\/2015\/09\/19\/nancy-freud-et-le-magnetique-liebeault\" target=\"_blank\" rel=\"noopener\">Ambroise Li\u00e9bault<\/a> rend hommage \u00e0 celui qui fut \u00e0 la base de la psychoth\u00e9rapie moderne. Celui-ci vivait \u00e0 quelques centaines de m\u00e8tres. <\/p>\n<p>Le parc abrite \u00e9galement une charmante mare dont le clapotis berce les visiteurs, une belle maison \u00e0 oiseau (le parc fait le bonheur des ornithophiles) \u00e0 l\u2019ombre d\u2019un arbre, une aire de jeux et de repos.<\/p>\n<p>A noter que le parc a accueilli cet \u00e9t\u00e9 <a href=\"https:\/\/www.estrepublicain.fr\/culture-loisirs\/2025\/07\/26\/clap-de-fin-pour-la-guinguette-solidaire-l-oasis\" target=\"_blank\" rel=\"noopener\"> la premi\u00e8re guinguette solidaire \u00ab\u00a0L\u2019Oasis\u00a0\u00bb<\/a>.<\/p>\n<p>  Pourquoi les Nanc\u00e9iens l\u2019aiment tant<\/p>\n<p>S\u2019il est moins connu que la P\u00e9pini\u00e8re ou le parc Sainte-Marie, le parc Olry a ses inconditionnels. \u00ab\u00a0Il y a un esprit famille qu\u2019on ne retrouve pas ailleurs\u00a0\u00bb avoue Arnaud, qui vient promener son chien deux fois par jour au parc, \u00ab\u00a0c\u2019est agr\u00e9able, ombrag\u00e9\u2026\u00a0\u00bb. \u00ab\u00a0On appr\u00e9cie le calme, la verdure, l\u2019entretien et\u2026 les rares visiteurs\u00a0\u00bb glissent Mireille et Marie-Joseph, deux retrait\u00e9es assises sur un banc, \u00ab\u00a0c\u2019est un parc qui n\u2019est pas tr\u00e8s connu, du coup, il n\u2019y a pas beaucoup de monde\u2026\u00a0\u00bb. \u00ab\u00a0Et puis l\u2019eau \u00e0 c\u00f4t\u00e9, c\u2019est reposant\u00a0\u00bb ajoute Amandine, qui pianote sur son portable pas loin de la mare. \u00ab\u00a0Il y a aussi beaucoup de fleurs au printemps, c\u2019est tr\u00e8s beau\u00a0\u00bb ajoute son ami Val\u00e9rio. Un peu plus loin, une visiteuse s\u2019est install\u00e9e juste \u00e0 c\u00f4t\u00e9 de la maison pour oiseaux. \u00ab\u00a0On en voit beaucoup ici, c\u2019est agr\u00e9able de les entendre chanter en libert\u00e9\u00a0\u00bb confie-t-il, \u00ab\u00a0il y a aussi des \u00e9cureuils, mais je ne les vois plus beaucoup en ce moment\u00a0\u00bb.<\/p>\n<p class=\"note\">Le parc est ouvert de 8h \u00e0 21h du 1er\u00a0juin au 31\u00a0ao\u00fbt, de 8h \u00e0 19h du 1 er mars au 31\u00a0mai et en septembre, de 8h \u00e0 18h du 1 er au 15\u00a0octobre, de 8h \u00e0 17h du 16\u00a0octobre \u00e0 fin f\u00e9vrier.<\/p>\n","protected":false},"excerpt":{"rendered":"Un brin d\u2019histoire Amoureux des plantes, Achille Olry (1821-1910) poss\u00e9dait un parc situ\u00e9 \u00e0 l\u2019emplacement d\u2019une ancienne l\u00e9proserie&hellip;\n","protected":false},"author":2,"featured_media":291638,"comment_status":"","ping_status":"","sticky":false,"template":"","format":"standard","meta":{"footnotes":""},"categories":[9635],"tags":[1111,11,1704,436,1777,674,1011,27,775,1702,1703,12,25],"class_list":{"0":"post-291637","1":"post","2":"type-post","3":"status-publish","4":"format-standard","5":"has-post-thumbnail","7":"category-nancy","8":"tag-actu","9":"tag-actualites","10":"tag-edition-nancy-et-agglomeration","11":"tag-environnement","12":"tag-eu","13":"tag-europe","14":"tag-fr","15":"tag-france","16":"tag-grand-est","17":"tag-nancy","18":"tag-nancy-ville-54b","19":"tag-news","20":"tag-republique-francaise"},"share_on_mastodon":{"url":"https:\/\/pubeurope.com\/@fr\/114959894778860191","error":""},"_links":{"self":[{"href":"https:\/\/www.europesays.com\/fr\/wp-json\/wp\/v2\/posts\/291637","targetHints":{"allow":["GET"]}}],"collection":[{"href":"https:\/\/www.europesays.com\/fr\/wp-json\/wp\/v2\/posts"}],"about":[{"href":"https:\/\/www.europesays.com\/fr\/wp-json\/wp\/v2\/types\/post"}],"author":[{"embeddable":true,"href":"https:\/\/www.europesays.com\/fr\/wp-json\/wp\/v2\/users\/2"}],"replies":[{"embeddable":true,"href":"https:\/\/www.europesays.com\/fr\/wp-json\/wp\/v2\/comments?post=291637"}],"version-history":[{"count":0,"href":"https:\/\/www.europesays.com\/fr\/wp-json\/wp\/v2\/posts\/291637\/revisions"}],"wp:featuredmedia":[{"embeddable":true,"href":"https:\/\/www.europesays.com\/fr\/wp-json\/wp\/v2\/media\/291638"}],"wp:attachment":[{"href":"https:\/\/www.europesays.com\/fr\/wp-json\/wp\/v2\/media?parent=291637"}],"wp:term":[{"taxonomy":"category","embeddable":true,"href":"https:\/\/www.europesays.com\/fr\/wp-json\/wp\/v2\/categories?post=291637"},{"taxonomy":"post_tag","embeddable":true,"href":"https:\/\/www.europesays.com\/fr\/wp-json\/wp\/v2\/tags?post=291637"}],"curies":[{"name":"wp","href":"https:\/\/api.w.org\/{rel}","templated":true}]}}