{"id":291649,"date":"2025-08-02T15:38:00","date_gmt":"2025-08-02T15:38:00","guid":{"rendered":"https:\/\/www.europesays.com\/fr\/291649\/"},"modified":"2025-08-02T15:38:00","modified_gmt":"2025-08-02T15:38:00","slug":"les-inscriptions-pour-le-seine-marathon-76-2025-sont-ouvertes","status":"publish","type":"post","link":"https:\/\/www.europesays.com\/fr\/291649\/","title":{"rendered":"Les inscriptions pour le Seine-Marathon 76 2025 sont ouvertes"},"content":{"rendered":"\n<p>         Th\u00e8me d\u2019actualit\u00e9\u00a0:\u00a0       <\/p>\n<p>Le Seine-Marathon 76 se d\u00e9roulera les <strong>samedi 27 et dimanche 28 septembre 2025<\/strong> \u00e0 Rouen. Comme d&rsquo;habitude, le marathon, le semi-marathon, le 10km de Rouen, le 5km Matmut #n\u00e9spourbouger et les courses pour les enfants sont au programme du week-end.<\/p>\n<p>Depuis ce dimanche 2 mars 2025, les inscriptions sont ouvertes, avec un prix r\u00e9duit (jusqu&rsquo;au 31 mars). Rendez-vous sur <a href=\"https:\/\/www.seinemarathon76.fr\/\" target=\"_blank\" class=\"elf-external elf-icon\" rel=\"nofollow noopener\">seinemarathon76.fr<\/a> pour r\u00e9server d&rsquo;ores et d\u00e9j\u00e0 son dossard. Attention, l&rsquo;an dernier, il n&rsquo;y en avait pas eu pour tout le monde&#8230;<\/p>\n<p><img decoding=\"async\" alt=\"inscriptionok.png\" src=\"https:\/\/www.europesays.com\/fr\/wp-content\/uploads\/2025\/08\/inscriptionok.png\"\/><\/p>\n","protected":false},"excerpt":{"rendered":"Th\u00e8me d\u2019actualit\u00e9\u00a0:\u00a0 Le Seine-Marathon 76 se d\u00e9roulera les samedi 27 et dimanche 28 septembre 2025 \u00e0 Rouen. Comme&hellip;\n","protected":false},"author":2,"featured_media":291650,"comment_status":"","ping_status":"","sticky":false,"template":"","format":"standard","meta":{"footnotes":""},"categories":[9587],"tags":[1111,11,1777,674,1011,27,12,5161,25,9590],"class_list":{"0":"post-291649","1":"post","2":"type-post","3":"status-publish","4":"format-standard","5":"has-post-thumbnail","7":"category-rouen","8":"tag-actu","9":"tag-actualites","10":"tag-eu","11":"tag-europe","12":"tag-fr","13":"tag-france","14":"tag-news","15":"tag-normandie","16":"tag-republique-francaise","17":"tag-rouen"},"share_on_mastodon":{"url":"https:\/\/pubeurope.com\/@fr\/114959922182988134","error":""},"_links":{"self":[{"href":"https:\/\/www.europesays.com\/fr\/wp-json\/wp\/v2\/posts\/291649","targetHints":{"allow":["GET"]}}],"collection":[{"href":"https:\/\/www.europesays.com\/fr\/wp-json\/wp\/v2\/posts"}],"about":[{"href":"https:\/\/www.europesays.com\/fr\/wp-json\/wp\/v2\/types\/post"}],"author":[{"embeddable":true,"href":"https:\/\/www.europesays.com\/fr\/wp-json\/wp\/v2\/users\/2"}],"replies":[{"embeddable":true,"href":"https:\/\/www.europesays.com\/fr\/wp-json\/wp\/v2\/comments?post=291649"}],"version-history":[{"count":0,"href":"https:\/\/www.europesays.com\/fr\/wp-json\/wp\/v2\/posts\/291649\/revisions"}],"wp:featuredmedia":[{"embeddable":true,"href":"https:\/\/www.europesays.com\/fr\/wp-json\/wp\/v2\/media\/291650"}],"wp:attachment":[{"href":"https:\/\/www.europesays.com\/fr\/wp-json\/wp\/v2\/media?parent=291649"}],"wp:term":[{"taxonomy":"category","embeddable":true,"href":"https:\/\/www.europesays.com\/fr\/wp-json\/wp\/v2\/categories?post=291649"},{"taxonomy":"post_tag","embeddable":true,"href":"https:\/\/www.europesays.com\/fr\/wp-json\/wp\/v2\/tags?post=291649"}],"curies":[{"name":"wp","href":"https:\/\/api.w.org\/{rel}","templated":true}]}}