{"id":291655,"date":"2025-08-02T15:43:11","date_gmt":"2025-08-02T15:43:11","guid":{"rendered":"https:\/\/www.europesays.com\/fr\/291655\/"},"modified":"2025-08-02T15:43:11","modified_gmt":"2025-08-02T15:43:11","slug":"la-situation-pose-probleme-enceinte-une-deputee-dille-et-vilaine-reclame-une-loi-sur-les-conges-maternite-des-parlementaires","status":"publish","type":"post","link":"https:\/\/www.europesays.com\/fr\/291655\/","title":{"rendered":"\u00ab\u00a0La situation pose probl\u00e8me\u00a0\u00bb\u00a0: enceinte une d\u00e9put\u00e9e d\u2019Ille-et-Vilaine r\u00e9clame une loi sur les cong\u00e9s maternit\u00e9 des parlementaires"},"content":{"rendered":"<p>En juin 2022, l\u2019ouvri\u00e8re agricole \ufeffavait \u00e9t\u00e9 \u00e9lue, \u00e0 l\u2019\u00e2g\u00e9e de 28 ans, dans la 4e circonscription d\u2019Ille-et-Vilaine, celle de Redon, sous l\u2019\u00e9tiquette de la NUPES, avant d\u2019\u00eatre r\u00e9\u00e9lue en 2024. \u00ab \u00c0 partir de septembre, je me retire de la vie politique \u00bb. C\u2019est par ces quelques mots, servant de titre \u00e0 une vid\u00e9o sur le r\u00e9seau social X, que la d\u00e9put\u00e9e d\u2019Ille-et-Vilaine a bri\u00e8vement annonc\u00e9 qu\u2019elle mettra entre parenth\u00e8ses ses fonctions parlementaires \u00e0 la rentr\u00e9e. Une erreur de diffusion, puisque la vid\u00e9o ne devait \u00eatre mise en ligne qu\u2019\u00e0 la fin du mois d\u2019ao\u00fbt explique la d\u00e9put\u00e9e qui souligne \u00ab faire une pause maternit\u00e9 \u00bb. Une \u00ab situation qui pose probl\u00e8me \u00bb constate l\u2019\u00e9lue : \u00ab J\u2019ai d\u00e9pos\u00e9 au d\u00e9but de l\u2019\u00e9t\u00e9 deux propositions de loi constitutionnelle visant \u00e0 ce que le suppl\u00e9ant puisse remplacer temporairement le ou la parlementaire en cas d\u2019accueil d\u2019un enfant, car aujourd\u2019hui ce n\u2019est pas le cas \u00bb. En effet, la jeune femme, enceinte, ne b\u00e9n\u00e9ficie pas, comme tous ses homologues exer\u00e7ant un mandat parlementaire, de cong\u00e9s maternit\u00e9 comme toute personne exer\u00e7ant un m\u00e9tier.<\/p>\n<p>\u00ab Parentalit\u00e9 et repr\u00e9sentativit\u00e9 \u00bb<\/p>\n<p>Une premi\u00e8re proposition de loi allant dans ce sens avait d\u00e9j\u00e0 \u00e9t\u00e9 vainement d\u00e9pos\u00e9e par l\u2018\u00e9lue en 2022. \u00c0 l\u2019\u00e9poque Mathilde Hignet, enceinte lors de la campagne des l\u00e9gislatives, avait d\u00e9j\u00e0 \u00e9t\u00e9 confront\u00e9e \u00e0 cette situation. Cette nouvelle mouture prend cette fois \u00e9galement en compte les remplacements en cas d\u2019arr\u00eat maladie de longue dur\u00e9e. La d\u00e9put\u00e9e ne peut donner de d\u00e9l\u00e9gation de vote que sur les scrutins publics : \u00ab Lors des d\u00e9bats en commission ou lors des votes \u00e0 main lev\u00e9e, mon vote n\u2019est pas pris en compte. C\u2019est toute la probl\u00e9matique de ne pas pouvoir \u00eatre remplac\u00e9e \u00bb. Au-del\u00e0 de \u00e7a, elle estime ainsi que dans ce cadre la repr\u00e9sentativit\u00e9 des \u00e9lus n\u2019est pas assur\u00e9e : \u00ab Je ne serai pas de retour \u00e0 l\u2019Assembl\u00e9e avant le mois de janvier. Pendant plusieurs mois, les personnes qui m\u2019ont \u00e9lu ne seront pas repr\u00e9sent\u00e9es \u00e0 l\u2019Assembl\u00e9e \u00bb. Si des organisations internes existent pour repr\u00e9senter l\u2019\u00e9lue localement \u00ab \u00e7a reste au bon vouloir des \u00e9lus locaux de laisser la parole aux suppl\u00e9ants mais rien n\u2019existe officiellement \u00bb. \u00ab Nous sommes plusieurs jeunes parlementaires, femmes et hommes en \u00e2ge d\u2019avoir des enfants. C\u2019est pourquoi cette question de la parentalit\u00e9 et de la repr\u00e9sentativit\u00e9 doit se poser. Ce n\u2019est pas qu\u2019un am\u00e9nagement pour les parlementaires. C\u2019est aussi une question de repr\u00e9sentativit\u00e9. On doit avoir une Constitution plus en \u00e9cho avec la soci\u00e9t\u00e9 d\u2019aujourd\u2019hui \u00bb.<\/p>\n<p>Mais pour que cette loi soit vot\u00e9e, il faut une modification de la Constitution. Chose qui r\u00e9clame donc un large consensus \u00e0 gauche comme \u00e0 droite sur les bancs de l\u2019Assembl\u00e9e o\u00f9 les femmes de plus ne repr\u00e9sentent que 36 % des d\u00e9put\u00e9s.<\/p>\n","protected":false},"excerpt":{"rendered":"En juin 2022, l\u2019ouvri\u00e8re agricole \ufeffavait \u00e9t\u00e9 \u00e9lue, \u00e0 l\u2019\u00e2g\u00e9e de 28 ans, dans la 4e circonscription d\u2019Ille-et-Vilaine,&hellip;\n","protected":false},"author":2,"featured_media":291656,"comment_status":"","ping_status":"","sticky":false,"template":"","format":"standard","meta":{"footnotes":""},"categories":[2821],"tags":[1111,11,829,765,1777,674,1011,27,848,12,584,25],"class_list":{"0":"post-291655","1":"post","2":"type-post","3":"status-publish","4":"format-standard","5":"has-post-thumbnail","7":"category-rennes","8":"tag-actu","9":"tag-actualites","10":"tag-bretagne","11":"tag-en-continu","12":"tag-eu","13":"tag-europe","14":"tag-fr","15":"tag-france","16":"tag-ille-et-vilaine","17":"tag-news","18":"tag-rennes","19":"tag-republique-francaise"},"share_on_mastodon":{"url":"https:\/\/pubeurope.com\/@fr\/114959941927779398","error":""},"_links":{"self":[{"href":"https:\/\/www.europesays.com\/fr\/wp-json\/wp\/v2\/posts\/291655","targetHints":{"allow":["GET"]}}],"collection":[{"href":"https:\/\/www.europesays.com\/fr\/wp-json\/wp\/v2\/posts"}],"about":[{"href":"https:\/\/www.europesays.com\/fr\/wp-json\/wp\/v2\/types\/post"}],"author":[{"embeddable":true,"href":"https:\/\/www.europesays.com\/fr\/wp-json\/wp\/v2\/users\/2"}],"replies":[{"embeddable":true,"href":"https:\/\/www.europesays.com\/fr\/wp-json\/wp\/v2\/comments?post=291655"}],"version-history":[{"count":0,"href":"https:\/\/www.europesays.com\/fr\/wp-json\/wp\/v2\/posts\/291655\/revisions"}],"wp:featuredmedia":[{"embeddable":true,"href":"https:\/\/www.europesays.com\/fr\/wp-json\/wp\/v2\/media\/291656"}],"wp:attachment":[{"href":"https:\/\/www.europesays.com\/fr\/wp-json\/wp\/v2\/media?parent=291655"}],"wp:term":[{"taxonomy":"category","embeddable":true,"href":"https:\/\/www.europesays.com\/fr\/wp-json\/wp\/v2\/categories?post=291655"},{"taxonomy":"post_tag","embeddable":true,"href":"https:\/\/www.europesays.com\/fr\/wp-json\/wp\/v2\/tags?post=291655"}],"curies":[{"name":"wp","href":"https:\/\/api.w.org\/{rel}","templated":true}]}}