{"id":291657,"date":"2025-08-02T15:44:11","date_gmt":"2025-08-02T15:44:11","guid":{"rendered":"https:\/\/www.europesays.com\/fr\/291657\/"},"modified":"2025-08-02T15:44:11","modified_gmt":"2025-08-02T15:44:11","slug":"rennes-la-participation-dun-detenu-a-une-semaine-de-surf-therapeutique-suscite-la-colere-dun-syndicat","status":"publish","type":"post","link":"https:\/\/www.europesays.com\/fr\/291657\/","title":{"rendered":"Rennes : la participation d\u2019un d\u00e9tenu \u00e0 une semaine de \u00ab surf th\u00e9rapeutique \u00bb suscite la col\u00e8re d\u2019un syndicat"},"content":{"rendered":"<p class=\"p1\">Alors que le <a href=\"https:\/\/www.valeursactuelles.com\/societe\/prison-le-nombre-de-detenus-explose-en-france-avec-plus-de-83-000-personnes-incarcerees\" target=\"_blank\" rel=\"noopener\">centre p\u00e9nitentiaire<\/a> de <a href=\"https:\/\/www.valeursactuelles.com\/clubvaleurs\/politique\/rennes-60-de-subventions-en-plus-que-la-moyenne-lopposition-denonce-la-dilapidation-de-largent-public\" target=\"_blank\" rel=\"noopener\">Rennes-Vezin<\/a> vient de conna\u00eetre trois agressions de surveillants en deux semaines, la perspective d\u2019une \u00ab\u202fsemaine de surf th\u00e9rapeutique\u202f\u00bb \u00e0 Saint-Malo mi-septembre 2025 accord\u00e9e \u00e0 un d\u00e9tenu suscite la col\u00e8re du syndicat UFAP, rapporte <a href=\"https:\/\/actu.fr\/bretagne\/rennes_35238\/un-detenu-patient-de-la-prison-de-rennes-en-semaine-de-surf-therapeutique-ce-syndicat-en-colere_62990691.html\" target=\"_blank\" rel=\"nofollow noopener\">Actu Rennes<\/a>,\u00a0le 2 ao\u00fbt. Ce stage, pr\u00e9vu \u00e0 Saint-Malo mi-septembre, a \u00e9t\u00e9 valid\u00e9 par la commission de l\u2019application des peines (CAP), o\u00f9 si\u00e8gent notamment le juge d\u2019application des peines, le parquet et le chef d\u2019\u00e9tablissement.<\/p>\n<p><a href=\"https:\/\/www.valeursactuelles.com\/societe\/81-des-francais-veulent-que-les-agresseurs-de-policiers-soient-condamnes-a-des-peines-de-prison-automatiques\" class=\"h-flex h-align-items-center h-border-tb h-ptb-15\" target=\"_blank\" rel=\"noopener\">A\u00a0LIRE\u00a081 % des Fran\u00e7ais veulent que les agresseurs de policiers soient condamn\u00e9s \u00e0 des peines de prison automatiques<\/a><\/p>\n<p class=\"p1\">\u00c0 l\u2019origine de cette initiative, le Service m\u00e9dico-psychologique r\u00e9gional (SMPR), rattach\u00e9 au centre hospitalier Guillaume R\u00e9gnier, et charg\u00e9 de la prise en charge des <a href=\"https:\/\/www.valeursactuelles.com\/societe\/sante-mentale-2025-une-grande-causerie-nationale\" target=\"_blank\" rel=\"noopener\">d\u00e9tenus souffrant de troubles psychiques<\/a>. Le b\u00e9n\u00e9ficiaire, incarc\u00e9r\u00e9 \u00e0 Rennes, est suivi par cette structure mais ne r\u00e9side pas dans les cellules directement g\u00e9r\u00e9es par le service.<\/p>\n<p>Un contexte tendu<\/p>\n<p class=\"p1\">\u00ab\u202fLes coll\u00e8gues sont d\u00e9go\u00fbt\u00e9s\u202f\u00bb, confie \u00e0 Actu Rennes \u00c9ric Toxe, secr\u00e9taire local du syndicat majoritaire dans la prison. \u00ab\u202fM\u00eame si ce n\u2019est pas dans le budget de la prison que de l\u2019argent est utilis\u00e9 pour cette semaine th\u00e9rapeutique,\u00a0dans un contexte dans lequel on demande \u00e0 tout le monde de se serrer la ceinture, on a du mal \u00e0 comprendre.\u2009\u00bb<\/p>\n<p class=\"p1\">Le syndicat s\u2019\u00e9tonne \u00e9galement du manque de transparence entourant cette autorisation. Contact\u00e9e, la direction interr\u00e9gionale de l\u2019administration p\u00e9nitentiaire assure ne pas avoir \u00e9t\u00e9 inform\u00e9e en amont. Elle reconna\u00eet qu\u2019il s\u2019agit bien d\u2019une activit\u00e9 th\u00e9rapeutique port\u00e9e par le SMPR, sans pouvoir en d\u00e9tailler les modalit\u00e9s.<\/p>\n<p class=\"p1\">Sollicit\u00e9 le 1er ao\u00fbt par nos confr\u00e8res, le centre hospitalier Guillaume R\u00e9gnier n\u2019a pas encore fourni de r\u00e9ponse. De son c\u00f4t\u00e9, le syndicat UFAP, \u00e0 l\u2019origine d\u2019un tract d\u00e9non\u00e7ant l\u2019initiative, d\u00e9plore que cette affaire ait \u00e9t\u00e9 imm\u00e9diatement r\u00e9cup\u00e9r\u00e9e sur le plan politique, alors qu\u2019elle visait d\u2019abord \u00e0 interroger sur la coh\u00e9rence des messages adress\u00e9s au personnel p\u00e9nitentiaire et \u00e0 l\u2019opinion.<\/p>\n","protected":false},"excerpt":{"rendered":"Alors que le centre p\u00e9nitentiaire de Rennes-Vezin vient de conna\u00eetre trois agressions de surveillants en deux semaines, la&hellip;\n","protected":false},"author":2,"featured_media":291658,"comment_status":"","ping_status":"","sticky":false,"template":"","format":"standard","meta":{"footnotes":""},"categories":[2821],"tags":[1111,11,829,1777,674,1011,27,12,1062,806,584,25],"class_list":{"0":"post-291657","1":"post","2":"type-post","3":"status-publish","4":"format-standard","5":"has-post-thumbnail","7":"category-rennes","8":"tag-actu","9":"tag-actualites","10":"tag-bretagne","11":"tag-eu","12":"tag-europe","13":"tag-fr","14":"tag-france","15":"tag-news","16":"tag-polemique","17":"tag-prison","18":"tag-rennes","19":"tag-republique-francaise"},"share_on_mastodon":{"url":"https:\/\/pubeurope.com\/@fr\/114959945740312845","error":""},"_links":{"self":[{"href":"https:\/\/www.europesays.com\/fr\/wp-json\/wp\/v2\/posts\/291657","targetHints":{"allow":["GET"]}}],"collection":[{"href":"https:\/\/www.europesays.com\/fr\/wp-json\/wp\/v2\/posts"}],"about":[{"href":"https:\/\/www.europesays.com\/fr\/wp-json\/wp\/v2\/types\/post"}],"author":[{"embeddable":true,"href":"https:\/\/www.europesays.com\/fr\/wp-json\/wp\/v2\/users\/2"}],"replies":[{"embeddable":true,"href":"https:\/\/www.europesays.com\/fr\/wp-json\/wp\/v2\/comments?post=291657"}],"version-history":[{"count":0,"href":"https:\/\/www.europesays.com\/fr\/wp-json\/wp\/v2\/posts\/291657\/revisions"}],"wp:featuredmedia":[{"embeddable":true,"href":"https:\/\/www.europesays.com\/fr\/wp-json\/wp\/v2\/media\/291658"}],"wp:attachment":[{"href":"https:\/\/www.europesays.com\/fr\/wp-json\/wp\/v2\/media?parent=291657"}],"wp:term":[{"taxonomy":"category","embeddable":true,"href":"https:\/\/www.europesays.com\/fr\/wp-json\/wp\/v2\/categories?post=291657"},{"taxonomy":"post_tag","embeddable":true,"href":"https:\/\/www.europesays.com\/fr\/wp-json\/wp\/v2\/tags?post=291657"}],"curies":[{"name":"wp","href":"https:\/\/api.w.org\/{rel}","templated":true}]}}