{"id":291659,"date":"2025-08-02T15:46:15","date_gmt":"2025-08-02T15:46:15","guid":{"rendered":"https:\/\/www.europesays.com\/fr\/291659\/"},"modified":"2025-08-02T15:46:15","modified_gmt":"2025-08-02T15:46:15","slug":"une-manifestation-propalestinienne-interdite-dans-un-quartier-de-strasbourg","status":"publish","type":"post","link":"https:\/\/www.europesays.com\/fr\/291659\/","title":{"rendered":"une manifestation propalestinienne interdite dans un quartier de Strasbourg"},"content":{"rendered":"<p>Le rassemblement, pr\u00e9vu dans un quartier o\u00f9 vit une importante communaut\u00e9 juive, s&rsquo;est ainsi transform\u00e9e en rassemblement statique, au grand dam des organisateurs qui ont d\u00e9nonc\u00e9 une \u00ab atteinte \u00e0 leurs libert\u00e9s \u00bb. \u00ab On est tr\u00e8s d\u00e9\u00e7us \u00bb, a d\u00e9clar\u00e9 \u00e0 l&rsquo;AFP Herv\u00e9 Gourvitch, du collectif Palestine 67, qui avait attaqu\u00e9 en r\u00e9f\u00e9r\u00e9 l&rsquo;arr\u00eat\u00e9 pr\u00e9fectoral interdisant le p\u00e9rim\u00e8tre en question, d\u00e9non\u00e7ant une \u00ab remise en cause inacceptable du droit de manifester et de la libert\u00e9 d&rsquo;expression \u00bb. \u00ab Nous refusons qu&rsquo;il y ait des quartiers de Strasbourg dans lesquels il est interdit de manifester son soutien au peuple palestinien \u00bb, a-t-il d\u00e9clar\u00e9 devant les 250 manifestants, selon la police, rassembl\u00e9s place Broglie dans le centre de Strasbourg. \u00ab \u00c9tant juif moi m\u00eame \u00e7a me choque encore plus \u00bb, a ajout\u00e9 Herv\u00e9 Gourvitch, \u00ab on a le droit d&rsquo;\u00eatre juif et antisioniste \u00bb.<\/p>\n<p>Ce contenu est bloqu\u00e9 car vous n&rsquo;avez pas accept\u00e9 les cookies et autres traceurs.<\/p>\n<p>En cliquant sur \u00ab J\u2019accepte \u00bb, les cookies et autres traceurs seront d\u00e9pos\u00e9s et vous pourrez visualiser les contenus  (<a href=\"\" class=\"consentModule_policy\" target=\"_blank\" title=\"Consulter la politique de protection des donn\u00e9es du fournisseur\">plus d&rsquo;informations<\/a>).<\/p>\n<p>En cliquant sur \u00ab J\u2019accepte tous les cookies \u00bb, vous autorisez des d\u00e9p\u00f4ts de cookies et autres traceurs pour le stockage de vos donn\u00e9es sur nos sites et applications \u00e0 des fins de personnalisation et de ciblage publicitaire.<\/p>\n<p class=\"consentModule_secondaryText\">Vous gardez la possibilit\u00e9 de retirer votre consentement \u00e0 tout moment en consultant notre <a href=\"https:\/\/www.ledauphine.com\/protection-des-donnees\" target=\"_blank\" title=\"Consulter notre politique de protection des donn\u00e9es\" rel=\"noopener\">politique de protection des donn\u00e9es<\/a>. <br \/>&#13;<br \/>\n            <a href=\"https:\/\/www.ledauphine.com\/defense-guerre-conflit\/2025\/08\/02\/javascript:Didomi.notice.show()\" class=\"consentModule_cmp\" target=\"_blank\" rel=\"noopener\">G\u00e9rer mes choix<\/a>&#13;\n        <\/p>\n<p>&#13;<br \/>\n                        J&rsquo;accepte&#13;<br \/>\n            J&rsquo;accepte tous les cookies&#13;\n        <\/p>\n<p>  Tags et d\u00e9gradations anti-Palestine<\/p>\n<p>Les manifestants souhaitaient notamment d\u00e9filer devant l&rsquo;immeuble o\u00f9 r\u00e9sident des militants d&rsquo;Urgence Palestine, pour leur apporter leur soutien. L&rsquo;immeuble a \u00e9t\u00e9 r\u00e9cemment cibl\u00e9 par des tags et des d\u00e9gradations anti-Palestine, des actes de vandalisme condamn\u00e9s par la maire de Strasbourg, l&rsquo;\u00e9cologiste <a href=\"https:\/\/www.ledauphine.com\/p\/jeanne-barseghian\" target=\"_blank\" rel=\"noopener\">Jeanne Barseghian<\/a>.<\/p>\n<p>Mais le tribunal administratif a valid\u00e9 l&rsquo;arr\u00eat\u00e9 pr\u00e9fectoral. Dans un jugement rendu ce samedi, le juge des r\u00e9f\u00e9r\u00e9s rel\u00e8ve que la marche devait \u00ab se tenir dans un quartier dans lequel r\u00e9side une forte proportion de personnes membres de la communaut\u00e9 juive \u00bb, et souligne le risque de \u00ab d\u00e9bordements \u00bb, \u00ab eu \u00e9gard notamment au contexte de fortes tensions qui existe actuellement entre les personnes soutenant la politique d&rsquo;Isra\u00ebl \u00e0 l&rsquo;\u00e9gard des habitants de la bande de Gaza et celles critiquant cette politique \u00bb. Le juge a estim\u00e9 que la pr\u00e9fecture du Bas-Rhin, qui n&rsquo;avait pas interdit la manifestation et avait propos\u00e9 deux parcours alternatifs, a pris une \u00ab mesure proportionn\u00e9e et n&rsquo;a pas port\u00e9 une atteinte grave et manifestement ill\u00e9gale aux libert\u00e9s invoqu\u00e9es par les requ\u00e9rants \u00bb.<\/p>\n","protected":false},"excerpt":{"rendered":"Le rassemblement, pr\u00e9vu dans un quartier o\u00f9 vit une importante communaut\u00e9 juive, s&rsquo;est ainsi transform\u00e9e en rassemblement statique,&hellip;\n","protected":false},"author":2,"featured_media":291660,"comment_status":"","ping_status":"","sticky":false,"template":"","format":"standard","meta":{"footnotes":""},"categories":[2820],"tags":[1111,11,3206,1777,674,107,1011,27,329,775,12,3518,25,104,640],"class_list":{"0":"post-291659","1":"post","2":"type-post","3":"status-publish","4":"format-standard","5":"has-post-thumbnail","7":"category-strasbourg","8":"tag-actu","9":"tag-actualites","10":"tag-defense-guerre-conflit","11":"tag-eu","12":"tag-europe","13":"tag-fil-info","14":"tag-fr","15":"tag-france","16":"tag-france-monde","17":"tag-grand-est","18":"tag-news","19":"tag-palestine","20":"tag-republique-francaise","21":"tag-societe","22":"tag-strasbourg"},"share_on_mastodon":{"url":"https:\/\/pubeurope.com\/@fr\/114959953668331742","error":""},"_links":{"self":[{"href":"https:\/\/www.europesays.com\/fr\/wp-json\/wp\/v2\/posts\/291659","targetHints":{"allow":["GET"]}}],"collection":[{"href":"https:\/\/www.europesays.com\/fr\/wp-json\/wp\/v2\/posts"}],"about":[{"href":"https:\/\/www.europesays.com\/fr\/wp-json\/wp\/v2\/types\/post"}],"author":[{"embeddable":true,"href":"https:\/\/www.europesays.com\/fr\/wp-json\/wp\/v2\/users\/2"}],"replies":[{"embeddable":true,"href":"https:\/\/www.europesays.com\/fr\/wp-json\/wp\/v2\/comments?post=291659"}],"version-history":[{"count":0,"href":"https:\/\/www.europesays.com\/fr\/wp-json\/wp\/v2\/posts\/291659\/revisions"}],"wp:featuredmedia":[{"embeddable":true,"href":"https:\/\/www.europesays.com\/fr\/wp-json\/wp\/v2\/media\/291660"}],"wp:attachment":[{"href":"https:\/\/www.europesays.com\/fr\/wp-json\/wp\/v2\/media?parent=291659"}],"wp:term":[{"taxonomy":"category","embeddable":true,"href":"https:\/\/www.europesays.com\/fr\/wp-json\/wp\/v2\/categories?post=291659"},{"taxonomy":"post_tag","embeddable":true,"href":"https:\/\/www.europesays.com\/fr\/wp-json\/wp\/v2\/tags?post=291659"}],"curies":[{"name":"wp","href":"https:\/\/api.w.org\/{rel}","templated":true}]}}