{"id":291661,"date":"2025-08-02T15:47:11","date_gmt":"2025-08-02T15:47:11","guid":{"rendered":"https:\/\/www.europesays.com\/fr\/291661\/"},"modified":"2025-08-02T15:47:11","modified_gmt":"2025-08-02T15:47:11","slug":"baignade-interdite-sur-lensemble-des-plages-et-fermeture-du-sentier-littoral-a-nice","status":"publish","type":"post","link":"https:\/\/www.europesays.com\/fr\/291661\/","title":{"rendered":"Baignade interdite sur l&rsquo;ensemble des plages et fermeture du sentier littoral \u00e0 Nice"},"content":{"rendered":"<p>\u00ab\u00a0En raison des conditions m\u00e9t\u00e9orologiques entra\u00eenant une forte houle et des vagues dangereuses, la Ville de Nice a d\u00e9cid\u00e9 d\u2019interdire la baignade sur l\u2019ensemble de ses plages et de fermer le sentier du littoral pour assurer la s\u00e9curit\u00e9 de toutes et tous\u00a0\u00bb, annonce la Ville dans un communiqu\u00e9.<\/p>\n<p>Elle \u00ab\u00a0appelle chacun \u00e0 la plus grande vigilance et \u00e0 suivre scrupuleusement les signal\u00e9tiques et les consignes de s\u00e9curit\u00e9\u00a0\u00bb.<\/p>\n<p>La pr\u00e9fecture des Alpes-Maritimes a alert\u00e9 plus t\u00f4t dans la journ\u00e9e sur un \u00e9pisode de forte houle attendu en soir\u00e9e, entre 20h et minuit, sur le secteur c\u00f4tier allant d\u2019Antibes \u00e0 Menton.<\/p>\n","protected":false},"excerpt":{"rendered":"\u00ab\u00a0En raison des conditions m\u00e9t\u00e9orologiques entra\u00eenant une forte houle et des vagues dangereuses, la Ville de Nice a&hellip;\n","protected":false},"author":2,"featured_media":291662,"comment_status":"","ping_status":"","sticky":false,"template":"","format":"standard","meta":{"footnotes":""},"categories":[2819],"tags":[1111,11,1129,1777,674,1011,27,12,2401,882,25,656],"class_list":{"0":"post-291661","1":"post","2":"type-post","3":"status-publish","4":"format-standard","5":"has-post-thumbnail","7":"category-nice","8":"tag-actu","9":"tag-actualites","10":"tag-climat","11":"tag-eu","12":"tag-europe","13":"tag-fr","14":"tag-france","15":"tag-news","16":"tag-nice","17":"tag-provence-alpes-cote-dazur","18":"tag-republique-francaise","19":"tag-securite"},"share_on_mastodon":{"url":"https:\/\/pubeurope.com\/@fr\/114959957558121874","error":""},"_links":{"self":[{"href":"https:\/\/www.europesays.com\/fr\/wp-json\/wp\/v2\/posts\/291661","targetHints":{"allow":["GET"]}}],"collection":[{"href":"https:\/\/www.europesays.com\/fr\/wp-json\/wp\/v2\/posts"}],"about":[{"href":"https:\/\/www.europesays.com\/fr\/wp-json\/wp\/v2\/types\/post"}],"author":[{"embeddable":true,"href":"https:\/\/www.europesays.com\/fr\/wp-json\/wp\/v2\/users\/2"}],"replies":[{"embeddable":true,"href":"https:\/\/www.europesays.com\/fr\/wp-json\/wp\/v2\/comments?post=291661"}],"version-history":[{"count":0,"href":"https:\/\/www.europesays.com\/fr\/wp-json\/wp\/v2\/posts\/291661\/revisions"}],"wp:featuredmedia":[{"embeddable":true,"href":"https:\/\/www.europesays.com\/fr\/wp-json\/wp\/v2\/media\/291662"}],"wp:attachment":[{"href":"https:\/\/www.europesays.com\/fr\/wp-json\/wp\/v2\/media?parent=291661"}],"wp:term":[{"taxonomy":"category","embeddable":true,"href":"https:\/\/www.europesays.com\/fr\/wp-json\/wp\/v2\/categories?post=291661"},{"taxonomy":"post_tag","embeddable":true,"href":"https:\/\/www.europesays.com\/fr\/wp-json\/wp\/v2\/tags?post=291661"}],"curies":[{"name":"wp","href":"https:\/\/api.w.org\/{rel}","templated":true}]}}