{"id":291665,"date":"2025-08-02T15:49:14","date_gmt":"2025-08-02T15:49:14","guid":{"rendered":"https:\/\/www.europesays.com\/fr\/291665\/"},"modified":"2025-08-02T15:49:14","modified_gmt":"2025-08-02T15:49:14","slug":"de-paris-a-nantes-la-droite-face-au-piege-de-la-division","status":"publish","type":"post","link":"https:\/\/www.europesays.com\/fr\/291665\/","title":{"rendered":"De Paris \u00e0 Nantes, la droite face au pi\u00e8ge de la division"},"content":{"rendered":"<p>L\u2019\u00e9t\u00e9, saison propice \u00e0 la torpeur et au farniente\u2026 sauf chez les R\u00e9publicains. Depuis que Michel Barnier et Rachida Dati se sont, tous les deux, port\u00e9s candidats en vue de la l\u00e9gislative partielle qui se tiendra dans la deuxi\u00e8me circonscription de Paris, apr\u00e8s la d\u00e9mission du macroniste Jean Laussucq en raison d\u2019irr\u00e9gularit\u00e9s dans ses comptes de campagne, rien ne va plus \u00e0 droite. Apr\u00e8s ses \u00e9checs lors de la derni\u00e8re pr\u00e9sidentielle et des l\u00e9gislatives l\u2019an pass\u00e9, le parti avait pourtant retrouv\u00e9 des couleurs ainsi qu\u2019une certaine remise en ordre, avec l\u2019\u00e9lection du ministre de l\u2019Int\u00e9rieur, Bruno Retailleau, \u00e0 sa t\u00eate.<\/p>\n<p>Mais, dans cette famille, les guerres intestines sont, il est vrai, une grande tradition. Ces trente derni\u00e8res ann\u00e9es, on se souvient des c\u00e9l\u00e8bres duels Chirac-Balladur et Sarkozy-Villepin. Reste que dans le cas Dati-Barnier, certains en perdent leur latin et ne comprennent pas la strat\u00e9gie de la ministre de la Culture alors qu\u2019elle concentre, depuis des mois, son \u00e9nergie vers les municipales \u00e0 Paris, en 2026, en ayant d\u2019ailleurs r\u00e9ussi \u00e0 se placer comme favorite dans les sondages. Pourquoi alors tant vouloir, aussi, un si\u00e8ge de d\u00e9put\u00e9, quand Michel Barnier, fort de son passage \u00e9ph\u00e9m\u00e8re \u00e0 Matignon en fin d\u2019ann\u00e9e derni\u00e8re, esp\u00e8re, lui, se placer en vue d\u2019une autre \u00e9ch\u00e9ance, la pr\u00e9sidentielle de 2027\u00a0?<\/p>\n<p>Mauvaise image<\/p>\n<p>\u00ab\u00a0J\u2019ai du mal \u00e0 croire que Dati ira aux l\u00e9gislatives. Je ne vois pas son int\u00e9r\u00eat. Elle est assez seule et isol\u00e9e \u00e0 Paris, elle l\u2019est aussi \u00e0 la CNI\u00a0\u00bb, rel\u00e8ve-t-on au sein du parti. Cette Commission nationale d\u2019investiture a pourtant m\u00e9nag\u00e9 la ch\u00e8vre et le chou en d\u00e9signant, lundi 28 juillet, <a href=\"https:\/\/www.letelegramme.fr\/france\/legislative-a-paris-rachida-dati-dit-quelle-sera-candidate-quoi-quil-arrive-6863177.php\" target=\"_blank\" rel=\"noopener\">Michel Barnier comme candidat officiel pour la l\u00e9gislative partielle<\/a>, tout en soulignant que Rachida Dati \u00e9tait la mieux positionn\u00e9e pour incarner l\u2019alternance \u00e0 Paris, aux municipales.<\/p>\n<p>\u00ab\u00a0La seule explication que je vois, c\u2019est son affaire judiciaire<a href=\"https:\/\/www.letelegramme.fr\/france\/dati-renvoyee-en-proces-le-president-du-tribunal-judiciaire-de-paris-denonce-lopprobre-jete-sur-les-magistrats-6860175.php\" target=\"_blank\" rel=\"noopener\"> (avec Renault-Nissan et Carlos Ghosn, NDLR).<\/a> Les l\u00e9gislatives lui feraient peut-\u00eatre une sorte d\u2019immunit\u00e9 parlementaire alors qu\u2019une condamnation pourrait mettre en p\u00e9ril sa candidature aux municipales\u00a0\u00bb, se questionne-t-on de m\u00eame source, pas totalement convaincu par cette explication. Tout en insistant sur le caract\u00e8re toujours aussi impr\u00e9visible de Rachida Dati\u00a0: \u00ab\u00a0Avec elle, on ne sait jamais \u00e0 quoi s\u2019attendre mais on n\u2019est jamais d\u00e9\u00e7u\u00a0\u00bb. Quoi qu\u2019il en soit, si, chez LR, on remarque que Bruno Retailleau fait les choses dans l\u2019ordre, on conc\u00e8de que l\u2019image tir\u00e9e de cette s\u00e9quence n\u2019est pas bonne pour la droite.<\/p>\n<p>\u00ab\u00a0Ce sont des calculs tr\u00e8s personnels de carri\u00e8re, d\u2019ambition \u00e9lectorale. Ils ne r\u00e9fl\u00e9chissent pas beaucoup aux cons\u00e9quences que cela peut avoir pour leur famille politique. C\u2019est un brouillage des cartes qui pourrait \u00eatre pr\u00e9judiciable\u00a0\u00bb, analyse l\u2019universitaire Jean Garrigues, sp\u00e9cialiste d\u2019histoire politique. Tout en voyant, dans cette bataille, la d\u00e9liquescence de la vie politique en g\u00e9n\u00e9ral et, dans la droite et le centre-droit, un p\u00f4le qui se cherche toujours une direction politique et une identit\u00e9 depuis son explosion post-2017, avec l\u2019\u00e9lection d\u2019Emmanuel Macron.<\/p>\n<p>\u00ab\u00a0Un chef, c\u2019est fait pour cheffer\u00a0\u00bb<\/p>\n<p>Sans parler de chienlit ch\u00e8re au G\u00e9n\u00e9ral de Gaulle, ce d\u00e9sordre a des r\u00e9percussions jusqu\u2019au niveau local. \u00c0 Nantes, par exemple, c\u2019est une primaire qui devra d\u00e9partager, pour la premi\u00e8re fois, deux candidats, en vue des municipales. Fin ao\u00fbt, les 800 adh\u00e9rents LR de la Cit\u00e9 des Ducs de Bretagne devront ainsi choisir entre Julien Bainvel, le candidat soutenu par la figure locale Laurence Garnier, et Foulques Chombart de Lauwe, qui s\u2019est lanc\u00e9, tr\u00e8s t\u00f4t, dans la bataille, en marge des instances locales.<\/p>\n<p>\u00ab\u00a0Au niveau national, il y a une difficult\u00e9 \u00e0 avoir une ligne. Elle a \u00e9t\u00e9, en partie, trouv\u00e9e avec Bruno Retailleau mais Laurent Wauquiez n\u2019a pas renonc\u00e9 \u00e0 \u00eatre le challenger. Cela ouvre l\u2019id\u00e9e, y compris \u00e0 l\u2019\u00e9chelle locale, que chacun peut jouer sa carte. C\u2019est tr\u00e8s contraire \u00e0 l\u2019esprit et l\u2019histoire de la droite qui, en g\u00e9n\u00e9ral, se rangeait derri\u00e8re un chef\u00a0\u00bb, note Jean Garrigues, rappelant la c\u00e9l\u00e8bre phrase de Chirac\u00a0: \u00ab\u00a0Un chef, c\u2019est fait pour cheffer\u00a0\u00bb.<\/p>\n","protected":false},"excerpt":{"rendered":"L\u2019\u00e9t\u00e9, saison propice \u00e0 la torpeur et au farniente\u2026 sauf chez les R\u00e9publicains. Depuis que Michel Barnier et&hellip;\n","protected":false},"author":2,"featured_media":291666,"comment_status":"","ping_status":"","sticky":false,"template":"","format":"standard","meta":{"footnotes":""},"categories":[2818],"tags":[1111,11,1777,674,1011,27,6319,766,12,626,2636,316,25],"class_list":{"0":"post-291665","1":"post","2":"type-post","3":"status-publish","4":"format-standard","5":"has-post-thumbnail","7":"category-nantes","8":"tag-actu","9":"tag-actualites","10":"tag-eu","11":"tag-europe","12":"tag-fr","13":"tag-france","14":"tag-les-republicains","15":"tag-nantes","16":"tag-news","17":"tag-paris","18":"tag-pays-de-la-loire","19":"tag-politique","20":"tag-republique-francaise"},"share_on_mastodon":{"url":"https:\/\/pubeurope.com\/@fr\/114959965441025416","error":""},"_links":{"self":[{"href":"https:\/\/www.europesays.com\/fr\/wp-json\/wp\/v2\/posts\/291665","targetHints":{"allow":["GET"]}}],"collection":[{"href":"https:\/\/www.europesays.com\/fr\/wp-json\/wp\/v2\/posts"}],"about":[{"href":"https:\/\/www.europesays.com\/fr\/wp-json\/wp\/v2\/types\/post"}],"author":[{"embeddable":true,"href":"https:\/\/www.europesays.com\/fr\/wp-json\/wp\/v2\/users\/2"}],"replies":[{"embeddable":true,"href":"https:\/\/www.europesays.com\/fr\/wp-json\/wp\/v2\/comments?post=291665"}],"version-history":[{"count":0,"href":"https:\/\/www.europesays.com\/fr\/wp-json\/wp\/v2\/posts\/291665\/revisions"}],"wp:featuredmedia":[{"embeddable":true,"href":"https:\/\/www.europesays.com\/fr\/wp-json\/wp\/v2\/media\/291666"}],"wp:attachment":[{"href":"https:\/\/www.europesays.com\/fr\/wp-json\/wp\/v2\/media?parent=291665"}],"wp:term":[{"taxonomy":"category","embeddable":true,"href":"https:\/\/www.europesays.com\/fr\/wp-json\/wp\/v2\/categories?post=291665"},{"taxonomy":"post_tag","embeddable":true,"href":"https:\/\/www.europesays.com\/fr\/wp-json\/wp\/v2\/tags?post=291665"}],"curies":[{"name":"wp","href":"https:\/\/api.w.org\/{rel}","templated":true}]}}