{"id":29167,"date":"2025-04-16T12:00:33","date_gmt":"2025-04-16T12:00:33","guid":{"rendered":"https:\/\/www.europesays.com\/fr\/29167\/"},"modified":"2025-04-16T12:00:33","modified_gmt":"2025-04-16T12:00:33","slug":"une-femme-de-54-ans-est-recherchee-par-la-police","status":"publish","type":"post","link":"https:\/\/www.europesays.com\/fr\/29167\/","title":{"rendered":"une femme de 54 ans est recherch\u00e9e par la police"},"content":{"rendered":"<p>            Par<br \/>\n        <strong><br \/>\n            <a href=\"https:\/\/actu.fr\/auteur\/sports33\" title=\"Consulter tous les articles de Nicolas Gosselin\" rel=\"nofollow noopener\" target=\"_blank\">Nicolas Gosselin<\/a><br \/>\n        <\/strong><\/p>\n<p>        Publi\u00e9 le<\/p>\n<p>            14 avr. 2025 \u00e0 17h44        <\/p>\n<p><strong>Odile Chantrelle Vincent<\/strong> est introuvable. Elle a quitt\u00e9 son<strong> domicile \u00e0 Bruges<\/strong> (Gironde), le 10 avril 2025 peu avant midi, et n\u2019a plus donn\u00e9 signe de vie depuis.<\/p>\n<p class=\" wall-content\">La femme de 54 ans fait l\u2019objet d\u2019une <a href=\"https:\/\/actu.fr\/tag\/disparition\" rel=\"nofollow noopener\" target=\"_blank\">disparition inqui\u00e9tante<\/a>. La police a lanc\u00e9 un <a href=\"https:\/\/actu.fr\/tag\/appel-a-temoins\" rel=\"nofollow noopener\" target=\"_blank\">appel \u00e0 t\u00e9moins<\/a> ce lundi 14 avril pour aider les enqu\u00eateurs.<\/p>\n<p>Elle est partie avec un petit sac de voyage<\/p>\n<p class=\" wall-content\">Lors de son d\u00e9part de son logement, elle \u00e9tait v\u00eatue d\u2019un pantalon en toile, d\u2019un haut \u00e0 manches longues, de baskets noires et d\u2019un petit sac de voyage noir avec des couleurs.\u00a0<\/p>\n<p class=\" wall-content\">\n<p class=\" wall-content\">Autres \u00e9l\u00e9ments de description communiqu\u00e9s par la police, la quinquag\u00e9naire a les cheveux ch\u00e2tains et les yeux marrons.<\/p>\n<p class=\" wall-content\">Toute personne ayant des informations est invit\u00e9e \u00e0 contacter le service enqu\u00eateurs au 05.57.85.70.03 ou au 06.79.69.81.21.<\/p>\n<p>Vid\u00e9os : en ce moment sur Actu<\/p>\n<p class=\" wall-content\">Suivez toute l\u2019actualit\u00e9 de vos villes et m\u00e9dias favoris en vous inscrivant \u00e0 <a href=\"https:\/\/moncompte.actu.fr\" title=\"D\u00e9couvez Mon Actu\" rel=\"nofollow noopener\" data-trk=\"{&quot;cta&quot;:{&quot;action&quot;:&quot;https:\\\/\\\/moncompte.actu.fr&quot;,&quot;category&quot;:&quot;mon compte&quot;,&quot;from&quot;:&quot;article footer&quot;,&quot;name&quot;:&quot;Mon actu&quot;,&quot;type&quot;:&quot;cta&quot;}}\" target=\"_blank\">Mon Actu<\/a>.<\/p>\n","protected":false},"excerpt":{"rendered":"Par Nicolas Gosselin Publi\u00e9 le 14 avr. 2025 \u00e0 17h44 Odile Chantrelle Vincent est introuvable. Elle a quitt\u00e9&hellip;\n","protected":false},"author":2,"featured_media":10266,"comment_status":"","ping_status":"","sticky":false,"template":"","format":"standard","meta":{"footnotes":""},"categories":[2817],"tags":[1111,11,4260,1997,3676,1777,674,118,1011,27,12,2219,1072,25],"class_list":{"0":"post-29167","1":"post","2":"type-post","3":"status-publish","4":"format-standard","5":"has-post-thumbnail","7":"category-bordeaux","8":"tag-actu","9":"tag-actualites","10":"tag-appel-a-temoins","11":"tag-bordeaux","12":"tag-disparition-inquietante","13":"tag-eu","14":"tag-europe","15":"tag-faits-divers","16":"tag-fr","17":"tag-france","18":"tag-news","19":"tag-nouvelle-aquitaine","20":"tag-police","21":"tag-republique-francaise"},"share_on_mastodon":{"url":"https:\/\/pubeurope.com\/@fr\/114347535524103498","error":""},"_links":{"self":[{"href":"https:\/\/www.europesays.com\/fr\/wp-json\/wp\/v2\/posts\/29167","targetHints":{"allow":["GET"]}}],"collection":[{"href":"https:\/\/www.europesays.com\/fr\/wp-json\/wp\/v2\/posts"}],"about":[{"href":"https:\/\/www.europesays.com\/fr\/wp-json\/wp\/v2\/types\/post"}],"author":[{"embeddable":true,"href":"https:\/\/www.europesays.com\/fr\/wp-json\/wp\/v2\/users\/2"}],"replies":[{"embeddable":true,"href":"https:\/\/www.europesays.com\/fr\/wp-json\/wp\/v2\/comments?post=29167"}],"version-history":[{"count":0,"href":"https:\/\/www.europesays.com\/fr\/wp-json\/wp\/v2\/posts\/29167\/revisions"}],"wp:featuredmedia":[{"embeddable":true,"href":"https:\/\/www.europesays.com\/fr\/wp-json\/wp\/v2\/media\/10266"}],"wp:attachment":[{"href":"https:\/\/www.europesays.com\/fr\/wp-json\/wp\/v2\/media?parent=29167"}],"wp:term":[{"taxonomy":"category","embeddable":true,"href":"https:\/\/www.europesays.com\/fr\/wp-json\/wp\/v2\/categories?post=29167"},{"taxonomy":"post_tag","embeddable":true,"href":"https:\/\/www.europesays.com\/fr\/wp-json\/wp\/v2\/tags?post=29167"}],"curies":[{"name":"wp","href":"https:\/\/api.w.org\/{rel}","templated":true}]}}