{"id":291670,"date":"2025-08-02T15:52:16","date_gmt":"2025-08-02T15:52:16","guid":{"rendered":"https:\/\/www.europesays.com\/fr\/291670\/"},"modified":"2025-08-02T15:52:16","modified_gmt":"2025-08-02T15:52:16","slug":"quel-avenir-pour-lassociation-voulant-sauver-les-girondins-de-bordeaux","status":"publish","type":"post","link":"https:\/\/www.europesays.com\/fr\/291670\/","title":{"rendered":"quel avenir pour l\u2019association voulant sauver les Girondins de Bordeaux\u00a0?"},"content":{"rendered":"<p>            Par<br \/>\n        <strong><br \/>\n            <a href=\"https:\/\/actu.fr\/auteur\/julian-doubax\" title=\"Consulter tous les articles de Julian Doubax\" target=\"_blank\" rel=\"noopener\">Julian Doubax<\/a><br \/>\n        <\/strong><\/p>\n<p>        Publi\u00e9 le<\/p>\n<p>            2 ao\u00fbt 2025 \u00e0 17h32        <\/p>\n<p>L\u2019\u00e9t\u00e9 2024 n\u2019est pas un beau souvenir pour les supporters des<a href=\"https:\/\/actu.fr\/tag\/girondins-de-bordeaux\" target=\"_blank\" rel=\"noopener\"> Girondins de Bordeaux<\/a>. Apr\u00e8s une longue bataille, ponctu\u00e9e de <a href=\"https:\/\/actu.fr\/nouvelle-aquitaine\/bordeaux_33063\/le-rachat-des-girondins-de-bordeaux-n-aura-pas-lieu-le-club-n-a-qu-une-semaine-pour-trouver-une-solution_61358922.html#:~:text=Les%20Girondins%20de%20Bordeaux%20ont%20annonc%C3%A9%20ce%20mardi%2016%20juillet,nationale%20du%20contr%C3%B4le%20de%20gestion.\" target=\"_blank\" rel=\"noopener\">faux souvenirs<\/a>, le club au scapulaire est rel\u00e9gu\u00e9 administrativement en <strong>National\u00a02<\/strong>. Un choc qui a \u00e9mu ceux qui ont vu Zin\u00e9dine Zidane, Alain Giresse, Pauleta ou Yoann Gourcuff porter le maillot. Dans cette tourmente, une initiative populaire, <a href=\"https:\/\/actu.fr\/nouvelle-aquitaine\/bordeaux_33063\/des-supporters-des-girondins-de-bordeaux-ouvrent-une-association-de-socios-pour-entrer-au-capital-du-club_61503106.html\" target=\"_blank\" rel=\"noopener\">Girondins Socios<\/a>, s\u2019est mont\u00e9e pour tenter de soutenir <strong>financi\u00e8rement<\/strong> le club. Pr\u00e8s d\u2019un an plus tard, certains des<strong> 3\u2009000\u00a0adh\u00e9rents<\/strong> se questionnent sur l\u2019avenir du mouvement.<\/p>\n<p>Une inaction critiqu\u00e9e<\/p>\n<p class=\" wall-content\">Rapidement, ce projet d\u2019actionnariat populaire a <strong>s\u00e9duit<\/strong> les fans du club. Un mod\u00e8le de socios, en vogue en Espagne et Am\u00e9rique latine, qui s\u2019est aussi r\u00e9pandu en France du c\u00f4t\u00e9 de Bastia ou Sochaux ces derni\u00e8res ann\u00e9es.<\/p>\n<p class=\" wall-content\">\u00ab\u2009C\u2019\u00e9tait une p\u00e9riode o\u00f9 l\u2019\u00e9quipe \u00e9tait au <strong>bord du gouffre<\/strong>. J\u2019ai suivi les mod\u00e8les mont\u00e9s dans les autres clubs et j\u2019ai adh\u00e9r\u00e9\u2009\u00bb, raconte Noa, supporter de longue date des Girondins. \u00ab\u2009Au tout d\u00e9but, je ne croyais pas forc\u00e9ment \u00e0 ce projet mais je me suis laiss\u00e9 convaincre petit \u00e0 petit. J\u2019ai sans doute aussi adh\u00e9r\u00e9 un peu par <strong>d\u00e9pit<\/strong> de la situation du club\u2009\u00bb, confie Patrick, suiveur des Marine et Blanc.<\/p>\n<p class=\" wall-content\">Une lueur d\u2019espoir pour ces habitu\u00e9s des trav\u00e9es du <a href=\"https:\/\/actu.fr\/tag\/matmut-atlantique\" target=\"_blank\" rel=\"noopener\">Matmut Atlantique<\/a>. Pour rejoindre l\u2019association, les fans doivent d\u00e9bourser <strong>99\u00a0euros d\u00e9coup\u00e9s<\/strong> en deux parties\u2009: 87\u00a0euros de frais d\u2019entr\u00e9e et 12\u00a0euros de frais annuels, destin\u00e9s aux d\u00e9penses de fonctionnement.<\/p>\n<p class=\" wall-content\">Tr\u00e8s vite, la barre des 3\u2009000 membres est franchie. Un d\u00e9marrage <strong>\u00e9clair <\/strong>qui suscite l\u2019engouement. Mais au fil des mois, l\u2019inaction se fait ressentir. \u00ab\u2009Difficile de juger l\u2019\u00e9volution car j\u2019ai l\u2019impression qu\u2019au final<strong> il n\u2019y a rien eu.<\/strong> J\u2019ai particip\u00e9 \u00e0 un d\u00e9placement organis\u00e9 pour les f\u00e9minines \u00e0 Poitiers. C\u2019\u00e9tait sympa, mais \u00e0 part \u00e7a, je suis incapable de citer une action concr\u00e8te\u2009\u00bb, confie Patrick.<\/p>\n<p class=\" wall-content\">Pour certains, c\u2019est la douche froide : \u00ab\u2009C\u2019est une vraie <strong>d\u00e9sillusion<\/strong> ce projet\u2009\u00bb, estime un supporter qui souhaite rester anonyme.<\/p>\n<p>Des membres quittent le navire<\/p>\n<p class=\" wall-content\">Outre l\u2019impatience des adh\u00e9rents, le bureau de l\u2019association a aussi connu des <strong>turbulences<\/strong> depuis la cr\u00e9ation de Girondins Socios. Ces derniers mois, plusieurs personnes ont quitt\u00e9 l\u2019organigramme. \u00ab\u2009Je suis parti \u00e0 cause de <strong>d\u00e9saccord <\/strong>sur\u00a0la fa\u00e7on d\u2019arriver au capital du club\u2009\u00bb, indique Donatien qui s\u2019est retir\u00e9 du projet en mai dernier.<\/p>\n<p class=\" wall-content\">L\u2019ancien b\u00e9n\u00e9vole pointe notamment du doigt la r\u00e9mun\u00e9ration per\u00e7ue par deux membres du bureau. \u00ab\u2009Pendant six mois, ils ont touch\u00e9 <strong>1\u2009000\u00a0euros par mois<\/strong> pour pas grand-chose au final.\u2009\u00bb Ces contrats devaient permettre d\u2019avancer sur le d\u00e9veloppement de l\u2019association et r\u00e9ussir \u00e0 la p\u00e9renniser dans le temps.<\/p>\n<p class=\" wall-content\">De son c\u00f4t\u00e9, Charles Merle, pr\u00e9sident de Girondins Socios, d\u00e9fend les actions du groupe. \u00ab\u2009Au d\u00e9but, on ne s\u2019attendait pas \u00e0 cette\u00a0<strong>ampleur<\/strong>. Il fallait r\u00e9organiser les choses et mettre un coup de collier. C\u2019est pour cela qu\u2019on a <strong>gratifi\u00e9<\/strong>\u00a0deux membres sur une p\u00e9riode.\u2009\u00bb<\/p>\n<p class=\" wall-content\">Les <strong>divergences<\/strong> portaient \u00e9galement sur la cr\u00e9ation d\u2019une soci\u00e9t\u00e9 destin\u00e9e \u00e0 cr\u00e9er un club d\u2019entreprises priv\u00e9es appel\u00e9e \u00ab\u2009Girondins Socios Business Network\u2009\u00bb. \u00c0 terme, les b\u00e9n\u00e9fices devaient renforcer les comptes de l\u2019association. \u00ab\u2009C\u2019est une id\u00e9e qu\u2019on m\u2019a propos\u00e9 et que j\u2019ai refus\u00e9\u2009\u00bb, affirme Donatien.<\/p>\n<p class=\" wall-content\">Il indique aussi que le projet de club d\u2019entreprises est \u00ab\u2009en suspens\u2009\u00bb et aurait \u00e9t\u00e9 \u00ab\u2009soumis au vote des adh\u00e9rents\u2009\u00bb dans tous les cas.<\/p>\n<p>L\u2019avenir de l\u2019association<\/p>\n<p class=\" wall-content\">Cet automne, les adh\u00e9rents vont avoir un <strong>choix corn\u00e9lien.<\/strong> Ils vont devoir d\u00e9cider de conserver ou non l\u2019argent r\u00e9colt\u00e9 depuis le d\u00e9part par l\u2019association. Un tournant pour Girondins Socios. \u00ab\u2009Il faudra prendre du recul. Dans les autres formations, les Socios ne sont pas rentr\u00e9s au bout d\u2019un an dans le <strong>capital<\/strong> de leur club\u2009\u00bb, rappelle Charles Merle.<\/p>\n<p class=\" wall-content\">Pour justifier l\u2019\u00e9volution poussive, le pr\u00e9sident se tourne vers <strong>G\u00e9rard Lopez<\/strong>, propri\u00e9taire des Girondins de Bordeaux. \u00ab\u2009Les discussions avec la direction sont en stand-by.\u00a0\u00bb\u00a0<\/p>\n<p class=\" wall-content\">En effet, l\u2019association est forc\u00e9ment tributaire des d\u00e9cisions de l\u2019homme d\u2019affaires Hispano-Luxembourgeois. Malgr\u00e9 cette situation peu favorable, elle avait r\u00e9ussi \u00e0 tisser des liens avec des personnalit\u00e9s qui s\u2019\u00e9taient manifest\u00e9es pour racheter le club au scapulaire. \u00ab\u00a0On veut que les adh\u00e9rents valident le projet d\u2019un potentiel repreneur. Rien ne se fait sans leur accord.\u2009\u00bb<\/p>\n<p class=\" wall-content\">Qu\u2019importe l\u2019issue du vote, Charles Merle ne regrette rien\u2009: \u00ab\u2009On n\u2019aura pas \u00e0 rougir d\u2019avoir voulu faire <strong>bouger les choses<\/strong> et m\u00eame si \u00e7a coule, on aura essay\u00e9.\u2009\u00bb<\/p>\n<p class=\" wall-content\">Suivez toute l\u2019actualit\u00e9 de vos villes et m\u00e9dias favoris en vous inscrivant \u00e0 <a href=\"https:\/\/moncompte.actu.fr\" title=\"D\u00e9couvez Mon Actu\" rel=\"nofollow noopener\" data-trk=\"{&quot;cta&quot;:{&quot;action&quot;:&quot;https:\\\/\\\/moncompte.actu.fr&quot;,&quot;category&quot;:&quot;mon compte&quot;,&quot;from&quot;:&quot;article footer&quot;,&quot;name&quot;:&quot;Mon actu&quot;,&quot;type&quot;:&quot;cta&quot;}}\" target=\"_blank\">Mon Actu<\/a>.<\/p>\n","protected":false},"excerpt":{"rendered":"Par Julian Doubax Publi\u00e9 le 2 ao\u00fbt 2025 \u00e0 17h32 L\u2019\u00e9t\u00e9 2024 n\u2019est pas un beau souvenir pour&hellip;\n","protected":false},"author":2,"featured_media":291671,"comment_status":"","ping_status":"","sticky":false,"template":"","format":"standard","meta":{"footnotes":""},"categories":[2817],"tags":[1111,11,1997,1777,674,63,1011,27,2908,12,2219,25,60],"class_list":{"0":"post-291670","1":"post","2":"type-post","3":"status-publish","4":"format-standard","5":"has-post-thumbnail","7":"category-bordeaux","8":"tag-actu","9":"tag-actualites","10":"tag-bordeaux","11":"tag-eu","12":"tag-europe","13":"tag-football","14":"tag-fr","15":"tag-france","16":"tag-girondins-de-bordeaux","17":"tag-news","18":"tag-nouvelle-aquitaine","19":"tag-republique-francaise","20":"tag-sports"},"share_on_mastodon":{"url":"https:\/\/pubeurope.com\/@fr\/114959977196631525","error":""},"_links":{"self":[{"href":"https:\/\/www.europesays.com\/fr\/wp-json\/wp\/v2\/posts\/291670","targetHints":{"allow":["GET"]}}],"collection":[{"href":"https:\/\/www.europesays.com\/fr\/wp-json\/wp\/v2\/posts"}],"about":[{"href":"https:\/\/www.europesays.com\/fr\/wp-json\/wp\/v2\/types\/post"}],"author":[{"embeddable":true,"href":"https:\/\/www.europesays.com\/fr\/wp-json\/wp\/v2\/users\/2"}],"replies":[{"embeddable":true,"href":"https:\/\/www.europesays.com\/fr\/wp-json\/wp\/v2\/comments?post=291670"}],"version-history":[{"count":0,"href":"https:\/\/www.europesays.com\/fr\/wp-json\/wp\/v2\/posts\/291670\/revisions"}],"wp:featuredmedia":[{"embeddable":true,"href":"https:\/\/www.europesays.com\/fr\/wp-json\/wp\/v2\/media\/291671"}],"wp:attachment":[{"href":"https:\/\/www.europesays.com\/fr\/wp-json\/wp\/v2\/media?parent=291670"}],"wp:term":[{"taxonomy":"category","embeddable":true,"href":"https:\/\/www.europesays.com\/fr\/wp-json\/wp\/v2\/categories?post=291670"},{"taxonomy":"post_tag","embeddable":true,"href":"https:\/\/www.europesays.com\/fr\/wp-json\/wp\/v2\/tags?post=291670"}],"curies":[{"name":"wp","href":"https:\/\/api.w.org\/{rel}","templated":true}]}}