{"id":291687,"date":"2025-08-02T16:07:26","date_gmt":"2025-08-02T16:07:26","guid":{"rendered":"https:\/\/www.europesays.com\/fr\/291687\/"},"modified":"2025-08-02T16:07:26","modified_gmt":"2025-08-02T16:07:26","slug":"un-restaurant-pakistanais-ouvre-a-vitre-rue-de-paris-sport","status":"publish","type":"post","link":"https:\/\/www.europesays.com\/fr\/291687\/","title":{"rendered":"Un restaurant pakistanais ouvre \u00e0 Vitr\u00e9, rue de Paris . Sport"},"content":{"rendered":"<p>Un restaurant pakistanais fait son arriv\u00e9e \u00e0 <a href=\"https:\/\/vitre.maville.com\/info\/info-locale\/\" target=\"_blank\" rel=\"noopener\">Vitr\u00e9<\/a> (<a href=\"https:\/\/www.ouest-france.fr\/bretagne\/ille-et-vilaine\/\" target=\"_blank\" rel=\"noopener\">Ille-et-Vilaine<\/a>). Mastana, c\u2019est son nom, ouvre ce samedi 2\u00a0ao\u00fbt 2025, rue de Paris, \u00e0 partir de 12\u00a0h. Ali Raza, le propri\u00e9taire, propose des sp\u00e9cialit\u00e9s pakistanaises et indiennes, sur place ou \u00e0 emporter.<\/p>\n<p><strong>\u00ab\u00a0Il y aura du poulet tikka masala, des naans, des gambas tandoori\u00a0\u00bb<\/strong>, \u00e9num\u00e8re Ali Raza. Sans oublier des plats plus classiques de fast-food, tels que des burgers, kebabs et tacos.<\/p>\n<p><strong>Lire aussi :<\/strong>\u00a0<a href=\"https:\/\/vitre.maville.com\/actu\/actudet_-a-vitre-le-bar-le-kidney-va-changer-de-proprietaire-_52704-6920057_actu.Htm\" target=\"_blank\" rel=\"noopener\">\u00c0 Vitr\u00e9, le bar Le Kidney va changer de propri\u00e9taire<\/a><\/p>\n<p>Ouvert 7\u00a0J\/7<\/p>\n<p>Le\u00a0restaurant sera ouvert sept jours sur sept, de 12\u00a0h \u00e0 14\u00a0h\u00a030 et de 18\u00a0h \u00e0 23\u00a0h\u00a030. Mastana remplace le <a href=\"https:\/\/vitre.maville.com\/actu\/actudet_-un-nouveau-restaurant-a-ouvert-a-vitre-rue-de-paris-_52704-5708006_actu.Htm\" target=\"_blank\" rel=\"noopener\">restaurant vietnamien Hano\u00ef<\/a>, qui \u00e9tait install\u00e9 rue de Paris depuis 2023 et qui a donc ferm\u00e9 ses portes.<\/p>\n<p><strong>Informations pratiques\u00a0:<\/strong> Mastana Restaurant, 16\u00a0rue de Paris \u00e0 Vitr\u00e9. Ouvert 7\u00a0J\/7, entre 12\u00a0h et 14\u00a0h\u00a030 et de 18\u00a0h \u00e0 23\u00a0h\u00a030. Plus d\u2019informations au 06\u00a052\u00a026\u00a004\u00a088.<\/p>\n<p>\u00a0<\/p>\n","protected":false},"excerpt":{"rendered":"Un restaurant pakistanais fait son arriv\u00e9e \u00e0 Vitr\u00e9 (Ille-et-Vilaine). Mastana, c\u2019est son nom, ouvre ce samedi 2\u00a0ao\u00fbt 2025,&hellip;\n","protected":false},"author":2,"featured_media":291688,"comment_status":"","ping_status":"","sticky":false,"template":"","format":"standard","meta":{"footnotes":""},"categories":[1888],"tags":[1111,1928,11,1927,3809,1465,1777,674,63,1011,27,1792,1922,12,1926,626,1925,25,479,517,18823,1470],"class_list":{"0":"post-291687","1":"post","2":"type-post","3":"status-publish","4":"format-standard","5":"has-post-thumbnail","7":"category-paris","8":"tag-actu","9":"tag-actu-paris","10":"tag-actualites","11":"tag-actualites-paris","12":"tag-ball","13":"tag-basket","14":"tag-eu","15":"tag-europe","16":"tag-football","17":"tag-fr","18":"tag-france","19":"tag-handball","20":"tag-info","21":"tag-news","22":"tag-news-paris","23":"tag-paris","24":"tag-paris-news","25":"tag-republique-francaise","26":"tag-rugby","27":"tag-sport","28":"tag-vitre","29":"tag-volley"},"share_on_mastodon":{"url":"https:\/\/pubeurope.com\/@fr\/114960036278969704","error":""},"_links":{"self":[{"href":"https:\/\/www.europesays.com\/fr\/wp-json\/wp\/v2\/posts\/291687","targetHints":{"allow":["GET"]}}],"collection":[{"href":"https:\/\/www.europesays.com\/fr\/wp-json\/wp\/v2\/posts"}],"about":[{"href":"https:\/\/www.europesays.com\/fr\/wp-json\/wp\/v2\/types\/post"}],"author":[{"embeddable":true,"href":"https:\/\/www.europesays.com\/fr\/wp-json\/wp\/v2\/users\/2"}],"replies":[{"embeddable":true,"href":"https:\/\/www.europesays.com\/fr\/wp-json\/wp\/v2\/comments?post=291687"}],"version-history":[{"count":0,"href":"https:\/\/www.europesays.com\/fr\/wp-json\/wp\/v2\/posts\/291687\/revisions"}],"wp:featuredmedia":[{"embeddable":true,"href":"https:\/\/www.europesays.com\/fr\/wp-json\/wp\/v2\/media\/291688"}],"wp:attachment":[{"href":"https:\/\/www.europesays.com\/fr\/wp-json\/wp\/v2\/media?parent=291687"}],"wp:term":[{"taxonomy":"category","embeddable":true,"href":"https:\/\/www.europesays.com\/fr\/wp-json\/wp\/v2\/categories?post=291687"},{"taxonomy":"post_tag","embeddable":true,"href":"https:\/\/www.europesays.com\/fr\/wp-json\/wp\/v2\/tags?post=291687"}],"curies":[{"name":"wp","href":"https:\/\/api.w.org\/{rel}","templated":true}]}}