{"id":291689,"date":"2025-08-02T16:08:46","date_gmt":"2025-08-02T16:08:46","guid":{"rendered":"https:\/\/www.europesays.com\/fr\/291689\/"},"modified":"2025-08-02T16:08:46","modified_gmt":"2025-08-02T16:08:46","slug":"jenna-ortega-et-tim-burton-a-paris-lena-situations-sinvite-a-la-soiree-photos","status":"publish","type":"post","link":"https:\/\/www.europesays.com\/fr\/291689\/","title":{"rendered":"Jenna Ortega et Tim Burton \u00e0 Paris, L\u00e9na Situations s\u2019invite \u00e0 la soir\u00e9e (PHOTOS)"},"content":{"rendered":"<p>Pr\u00e8s de trois ans apr\u00e8s une premi\u00e8re saison couronn\u00e9e de succ\u00e8s, Mercredi s&rsquo;appr\u00eate \u00e0 faire son grand retour sur nos \u00e9crans avec une saison 2 digne d&rsquo;un film d&rsquo;horreur. \u00c0 quelques jours de la diffusion des premiers \u00e9pisodes sur Netflix, Jenna Ortega et Tim Burton ont attir\u00e9 tous les regards sur le tapis rouge de l&rsquo;avant-premi\u00e8re parisienne de Mercredi.<\/p>\n<p><a href=\"https:\/\/www.programme-tv.net\/news\/series-tv\/318475-mercredi-saison-2-netflix-date-de-sortie-casting-intrigue-premieres-informations-sur-la-nouvelle-saison\/\" data-api-deeplink=\"teleloisirs:\/\/news\/318475\" target=\"_blank\" rel=\"noopener\">La saison 2 de Mercredi<\/a> approche. D\u00e8s le mercredi 6 ao\u00fbt, les abonn\u00e9s de <a href=\"https:\/\/www.programme-tv.net\/guide-netflix\/\" target=\"_blank\" rel=\"noopener\">Netflix<b> <\/b><\/a>pourront se ruer sur la suite qui <a href=\"https:\/\/www.programme-tv.net\/news\/series-tv\/373935-c-est-insense-jenna-ortega-annonce-la-couleur-pour-la-saison-2-de-la-serie-mercredi\/\" data-api-deeplink=\"teleloisirs:\/\/news\/373935\" target=\"_blank\" rel=\"noopener\">s&rsquo;annonce plus effrayante que la pr\u00e9c\u00e9dente<\/a>. L&rsquo;adolescente, toujours aussi \u00e9nigmatique et sarcastique, est de retour dans les couloirs de l&rsquo;Acad\u00e9mie Nevermore, o\u00f9 l&rsquo;attendent de nouveaux ennemis, de nouveaux ennuis et surtout de nouveaux myst\u00e8res. En effet, la fille de Gomez et Morticia se retrouvera plong\u00e9e au c\u0153ur d&rsquo;un nouveau myst\u00e8re surnaturel. \u00c0 quelques jours de la diffusion des premiers \u00e9pisodes de la saison 2 de Mercredi, Jenna Ortega a fait une apparition remarqu\u00e9e dans la Ville Lumi\u00e8re aux c\u00f4t\u00e9s de Tim Burton.<\/p>\n<p><b>Jenna Ortega m\u00e9tamorphos\u00e9e en v\u00e9ritable poup\u00e9e gothique \u00e0 l&rsquo;avant-premi\u00e8re parisienne de <\/b><b>Mercredi <\/b><\/p>\n<p>Apr\u00e8s un bref passage \u00e0 Londres, <a href=\"https:\/\/www.programme-tv.net\/news\/series-tv\/384421-mercredi-impossible-de-reconnaitre-jenna-ortega-metamorphosee-a-lavant-premiere-de-la-saison-2-photos\/\" data-api-deeplink=\"teleloisirs:\/\/news\/384421\" target=\"_blank\" rel=\"noopener\">o\u00f9 elle est apparue totalement m\u00e9connaissable<\/a>, <b>Jenna Ortega a pos\u00e9 ses valises \u00e0 Paris le temps de l&rsquo;avant-premi\u00e8re de la saison 2 de <\/b><b>Mercredi<\/b>. Pour l&rsquo;occasion, l&rsquo;actrice a opt\u00e9 pour une robe chocolat au d\u00e9collet\u00e9 plongeant sign\u00e9e <a href=\"https:\/\/www.programme-tv.net\/biographie\/115797-westwood-vivienne\/\" data-link-people=\"437990a4-5821-402e-83a1-390687135914\" target=\"_blank\" rel=\"noopener\">Vivienne Westwood<\/a> qu&rsquo;elle a accessoiris\u00e9e avec un imposant collier en forme de croix. Durant l&rsquo;\u00e9v\u00e9nement, l&rsquo;interpr\u00e8te de Mercredi a pris la pose avec Tim Burton, en total look noir, ainsi qu&rsquo;avec les cr\u00e9ateurs de la s\u00e9rie, Miles Millar et Alfred Gough. Jenna Ortega n&rsquo;\u00e9tait pas la seule personnalit\u00e9 \u00e0 avoir attir\u00e9 tous les regards durant l&rsquo;avant-premi\u00e8re parisienne de Mercredi.<\/p>\n<p>                        <b>L\u00e9na Situations s&rsquo;offre une apparition remarqu\u00e9e \u00e0 l&rsquo;avant-premi\u00e8re parisienne de <\/b><b>Mercredi<\/b><\/p>\n<p>L\u00e9na Situations, consid\u00e9r\u00e9e comme l&rsquo;influenceuse la plus puissante en France, \u00e9tait aussi \u00e0 la Beach Party de Netflix pour c\u00e9l\u00e9brer la saison 2 de Mercredi. Elle a fait une apparition remarqu\u00e9e en portant une longue robe manteau blanche orn\u00e9e de motifs noirs. Durant l&rsquo;\u00e9v\u00e9nement, <a href=\"https:\/\/www.programme-tv.net\/news\/loisirs\/381114-lena-situations-revele-pourquoi-son-compagnon-seb-a-ete-arrete-lors-de-leur-voyage-au-japon\/\" data-api-deeplink=\"teleloisirs:\/\/news\/381114\" target=\"_blank\" rel=\"noopener\">la compagne de Seb la Frite<\/a> a pris la pose aux c\u00f4t\u00e9s de ses cons\u0153urs, Chlo\u00e9 Gervais et Maghla. <a href=\"https:\/\/www.programme-tv.net\/news\/tele-realite\/383724-je-suis-un-grand-joueur-pourquoi-mayer-secret-story-n-a-pas-revele-son-secret-aux-habitants-au-lieu-d-abandonner\/\" data-api-deeplink=\"teleloisirs:\/\/news\/383724\" target=\"_blank\" rel=\"noopener\">Mayer, ancien candidat de Secret Story<\/a>, et la chanteuse Yelle \u00e9taient aussi pr\u00e9sent \u00e0 cet \u00e9v\u00e9nement, tout comme les influenceuses Shera et EnjoyPhoenix.<\/p>\n<p>Article \u00e9crit en collaboration avec 6M\u00e9dias<\/p>\n","protected":false},"excerpt":{"rendered":"Pr\u00e8s de trois ans apr\u00e8s une premi\u00e8re saison couronn\u00e9e de succ\u00e8s, Mercredi s&rsquo;appr\u00eate \u00e0 faire son grand retour&hellip;\n","protected":false},"author":2,"featured_media":291690,"comment_status":"","ping_status":"","sticky":false,"template":"","format":"standard","meta":{"footnotes":""},"categories":[1888],"tags":[1111,1928,11,1927,244,1777,674,1011,27,5878,43197,127,12,1926,626,1925,1722,25,6569,1721,129,43196],"class_list":{"0":"post-291689","1":"post","2":"type-post","3":"status-publish","4":"format-standard","5":"has-post-thumbnail","7":"category-paris","8":"tag-actu","9":"tag-actu-paris","10":"tag-actualites","11":"tag-actualites-paris","12":"tag-commentaire","13":"tag-eu","14":"tag-europe","15":"tag-fr","16":"tag-france","17":"tag-jenna-ortega","18":"tag-lu00e9na-situations","19":"tag-netflix","20":"tag-news","21":"tag-news-paris","22":"tag-paris","23":"tag-paris-news","24":"tag-pub-streaming-netflix","25":"tag-republique-francaise","26":"tag-streamers","27":"tag-su00e9rie-netflix","28":"tag-svod","29":"tag-tim-burton"},"share_on_mastodon":{"url":"https:\/\/pubeurope.com\/@fr\/114960044102794777","error":""},"_links":{"self":[{"href":"https:\/\/www.europesays.com\/fr\/wp-json\/wp\/v2\/posts\/291689","targetHints":{"allow":["GET"]}}],"collection":[{"href":"https:\/\/www.europesays.com\/fr\/wp-json\/wp\/v2\/posts"}],"about":[{"href":"https:\/\/www.europesays.com\/fr\/wp-json\/wp\/v2\/types\/post"}],"author":[{"embeddable":true,"href":"https:\/\/www.europesays.com\/fr\/wp-json\/wp\/v2\/users\/2"}],"replies":[{"embeddable":true,"href":"https:\/\/www.europesays.com\/fr\/wp-json\/wp\/v2\/comments?post=291689"}],"version-history":[{"count":0,"href":"https:\/\/www.europesays.com\/fr\/wp-json\/wp\/v2\/posts\/291689\/revisions"}],"wp:featuredmedia":[{"embeddable":true,"href":"https:\/\/www.europesays.com\/fr\/wp-json\/wp\/v2\/media\/291690"}],"wp:attachment":[{"href":"https:\/\/www.europesays.com\/fr\/wp-json\/wp\/v2\/media?parent=291689"}],"wp:term":[{"taxonomy":"category","embeddable":true,"href":"https:\/\/www.europesays.com\/fr\/wp-json\/wp\/v2\/categories?post=291689"},{"taxonomy":"post_tag","embeddable":true,"href":"https:\/\/www.europesays.com\/fr\/wp-json\/wp\/v2\/tags?post=291689"}],"curies":[{"name":"wp","href":"https:\/\/api.w.org\/{rel}","templated":true}]}}