{"id":291695,"date":"2025-08-02T16:11:13","date_gmt":"2025-08-02T16:11:13","guid":{"rendered":"https:\/\/www.europesays.com\/fr\/291695\/"},"modified":"2025-08-02T16:11:13","modified_gmt":"2025-08-02T16:11:13","slug":"ukraine-on-a-epuise-notre-arsenal-de-sanctions-contre-moscou-pointe-eugene-berg-specialiste-de-la-russie","status":"publish","type":"post","link":"https:\/\/www.europesays.com\/fr\/291695\/","title":{"rendered":"Ukraine : \u00ab\u00a0On a \u00e9puis\u00e9 notre arsenal de sanctions\u00a0\u00bb contre Moscou, pointe Eug\u00e8ne Berg, sp\u00e9cialiste de la Russie"},"content":{"rendered":"<ul class=\"jsx-862013697 ArticleChapo__List\">\n<li class=\"jsx-862013697 ArticleChapo__List_Item flex\">Donald Trump a pos\u00e9 un ultimatum jusqu&rsquo;au 8 ao\u00fbt \u00e0 la Russie pour mettre fin \u00e0 la guerre en Ukraine.<\/li>\n<li class=\"jsx-862013697 ArticleChapo__List_Item flex\">Le pr\u00e9sident am\u00e9ricain a menac\u00e9 le Kremlin de repr\u00e9sailles \u00e9conomiques.<\/li>\n<li class=\"jsx-862013697 ArticleChapo__List_Item flex\">Sur LCI, Eug\u00e8ne Berg, essayiste et diplomate sp\u00e9cialiste de la Russie, estime pourtant qu\u2019il reste \u00ab\u00a0peu de leviers\u00a0\u00bb aux Occidentaux.<\/li>\n<\/ul>\n<p data-module=\"article-paragraph\" class=\"jsx-3046738180 Paragraph\">Donald Trump a fix\u00e9 <a href=\"https:\/\/www.tf1info.fr\/international\/guerre-ukraine-russie-donald-trump-previent-que-son-ultimatum-a-vladimir-poutine-pour-stopper-la-guerre-en-ukraine-prendra-fin-dans-10-jours-2385904.html\" target=\"_blank\" rel=\"noopener\">un d\u00e9lai de 10 jours<\/a>, soit le 8 ao\u00fbt prochain, \u00e0 Vladimir Poutine pour mettre un terme \u00e0 la guerre en Ukraine, sous peine de sanctions \u00e9conomiques. Parmi lesquelles, le pr\u00e9sident am\u00e9ricain a cit\u00e9 l\u2019imposition \u00ab\u00a0de droits de douanes et d\u2019autres choses\u00a0\u00bb. Ajoutant : \u00ab\u00a0Je ne sais pas si cela va affecter la Russie, car de toute \u00e9vidence il veut que la guerre continue\u00a0\u00bb. Interrog\u00e9 sur LCI sur les<a href=\"https:\/\/www.tf1info.fr\/international\/guerre-en-ukraine-donald-trump-lance-un-nouvel-ultimatum-a-vladimir-poutine-quelles-nouvelles-sanctions-economiques-pourraient-prendre-les-etats-unis-2385804.html\" target=\"_blank\" rel=\"noopener\"> possibles sanctions<\/a> impos\u00e9es \u00e0 la Russie, Eug\u00e8ne Berg, essayiste et diplomate sp\u00e9cialiste du pays, reconna\u00eet : \u00ab\u00a0Il y a peu de leviers, sauf si on emploie la force\u00a0\u00bb.\u00a0<\/p>\n<p data-module=\"article-paragraph\" class=\"jsx-3046738180 Paragraph Paragraph__End\">Il pourrait ainsi s\u2019agir de s\u2019attaquer aux <a href=\"https:\/\/www.tf1info.fr\/international\/la-flotte-fantome-pour-contourner-les-sanctions-sur-le-petrole-estimee-a-900-navires-par-un-amiral-francais-2380444.html\" target=\"_blank\" rel=\"noopener\">navires fant\u00f4mes<\/a> du Kremlin. \u00ab\u00a0Est-ce qu&rsquo;un pays occidental est pr\u00eat \u00e0 envoyer sa marine de guerre pour r\u00e9torquer aux marines de guerre russes qui les prot\u00e8geront ?\u00a0\u00bb, interroge-t-il. Parmi les autres cartes \u00e0 jouer, Eug\u00e8ne Berg propose de <a href=\"https:\/\/www.tf1info.fr\/international\/video-lci-faut-il-saisir-les-avoirs-russes-lci-vous-repond-2359140.html\" target=\"_blank\" rel=\"noopener\">saisir les avoirs russes<\/a>. \u00ab\u00a0Pour l&rsquo;instant, on g\u00e8le les avoirs et on tire 3-4 milliards d&rsquo;euros par an qu&rsquo;on verse \u00e0 l&rsquo;Ukraine. Si on saisissait le reliquat, c&rsquo;est-\u00e0-dire environ <a href=\"https:\/\/www.tf1info.fr\/international\/guerre-en-ukraine-financement-aides-avoirs-russes-geles-de-quelles-sommes-parle-t-on-2359126.html\" target=\"_blank\" rel=\"noopener\">230 milliards d&rsquo;euros<\/a> \u00e0 la Russie, on aurait un tr\u00e9sor de guerre pour financer et reconstruire l&rsquo;Ukraine\u00a0\u00bb, poursuit-il.<\/p>\n<p><a href=\"https:\/\/www.tf1info.fr\/international\/trois-ans-de-guerre-en-ukraine-russie-comment-la-flotte-fantome-russe-hante-les-mers-depuis-trois-ans-2349005.html\" rel=\"noopener\" class=\"jsx-3308031228 Link flex\" target=\"_blank\"><img decoding=\"async\" src=\"https:\/\/www.europesays.com\/fr\/wp-content\/uploads\/2025\/07\/tanker-russe-6fc0ee-0@1x.jpeg\" alt=\"David Ryder \/ GETTY IMAGES NORTH AMERICA \/ Getty Images via AFP\" loading=\"lazy\" importance=\"low\" fetchpriority=\"low\" class=\"\" aria-hidden=\"true\"\/><\/p>\n<p class=\"jsx-3657663356 ReadMoreArticle__Title\">Lire aussi<\/p>\n<p class=\"jsx-3657663356\">Guerre en Ukraine : comment la flotte fant\u00f4me russe hante et menace les mers<\/p>\n<p><\/a><\/p>\n<p data-module=\"article-paragraph\" class=\"jsx-3046738180 Paragraph Paragraph__End\">Toutefois, le sp\u00e9cialiste le reconna\u00eet : \u00ab\u00a0On a pratiquement tout sanctionn\u00e9. [&#8230;] On a \u00e9puis\u00e9 notre arsenal de sanctions\u00a0\u00bb contre la Russie. Alors pour les repr\u00e9sailles promises par Donald Trump \u00e0 partir du 8 ao\u00fbt, \u00ab\u00a0il faudra bien passer \u00e0 quelque chose d&rsquo;autre. Et l\u00e0, il faudra faire preuve d&rsquo;imagination et surtout de courage\u00a0\u00bb, conclut l\u2019expert.<\/p>\n<p>Emma ALLAMAND<\/p>\n","protected":false},"excerpt":{"rendered":"Donald Trump a pos\u00e9 un ultimatum jusqu&rsquo;au 8 ao\u00fbt \u00e0 la Russie pour mettre fin \u00e0 la guerre&hellip;\n","protected":false},"author":2,"featured_media":291696,"comment_status":"","ping_status":"","sticky":false,"template":"","format":"standard","meta":{"footnotes":""},"categories":[1591],"tags":[1111,11,1921,75,73,1887,1922,13646,12,2543,1885,1886,132,1917,133,1920,135],"class_list":{"0":"post-291695","1":"post","2":"type-post","3":"status-publish","4":"format-standard","5":"has-post-thumbnail","7":"category-russie","8":"tag-actu","9":"tag-actualites","10":"tag-article-video","11":"tag-donald-trump","12":"tag-etats-unis","13":"tag-federation-de-russie","14":"tag-info","15":"tag-lci-midi","16":"tag-news","17":"tag-relations-internationales","18":"tag-russia","19":"tag-russian-federation","20":"tag-russie","21":"tag-ukraine-4-annee-de-guerre","22":"tag-video","23":"tag-video-international","24":"tag-vladimir-poutine"},"share_on_mastodon":{"url":"https:\/\/pubeurope.com\/@fr\/114960052159292076","error":""},"_links":{"self":[{"href":"https:\/\/www.europesays.com\/fr\/wp-json\/wp\/v2\/posts\/291695","targetHints":{"allow":["GET"]}}],"collection":[{"href":"https:\/\/www.europesays.com\/fr\/wp-json\/wp\/v2\/posts"}],"about":[{"href":"https:\/\/www.europesays.com\/fr\/wp-json\/wp\/v2\/types\/post"}],"author":[{"embeddable":true,"href":"https:\/\/www.europesays.com\/fr\/wp-json\/wp\/v2\/users\/2"}],"replies":[{"embeddable":true,"href":"https:\/\/www.europesays.com\/fr\/wp-json\/wp\/v2\/comments?post=291695"}],"version-history":[{"count":0,"href":"https:\/\/www.europesays.com\/fr\/wp-json\/wp\/v2\/posts\/291695\/revisions"}],"wp:featuredmedia":[{"embeddable":true,"href":"https:\/\/www.europesays.com\/fr\/wp-json\/wp\/v2\/media\/291696"}],"wp:attachment":[{"href":"https:\/\/www.europesays.com\/fr\/wp-json\/wp\/v2\/media?parent=291695"}],"wp:term":[{"taxonomy":"category","embeddable":true,"href":"https:\/\/www.europesays.com\/fr\/wp-json\/wp\/v2\/categories?post=291695"},{"taxonomy":"post_tag","embeddable":true,"href":"https:\/\/www.europesays.com\/fr\/wp-json\/wp\/v2\/tags?post=291695"}],"curies":[{"name":"wp","href":"https:\/\/api.w.org\/{rel}","templated":true}]}}