{"id":291698,"date":"2025-08-02T16:13:16","date_gmt":"2025-08-02T16:13:16","guid":{"rendered":"https:\/\/www.europesays.com\/fr\/291698\/"},"modified":"2025-08-02T16:13:16","modified_gmt":"2025-08-02T16:13:16","slug":"etats-unis-marche-de-lemploi-donald-trump-refute-les-chiffres-catastrophiques-annonces-par-le-bureau-federal-des-statistiques","status":"publish","type":"post","link":"https:\/\/www.europesays.com\/fr\/291698\/","title":{"rendered":"\u00c9tats Unis | March\u00e9 de l\u2019emploi : Donald Trump r\u00e9fute les chiffres catastrophiques annonc\u00e9s par le Bureau f\u00e9d\u00e9ral des statistiques"},"content":{"rendered":"<p class=\"p1\"><b>Le pr\u00e9sident am\u00e9ricain a r\u00e9clam\u00e9, vendredi 1er ao\u00fbt, le \u00abrenvoi imm\u00e9diat\u00bb d\u2019Erika McEntarfer, patronne du Bureau f\u00e9d\u00e9ral des statistiques. Sa faute ? Avoir publi\u00e9 un rapport qui montre une d\u00e9t\u00e9rioration forte du march\u00e9 du travail<\/b><\/p>\n<p><img loading=\"lazy\" decoding=\"async\" class=\"size-medium wp-image-40329 lazyload\" src=\"https:\/\/www.europesays.com\/fr\/wp-content\/uploads\/2025\/08\/Larry-Summers-ancien-ministre-des-finances-du-president-Bill-Clinton--314x200.jpg.webp.webp\" alt=\"\u00c0 d\u00e9faut d\u2019avoir sa t\u00eate \u2013 Jerome Powell est cens\u00e9 pr\u00e9sider l\u2019institution mon\u00e9taire jusqu\u2019en mai 2026 \u2013, Donald Trump s\u2019est estim\u00e9 \u00abtr\u00e8s heureux\u00bb de la d\u00e9mission surprise annonc\u00e9e vendredi 1er\u00a0ao\u00fbt, d\u2019Adriana Kruger, une autre opposante \u00e0 sa politique au sein de la Fed. Nomm\u00e9e gouverneure en 2023 par l\u2019ancien pr\u00e9sident Joe Biden, Adriana Kruger n\u2019a pas expliqu\u00e9 les raisons de son d\u00e9part, apparemment pour \u00abmotifs personnels.\u00bb En apprenant la nouvelle depuis son golf du New Jersey, Donald Trump s\u2019est r\u00e9joui de ce d\u00e9part inopin\u00e9 qui lui offre l\u2019occasion de nommer un alli\u00e9 au sein du comit\u00e9 mon\u00e9taire qui fixe les taux.\" width=\"314\" height=\"200\"  data- style=\"--smush-placeholder-width: 314px; --smush-placeholder-aspect-ratio: 314\/200;\"\/>\u00abRenvoyer la responsable d\u2019une agence gouvernementale strat\u00e9gique parce que vous n\u2019aimez pas les chiffres qu\u2019elle produit, c\u2019est ce qui arrive dans les pays totalitaires, pas dans les pays d\u00e9mocratiques,\u00bb a ainsi d\u00e9nonc\u00e9 Larry Summers, ancien ministre des finances du pr\u00e9sident Bill Clinton puis conseiller de Barack Obama.<\/p>\n<p class=\"p1\">Furieux contre les mauvais chiffres concernant l\u2019emploi aux \u00c9tats-Unis publi\u00e9 vendredi 1er\u00a0ao\u00fbt, le pr\u00e9sident Donald Trump a aussit\u00f4t d\u00e9nonc\u00e9 des r\u00e9sultats \u00abtruqu\u00e9s\u00bb et a demand\u00e9 le renvoi d\u2019Erika McEntarfer, la directrice de la principale agence de statistiques \u00e9conomiques du pays.<\/p>\n<p>Pour Trump, tout ce qui n\u2019est pas favorable \u00e0 sa politique est forc\u00e9ment de Biden <\/p>\n<p class=\"p1\">\u00abJe viens d\u2019apprendre que les chiffres de l\u2019emploi sont r\u00e9alis\u00e9s par une personne nomm\u00e9e par Joe Biden qui a truqu\u00e9 ces chiffres avant l\u2019\u00e9lection pour augmenter les chances de victoire de Kamala Harris sa rivale d\u00e9mocrate \u00e0 la derni\u00e8re pr\u00e9sidentielle,\u00bb a d\u2019abord affirm\u00e9 le chef de l\u2019\u00c9tat sur les r\u00e9seaux sociaux. Et d\u2019ajouter dans un second message, un commentaire accusatoire : le second rapport est \u00ab\u00a0truqu\u00e9 pour donner une mauvaise image des r\u00e9publicains et de moi-m\u00eame.\u00bb \u00ab\u00a0J\u2019ai demand\u00e9 \u00e0 mon \u00e9quipe de renvoyer cette personne imm\u00e9diatement. Elle sera remplac\u00e9e par quelqu\u2019un de beaucoup plus comp\u00e9tent et qualifi\u00e9,\u00bb a-t-il ajout\u00e9, sans apporter de preuves de ses accusations.<\/p>\n<p class=\"p1\">Erika McEntarfer est la commissaire du Bureau f\u00e9d\u00e9ral des statistiques, un organisme qui publie les r\u00e9sultats de r\u00e9f\u00e9rence sur l\u2019emploi, la productivit\u00e9 et les prix aux \u00c9tats-Unis. Son dernier rapport mensuel d\u00e9peint un tableau plus sombre qu\u2019attendu de l\u2019\u00e9tat du march\u00e9 du travail.<\/p>\n<p class=\"p1\">Il pointe ainsi que le nombre d\u2019emplois cr\u00e9\u00e9s les mois de mai et de juin a \u00e9t\u00e9 beaucoup moins important qu\u2019escompt\u00e9\u00a0: 19\u00a0000 en mai et 14\u00a0000 en juin contre les 258\u00a0000 attendus, soit le niveau le plus bas depuis la pand\u00e9mie de Covid.<\/p>\n<p>Une \u00e9conomie am\u00e9ricaine pas si \u00abtriomphante\u00bb<\/p>\n<p class=\"p1\">Un pi\u00e8tre r\u00e9sultat qui met \u00e0 mal le discours triomphaliste de Donald Trump sur l\u2019\u00e9conomie am\u00e9ricaine. Alors qu\u2019il vante les succ\u00e8s de son offensive mondiale sur la hausse des tarifs douaniers, les experts, eux, pointent les effets contrast\u00e9s d\u2019une telle mesure qui pourrait entra\u00eener un ralentissement de l\u2019\u00e9conomie am\u00e9ricaine.<\/p>\n<p class=\"p1\">Le rapport publi\u00e9 de l\u2019agence f\u00e9d\u00e9rale est en tous les cas le signe que le march\u00e9 du travail am\u00e9ricain se d\u00e9t\u00e9riore rapidement.<\/p>\n<p class=\"p1\">F\u00e2ch\u00e9 avec les statistiques, Donald Trump l\u2019est \u00e9galement avec les taux d\u2019int\u00e9r\u00eat. Depuis son accession au pouvoir, il ne cesse de r\u00e9clamer \u00e0 la R\u00e9serve f\u00e9d\u00e9rale (FED), la banque centrale am\u00e9ricaine, de diminuer ses taux d\u2019int\u00e9r\u00eat pour mieux soutenir l\u2019investissement et la croissance.<\/p>\n<p class=\"p1\">Ce \u00e0 quoi la r\u00e9serve f\u00e9d\u00e9rale s\u2019est encore refus\u00e9e cette semaine, laissant ses taux inchang\u00e9s pour la cinqui\u00e8me fois. Au grand dam de Donald Trump qui ne cesse de proclamer que le patron de la Fed, Jerome Powell, \u00abdevrait d\u00e9missionner.\u00bb<\/p>\n<p>Une pratique \u00abtotalitaire\u00bb pour ses opposants<\/p>\n<p class=\"p1\">\u00c0 d\u00e9faut d\u2019avoir sa t\u00eate \u2013 Jerome Powell est cens\u00e9 pr\u00e9sider l\u2019institution mon\u00e9taire jusqu\u2019en mai 2026 \u2013, Donald Trump s\u2019est estim\u00e9 \u00abtr\u00e8s heureux\u00bb de la d\u00e9mission surprise annonc\u00e9e vendredi 1er\u00a0ao\u00fbt, d\u2019Adriana Kruger, une autre opposante \u00e0 sa politique au sein de la Fed.<\/p>\n<p class=\"p1\">Nomm\u00e9e gouverneure en 2023 par l\u2019ancien pr\u00e9sident Joe Biden, Adriana Kruger n\u2019a pas expliqu\u00e9 les raisons de son d\u00e9part, apparemment pour \u00abmotifs personnels.\u00bb En apprenant la nouvelle depuis son golf du New Jersey, Donald Trump s\u2019est r\u00e9joui de ce d\u00e9part inopin\u00e9 qui lui offre l\u2019occasion de nommer un alli\u00e9 au sein du comit\u00e9 mon\u00e9taire qui fixe les taux.<\/p>\n<p class=\"p1\">En attendant, l\u2019annonce du renvoi d\u2019Erika McEntarfer suscite l\u2019\u00e9moi de nombre d\u2019\u00e9conomistes et les vives r\u00e9actions des opposants d\u00e9mocrates au pr\u00e9sident milliardaire.<\/p>\n<p class=\"p1\">\u00abRenvoyer la responsable d\u2019une agence gouvernementale strat\u00e9gique parce que vous n\u2019aimez pas les chiffres qu\u2019elle produit, c\u2019est ce qui arrive dans les pays totalitaires, pas dans les pays d\u00e9mocratiques,\u00bb a ainsi d\u00e9nonc\u00e9 Larry Summers, ancien ministre des finances du pr\u00e9sident Bill Clinton puis conseiller de Barack Obama.<\/p>\n<p> Par <strong><a href=\"https:\/\/afrimag.net\/author\/la-redaction\/\" rel=\"nofollow noopener\" target=\"_blank\">La r\u00e9daction<\/a><\/strong>, Comit\u00e9 \u00c9ditorial &#8211; Casablanca<\/p>\n","protected":false},"excerpt":{"rendered":"Le pr\u00e9sident am\u00e9ricain a r\u00e9clam\u00e9, vendredi 1er ao\u00fbt, le \u00abrenvoi imm\u00e9diat\u00bb d\u2019Erika McEntarfer, patronne du Bureau f\u00e9d\u00e9ral des&hellip;\n","protected":false},"author":2,"featured_media":291699,"comment_status":"","ping_status":"","sticky":false,"template":"","format":"standard","meta":{"footnotes":""},"categories":[1589],"tags":[11,73,1866,12,1864,1865,1863,308],"class_list":{"0":"post-291698","1":"post","2":"type-post","3":"status-publish","4":"format-standard","5":"has-post-thumbnail","7":"category-etats-unis","8":"tag-actualites","9":"tag-etats-unis","10":"tag-etats-unis-damerique","11":"tag-news","12":"tag-united-states","13":"tag-united-states-of-america","14":"tag-us","15":"tag-usa"},"share_on_mastodon":{"url":"https:\/\/pubeurope.com\/@fr\/114960059900901213","error":""},"_links":{"self":[{"href":"https:\/\/www.europesays.com\/fr\/wp-json\/wp\/v2\/posts\/291698","targetHints":{"allow":["GET"]}}],"collection":[{"href":"https:\/\/www.europesays.com\/fr\/wp-json\/wp\/v2\/posts"}],"about":[{"href":"https:\/\/www.europesays.com\/fr\/wp-json\/wp\/v2\/types\/post"}],"author":[{"embeddable":true,"href":"https:\/\/www.europesays.com\/fr\/wp-json\/wp\/v2\/users\/2"}],"replies":[{"embeddable":true,"href":"https:\/\/www.europesays.com\/fr\/wp-json\/wp\/v2\/comments?post=291698"}],"version-history":[{"count":0,"href":"https:\/\/www.europesays.com\/fr\/wp-json\/wp\/v2\/posts\/291698\/revisions"}],"wp:featuredmedia":[{"embeddable":true,"href":"https:\/\/www.europesays.com\/fr\/wp-json\/wp\/v2\/media\/291699"}],"wp:attachment":[{"href":"https:\/\/www.europesays.com\/fr\/wp-json\/wp\/v2\/media?parent=291698"}],"wp:term":[{"taxonomy":"category","embeddable":true,"href":"https:\/\/www.europesays.com\/fr\/wp-json\/wp\/v2\/categories?post=291698"},{"taxonomy":"post_tag","embeddable":true,"href":"https:\/\/www.europesays.com\/fr\/wp-json\/wp\/v2\/tags?post=291698"}],"curies":[{"name":"wp","href":"https:\/\/api.w.org\/{rel}","templated":true}]}}