{"id":291700,"date":"2025-08-02T16:14:25","date_gmt":"2025-08-02T16:14:25","guid":{"rendered":"https:\/\/www.europesays.com\/fr\/291700\/"},"modified":"2025-08-02T16:14:25","modified_gmt":"2025-08-02T16:14:25","slug":"a-buckingham-la-tradition-francophone-et-francophile-du-chef-de-la-cour","status":"publish","type":"post","link":"https:\/\/www.europesays.com\/fr\/291700\/","title":{"rendered":"\u00c0 Buckingham, la tradition francophone et\u00a0francophile du chef de la cour"},"content":{"rendered":"<p>\u00c0 Buckingham Palace comme au ch\u00e2teau de Windsor, la pr\u00e9sence de la France est \u00e9vidente.<\/p>\n<p>Le service de S\u00e8vres turquoise utilis\u00e9 lors des grandes occasions est un cadeau personnel de <a class=\"Link\" href=\"https:\/\/www.lepoint.fr\/histoire\/louis-xvi-la-miserable-enfance-d-un-roi-02-11-2024-2574235_1615.php\" title=\"\" data-gtm=\"click:capsule\" data-capsule=\"Lien\" rel=\"nofollow noopener\" target=\"_blank\">Louis XVI <\/a>\u00e0 la duchesse de Manchester.\u00a0Les maisons de champagne sont premier fournisseur \u00e9tranger de la cour, avec six producteurs, sans oublier une maison de cognac.\u00a0Tous les matins, lors de la rel\u00e8ve de la garde des Grenadiers, l&rsquo;officier en chef pousse des cris rauques et d\u00e9chirants en vieux fran\u00e7ais. M\u00eame le \u00ab\u00a0<a class=\"Link\" href=\"https:\/\/www.lepoint.fr\/monde\/et-soudain-resonna-a-westminster-le-premier-god-save-the-king-en-70-ans-10-09-2022-2489452_24.php\" title=\"\" data-gtm=\"click:capsule\" data-capsule=\"Lien\" rel=\"nofollow noopener\" target=\"_blank\">God Save The King<\/a>\u00a0\u00bb, l&rsquo;hymne de cette nation fi\u00e8re, a des racines hexagonales. Compos\u00e9 par Lully, Haendel l&rsquo;aurait entendu \u00e0 la cour de Louis XIV et rapport\u00e9 dans ses bagages \u00e0 Londres. L&rsquo;un des premiers cas de piraterie musicale. Dans les pr\u00eats d&rsquo;\u0153uvres d&rsquo;art de la fabuleuse Royal Collection \u00e0 l&rsquo;\u00e9tr&#8230;<\/p>\n<p>Toute l\u2019actualit\u00e9 \u00e0 1\u20ac le premier mois<\/p>\n<p><a href=\"https:\/\/abo.lepoint.fr\/?provenance=21EDI020098\" class=\"btn\" title=\"S&#039;abonner\" data-gtm=\"click:abo|display:abo\" data-campaign=\"paywall_maison\" rel=\"nofollow noopener\" target=\"_blank\">S&rsquo;abonner<\/a><\/p>\n<p>ou<\/p>\n","protected":false},"excerpt":{"rendered":"\u00c0 Buckingham Palace comme au ch\u00e2teau de Windsor, la pr\u00e9sence de la France est \u00e9vidente. Le service de&hellip;\n","protected":false},"author":2,"featured_media":291701,"comment_status":"","ping_status":"","sticky":false,"template":"","format":"standard","meta":{"footnotes":""},"categories":[1588],"tags":[11,1777,674,12,473,1853,1851,1850,1852],"class_list":{"0":"post-291700","1":"post","2":"type-post","3":"status-publish","4":"format-standard","5":"has-post-thumbnail","7":"category-royaume-uni","8":"tag-actualites","9":"tag-eu","10":"tag-europe","11":"tag-news","12":"tag-royaume-uni","13":"tag-royaume-uni-de-grande-bretagne-et-dirlande-du-nord","14":"tag-uk","15":"tag-united-kingdom","16":"tag-united-kingdom-of-great-britain-and-northern-ireland"},"share_on_mastodon":{"url":"https:\/\/pubeurope.com\/@fr\/114960063789158086","error":""},"_links":{"self":[{"href":"https:\/\/www.europesays.com\/fr\/wp-json\/wp\/v2\/posts\/291700","targetHints":{"allow":["GET"]}}],"collection":[{"href":"https:\/\/www.europesays.com\/fr\/wp-json\/wp\/v2\/posts"}],"about":[{"href":"https:\/\/www.europesays.com\/fr\/wp-json\/wp\/v2\/types\/post"}],"author":[{"embeddable":true,"href":"https:\/\/www.europesays.com\/fr\/wp-json\/wp\/v2\/users\/2"}],"replies":[{"embeddable":true,"href":"https:\/\/www.europesays.com\/fr\/wp-json\/wp\/v2\/comments?post=291700"}],"version-history":[{"count":0,"href":"https:\/\/www.europesays.com\/fr\/wp-json\/wp\/v2\/posts\/291700\/revisions"}],"wp:featuredmedia":[{"embeddable":true,"href":"https:\/\/www.europesays.com\/fr\/wp-json\/wp\/v2\/media\/291701"}],"wp:attachment":[{"href":"https:\/\/www.europesays.com\/fr\/wp-json\/wp\/v2\/media?parent=291700"}],"wp:term":[{"taxonomy":"category","embeddable":true,"href":"https:\/\/www.europesays.com\/fr\/wp-json\/wp\/v2\/categories?post=291700"},{"taxonomy":"post_tag","embeddable":true,"href":"https:\/\/www.europesays.com\/fr\/wp-json\/wp\/v2\/tags?post=291700"}],"curies":[{"name":"wp","href":"https:\/\/api.w.org\/{rel}","templated":true}]}}