{"id":291702,"date":"2025-08-02T16:15:29","date_gmt":"2025-08-02T16:15:29","guid":{"rendered":"https:\/\/www.europesays.com\/fr\/291702\/"},"modified":"2025-08-02T16:15:29","modified_gmt":"2025-08-02T16:15:29","slug":"les-violences-domestiques-nont-jamais-ete-aussi-elevees-en-allemagne-2","status":"publish","type":"post","link":"https:\/\/www.europesays.com\/fr\/291702\/","title":{"rendered":"Les violences domestiques n&rsquo;ont jamais \u00e9t\u00e9 aussi \u00e9lev\u00e9es en Allemagne"},"content":{"rendered":"<p>Le nombre de victimes de violences domestiques a atteint un nouveau record en Allemagne en 2024. Comme le rapporte le journal Welt am Sonntag en se r\u00e9f\u00e9rant aux donn\u00e9es actuelles de l&rsquo;Office f\u00e9d\u00e9ral de la police criminelle (BKA), un total de 256 942 cas a \u00e9t\u00e9 enregistr\u00e9 &#8211; un nombre jamais atteint auparavant.<\/p>\n<p>Par rapport \u00e0 l&rsquo;ann\u00e9e pr\u00e9c\u00e9dente, cela repr\u00e9sente une augmentation d&rsquo;environ 3,7 %. Les sp\u00e9cialistes mettent toutefois en garde : le nombre de cas non recens\u00e9s devrait \u00eatre bien plus \u00e9lev\u00e9, car de nombreux actes commis dans la sph\u00e8re priv\u00e9e ne sont pas d\u00e9nonc\u00e9s.<\/p>\n<p>En 2023, le nombre de f\u00e9minicides en Allemagne \u00e9tait d\u00e9j\u00e0 presque trois fois plus \u00e9lev\u00e9 que l&rsquo;ann\u00e9e pr\u00e9c\u00e9dente &#8211; en moyenne, statistiquement, une femme est tu\u00e9e presque chaque jour. Dans la plupart des cas, l&rsquo;auteur est le (ex-)partenaire.<\/p>\n<p>L&rsquo;utilisation de bracelets \u00e9lectroniques pour les d\u00e9linquants, sur le mod\u00e8le espagnol, est d\u00e9sormais \u00e9galement discut\u00e9e en Allemagne : Ils sont d\u00e9j\u00e0 utilis\u00e9s en Hesse et en Saxe, et le gouvernement f\u00e9d\u00e9ral pr\u00e9voit une r\u00e9glementation \u00e0 l&rsquo;\u00e9chelle nationale.<\/p>\n<p>Le minist\u00e8re f\u00e9d\u00e9ral de la Famille voit des raisons possibles \u00e0 l&rsquo;augmentation de la violence domestique dans une propension croissante \u00e0 la violence \u00ab\u00a0\u00e0 la lumi\u00e8re des crises sociales et des d\u00e9fis personnels\u00a0\u00bb. <strong>Mais le minist\u00e8re a \u00e9galement soulign\u00e9 qu&rsquo;une plus grande propension \u00e0 porter plainte pourrait jouer un r\u00f4le.<\/strong><\/p>\n<p>En f\u00e9vrier d\u00e9j\u00e0, le Bundesrat avait approuv\u00e9 &#8211; apr\u00e8s le Bundestag &#8211; une loi visant \u00e0 am\u00e9liorer sensiblement la protection des victimes de violence. A l&rsquo;avenir, les L\u00e4nder seront tenus de mettre en place des offres de protection et de conseil sur l&rsquo;ensemble du territoire. Le gouvernement f\u00e9d\u00e9ral met \u00e0 disposition un total de 2,6 milliards d&rsquo;euros entre 2027 et 2036.<\/p>\n<p>Un droit l\u00e9gal \u00e0 la protection et au conseil gratuits doit \u00eatre appliqu\u00e9 \u00e0 partir du 1er janvier 2032. Jusqu&rsquo;\u00e0 pr\u00e9sent, les victimes de violences domestiques ou sexuelles d\u00e9pendaient des capacit\u00e9s existantes, par exemple dans les foyers pour femmes. Autre fait int\u00e9ressant : en 2023, la part des femmes qui ne sont pas n\u00e9es en Allemagne et qui ont cherch\u00e9 refuge dans l&rsquo;un des refuges pour femmes \u00e9tait, comme l&rsquo;ann\u00e9e pr\u00e9c\u00e9dente, de 69 pour cent.<\/p>\n<p>Italie<\/p>\n<p>Le service d&rsquo;assistance t\u00e9l\u00e9phonique italien 1522 contre la violence a re\u00e7u 48 000 appels et messages texte au cours des neuf premiers mois de 2024, soit une augmentation de 57 pour cent par rapport \u00e0 la m\u00eame p\u00e9riode de l&rsquo;ann\u00e9e pr\u00e9c\u00e9dente.<\/p>\n<p>Les chiffres publi\u00e9s par le minist\u00e8re italien de l&rsquo;\u00c9galit\u00e9 des chances semblent indiquer que de nombreuses femmes ont cherch\u00e9 de l&rsquo;aide apr\u00e8s le meurtre brutal de l&rsquo;\u00e9tudiante universitaire Giulia Cecchettin en novembre de l&rsquo;ann\u00e9e derni\u00e8re, qui a d\u00e9clench\u00e9 un grand d\u00e9bat sur les f\u00e9minicides en Italie. Cecchettin avait \u00e9t\u00e9 tu\u00e9e par son ex-petit ami Filippo Turetta, qui avait <a href=\"https:\/\/de.euronews.com\/my-europe\/2024\/12\/04\/ex-freundin-ermordet-23-jahriger-italiener-zu-lebenslanger-haft-verurteilt\" rel=\"nofollow noopener\" target=\"_blank\" data-ylk=\"slk:\u00e9t\u00e9 arr\u00eat\u00e9 pr\u00e8s de Leipzig;elm:context_link;itc:0;sec:content-canvas\" class=\"link \"><strong>\u00e9t\u00e9 arr\u00eat\u00e9 pr\u00e8s de Leipzig<\/strong><\/a> apr\u00e8s avoir fui en Allemagne. Turetta a avou\u00e9 le crime au procureur et a d\u00e9clar\u00e9 que Giulia \u00ab\u00a0n&rsquo;aurait pu appartenir \u00e0 personne d&rsquo;autre\u00a0\u00bb.<\/p>\n<p>En Italie, il n&rsquo;existe pas de donn\u00e9es officielles sur le nombre de victimes de violences au sein du couple ou de violences domestiques recens\u00e9es chaque ann\u00e9e par la police.<\/p>\n<p>Portugal<\/p>\n<p>En 2024, la police portugaise PSP a arr\u00eat\u00e9 1 281 personnes pour suspicion de violence domestique &#8211; par rapport \u00e0 l&rsquo;ann\u00e9e pr\u00e9c\u00e9dente, cela indique une augmentation de 310 (ou 32 %) arrestations et de 282 (1,8 %) plaintes.<\/p>\n<p>La police municipale a \u00e9galement enregistr\u00e9 15 781 plaintes li\u00e9es \u00e0 la violence domestique.<\/p>\n<p>Sur les 1.281 arrestations enregistr\u00e9es, 625 \u00e9taient des \u00ab\u00a0flagrants d\u00e9lits\u00a0\u00bb.<\/p>\n<p><strong>Espagne<\/strong><\/p>\n<p>Selon le Nacional de Estad\u00edstica (INE), l&rsquo;Espagne a enregistr\u00e9 8 860 victimes de violence domestique ayant fait l&rsquo;objet d&rsquo;une ordonnance de protection ou d&rsquo;une mesure provisoire en 2024, ce qui repr\u00e9sente une baisse de 2,9 % par rapport \u00e0 l&rsquo;ann\u00e9e pr\u00e9c\u00e9dente. 60,6 % de ces victimes \u00e9taient des femmes, tandis que la proportion d&rsquo;hommes \u00e9tait tout de m\u00eame de 39,4 %.<\/p>\n<p>Dans l&rsquo;ensemble, le nombre de f\u00e9minicides en Espagne a diminu\u00e9 d&rsquo;environ un tiers depuis 2003. Des changements profonds ont \u00e9t\u00e9 d\u00e9clench\u00e9s par plusieurs actes de violence retentissants \u00e0 l&rsquo;encontre des femmes au tournant du mill\u00e9naire. A l&rsquo;\u00e9poque, les femmes sont descendues dans la rue dans tout le pays &#8211; avec succ\u00e8s : des lois plus strictes et des offres d&rsquo;aide plus compl\u00e8tes pour les victimes ont suivi.<\/p>\n<p>Parall\u00e8lement, le nombre de d\u00e9lits sexuels d\u00e9clar\u00e9s ne cesse d&rsquo;augmenter depuis des ann\u00e9es. On ne sait pas si cela est d\u00fb \u00e0 une r\u00e9elle augmentation de la violence sexuelle ou \u00e0 une volont\u00e9 croissante de porter plainte. Le minist\u00e8re espagnol de l&rsquo;Int\u00e9rieur attribue cette augmentation, du moins en partie, au fait que de tels actes sont aujourd&rsquo;hui moins tol\u00e9r\u00e9s par la soci\u00e9t\u00e9 &#8211; et que la volont\u00e9 de d\u00e9noncer les auteurs a augment\u00e9.<\/p>\n<p>Roumanie<\/p>\n<p>La police roumaine a annonc\u00e9 que plus de 61.000 cas de violence domestique ont \u00e9t\u00e9 signal\u00e9s au cours des six premiers mois de l&rsquo;ann\u00e9e 2025, dans des proportions presque \u00e9gales dans les zones urbaines et rurales.<\/p>\n<p>Les policiers y sont intervenus dans 61.431 cas de violence domestique au cours du premier semestre 2025.<\/p>\n<p>Au cours des six premiers mois de l&rsquo;ann\u00e9e, le nombre de d\u00e9lits li\u00e9s \u00e0 la violence domestique a diminu\u00e9 de 19 % par rapport \u00e0 l&rsquo;ann\u00e9e pr\u00e9c\u00e9dente, passant de 28 117 \u00e0 22 742.<\/p>\n<p>En Roumanie, les \u00ab\u00a0coups et autres violences\u00a0\u00bb repr\u00e9sentent la part la plus importante des infractions, soit 56 % (12 807).<\/p>\n<p>Pologne<\/p>\n<p>Il est difficile d&rsquo;obtenir des chiffres actuels pour la Pologne.<\/p>\n<p>En 2023, une loi a \u00e9t\u00e9 introduite concernant des mesures suppl\u00e9mentaires pouvant \u00eatre prises \u00e0 l&rsquo;encontre des auteurs de violences domestiques, notamment des programmes psychologiques et th\u00e9rapeutiques visant \u00e0 \u00ab\u00a0dissuader l&rsquo;auteur de continuer \u00e0 recourir \u00e0 la violence et \u00e0 d\u00e9velopper des capacit\u00e9s d&rsquo;autocontr\u00f4le et de gestion non violente des conflits\u00a0\u00bb.<\/p>\n<p>Les d\u00e9linquants qui refusent de participer \u00e0 ces programmes s&rsquo;exposent \u00e0 des amendes, voire \u00e0 des peines de prison. La loi permet \u00e9galement de confisquer les armes \u00e0 feu, les munitions et les permis de port d&rsquo;armes aux auteurs de violences domestiques.<\/p>\n<p>Selon une \u00e9tude command\u00e9e par le gouvernement mais jamais publi\u00e9e officiellement, 60% des femmes polonaises ont subi des violences domestiques et 10% des hommes ne croient pas que le viol conjugal soit un d\u00e9lit.<\/p>\n<p>Grande-Bretagne<\/p>\n<p>Pour l&rsquo;Angleterre et le Pays de Galles, les chiffres sont disponibles de l&rsquo;ann\u00e9e derni\u00e8re \u00e0 mars 2024. On estime que 2,3 millions de personnes \u00e2g\u00e9es de 16 ans ont subi une forme de violence domestique. Parmi elles, 1,6 million \u00e9taient des femmes et tout de m\u00eame 712.000 des hommes.<\/p>\n<p>Selon le <a href=\"https:\/\/www.womensaid.org.uk\/annual-audit-2024\/\" rel=\"nofollow noopener\" target=\"_blank\" data-ylk=\"slk:Domestic Abuse Report 2024;elm:context_link;itc:0;sec:content-canvas\" class=\"link \"><strong>Domestic Abuse Report 2024<\/strong><\/a> de Women&rsquo;s Aid, les services sociaux ont signal\u00e9 que les survivantes n&rsquo;avaient souvent pas assez d&rsquo;argent pour payer les choses n\u00e9cessaires pour elles et\/ou leurs enfants (79,8 %) et qu&rsquo;elles d\u00e9pendaient des banques alimentaires (78,8 %). Un pourcentage inqui\u00e9tant de 62,5 % des services ont \u00e9galement signal\u00e9 que les victimes n&rsquo;\u00e9taient pas \u00e9conomiquement en mesure de quitter leur agresseur.<\/p>\n<p>Aujourd&rsquo;hui encore, la mani\u00e8re dont les m\u00e9dias allemands rapportent les faits reste probl\u00e9matique, les f\u00e9micides \u00e9tant d\u00e9finis comme des \u00ab\u00a0drames relationnels\u00a0\u00bb o\u00f9 les auteurs perdent \u00ab\u00a0le contr\u00f4le\u00a0\u00bb d&rsquo;eux-m\u00eames.<\/p>\n","protected":false},"excerpt":{"rendered":"Le nombre de victimes de violences domestiques a atteint un nouveau record en Allemagne en 2024. Comme le&hellip;\n","protected":false},"author":2,"featured_media":291703,"comment_status":"","ping_status":"","sticky":false,"template":"","format":"standard","meta":{"footnotes":""},"categories":[1587],"tags":[11,672,1804,1805,1803,1777,674,1801,1326,12,19256,43199,1802,43198],"class_list":{"0":"post-291702","1":"post","2":"type-post","3":"status-publish","4":"format-standard","5":"has-post-thumbnail","7":"category-allemagne","8":"tag-actualites","9":"tag-allemagne","10":"tag-bundesrepublik-deutschland","11":"tag-de","12":"tag-deutschland","13":"tag-eu","14":"tag-europe","15":"tag-germany","16":"tag-gouvernement-federal","17":"tag-news","18":"tag-nombre","19":"tag-protection-des-victimes","20":"tag-republique-federale-dallemagne","21":"tag-violences-domestiques"},"share_on_mastodon":{"url":"https:\/\/pubeurope.com\/@fr\/114960067697722570","error":""},"_links":{"self":[{"href":"https:\/\/www.europesays.com\/fr\/wp-json\/wp\/v2\/posts\/291702","targetHints":{"allow":["GET"]}}],"collection":[{"href":"https:\/\/www.europesays.com\/fr\/wp-json\/wp\/v2\/posts"}],"about":[{"href":"https:\/\/www.europesays.com\/fr\/wp-json\/wp\/v2\/types\/post"}],"author":[{"embeddable":true,"href":"https:\/\/www.europesays.com\/fr\/wp-json\/wp\/v2\/users\/2"}],"replies":[{"embeddable":true,"href":"https:\/\/www.europesays.com\/fr\/wp-json\/wp\/v2\/comments?post=291702"}],"version-history":[{"count":0,"href":"https:\/\/www.europesays.com\/fr\/wp-json\/wp\/v2\/posts\/291702\/revisions"}],"wp:featuredmedia":[{"embeddable":true,"href":"https:\/\/www.europesays.com\/fr\/wp-json\/wp\/v2\/media\/291703"}],"wp:attachment":[{"href":"https:\/\/www.europesays.com\/fr\/wp-json\/wp\/v2\/media?parent=291702"}],"wp:term":[{"taxonomy":"category","embeddable":true,"href":"https:\/\/www.europesays.com\/fr\/wp-json\/wp\/v2\/categories?post=291702"},{"taxonomy":"post_tag","embeddable":true,"href":"https:\/\/www.europesays.com\/fr\/wp-json\/wp\/v2\/tags?post=291702"}],"curies":[{"name":"wp","href":"https:\/\/api.w.org\/{rel}","templated":true}]}}