{"id":291704,"date":"2025-08-02T16:16:11","date_gmt":"2025-08-02T16:16:11","guid":{"rendered":"https:\/\/www.europesays.com\/fr\/291704\/"},"modified":"2025-08-02T16:16:11","modified_gmt":"2025-08-02T16:16:11","slug":"stress-mental-et-bronze-la-blesoise-agathe-girard-en-a-vu-de-toutes-les-couleurs-au-cnts-de-chateauroux","status":"publish","type":"post","link":"https:\/\/www.europesays.com\/fr\/291704\/","title":{"rendered":"stress, mental et bronze, la Bl\u00e9soise Agathe Girard en a vu de toutes les couleurs au CNTS de Ch\u00e2teauroux"},"content":{"rendered":"<p>Par quoi commencer\u00a0? Peut-\u00eatre par d\u00e9crire l\u2019atmosph\u00e8re de la comp\u00e9tition de ce samedi 2\u00a0ao\u00fbt au CNTS de Ch\u00e2teauroux-D\u00e9ols. En racontant les bruits sourds d\u2019un tir de carabine, for\u00e7ant suiveurs et arbitres \u00e0 orner de magnifiques casques ou bouchons d\u2019oreilles, ou les odeurs d\u00e9gag\u00e9es. Pour la vue, impossible de distinguer les cibles, plac\u00e9es \u00e0 300 m\u00e8tres des tireuses du jour. Alors, il s\u2019agit de rester scotch\u00e9 aux panneaux d\u2019affichage des scores, pendant que les 18 engag\u00e9es encha\u00eenaient les coups lors des presque deux heures de match.<\/p>\n<p>\u00ab\u00a0Je me rappelle de toutes les \u00e9motions que j\u2019ai ressenties\u00a0\u00bb<\/p>\n<p>\u00c0 l\u2019approche du dernier quart d\u2019heure, les athl\u00e8tes ayant boucl\u00e9 leur comp\u00e9tition s\u2019approchent au compte-goutte pour d\u00e9couvrir leurs scores. Et attendre que leurs concurrentes finissent. Comme les autres, Agathe Girard s\u2019y est pr\u00e9sent\u00e9e, consciente qu\u2019elle \u00ab\u00a0jouait quelque chose\u00a0\u00bb. Rejoignant famille et amis, la seule r\u00e9gionale de l\u2019\u00e9tape explique\u00a0: \u00ab\u00a0En fonction de notre total, on sait \u00e0 peu pr\u00e8s o\u00f9 on se situe. \u00c0 la fin, je me suis mise \u00e0 bouger et j\u2019ai fait des erreurs\u00a0\u00bb. En effet, la Bl\u00e9soise \u00e9tait en lice pour une m\u00e9daille de bronze, dans l\u2019attente des r\u00e9sultats d\u2019une Suisse et d\u2019une Slov\u00e8ne&#8230;. <\/p>\n<p>    Cet article a \u00e9t\u00e9 tronqu\u00e9. Abonnez-vous pour lire l&rsquo;article complet sur notre site.<\/p>\n<p style=\"margin: 0 !important; padding: 0 !important; font-size: 12px !important;\">Cet article a \u00e9t\u00e9 tronqu\u00e9. Abonnez-vous pour lire l&rsquo;article complet.<\/p>\n<p>    <a href=\"https:\/\/www.lanouvellerepublique.fr\/abonnements\" style=\"display: inline-block; margin-top: 5px !important; padding: 6px 12px !important; background: #cb1c27; color: white; text-decoration: none; border-radius: 4px; font-size: 12px !important;\" target=\"_blank\" rel=\"noopener\"><br \/>\n      S&rsquo;abonner<br \/>\n    <\/a><\/p>\n","protected":false},"excerpt":{"rendered":"Par quoi commencer\u00a0? Peut-\u00eatre par d\u00e9crire l\u2019atmosph\u00e8re de la comp\u00e9tition de ce samedi 2\u00a0ao\u00fbt au CNTS de Ch\u00e2teauroux-D\u00e9ols.&hellip;\n","protected":false},"author":2,"featured_media":291705,"comment_status":"","ping_status":"","sticky":false,"template":"","format":"standard","meta":{"footnotes":""},"categories":[1586],"tags":[1392,11,3469,43201,4351,43200,1777,674,1011,27,5052,4368,12,25,60,9805],"class_list":{"0":"post-291704","1":"post","2":"type-post","3":"status-publish","4":"format-standard","5":"has-post-thumbnail","7":"category-europe","8":"tag-a-la-une-local","9":"tag-actualites","10":"tag-blois","11":"tag-cande-sur-beuvron","12":"tag-chateauroux","13":"tag-deols","14":"tag-eu","15":"tag-europe","16":"tag-fr","17":"tag-france","18":"tag-indre","19":"tag-loir-et-cher","20":"tag-news","21":"tag-republique-francaise","22":"tag-sports","23":"tag-tir"},"share_on_mastodon":{"url":"https:\/\/pubeurope.com\/@fr\/114960071628547098","error":""},"_links":{"self":[{"href":"https:\/\/www.europesays.com\/fr\/wp-json\/wp\/v2\/posts\/291704","targetHints":{"allow":["GET"]}}],"collection":[{"href":"https:\/\/www.europesays.com\/fr\/wp-json\/wp\/v2\/posts"}],"about":[{"href":"https:\/\/www.europesays.com\/fr\/wp-json\/wp\/v2\/types\/post"}],"author":[{"embeddable":true,"href":"https:\/\/www.europesays.com\/fr\/wp-json\/wp\/v2\/users\/2"}],"replies":[{"embeddable":true,"href":"https:\/\/www.europesays.com\/fr\/wp-json\/wp\/v2\/comments?post=291704"}],"version-history":[{"count":0,"href":"https:\/\/www.europesays.com\/fr\/wp-json\/wp\/v2\/posts\/291704\/revisions"}],"wp:featuredmedia":[{"embeddable":true,"href":"https:\/\/www.europesays.com\/fr\/wp-json\/wp\/v2\/media\/291705"}],"wp:attachment":[{"href":"https:\/\/www.europesays.com\/fr\/wp-json\/wp\/v2\/media?parent=291704"}],"wp:term":[{"taxonomy":"category","embeddable":true,"href":"https:\/\/www.europesays.com\/fr\/wp-json\/wp\/v2\/categories?post=291704"},{"taxonomy":"post_tag","embeddable":true,"href":"https:\/\/www.europesays.com\/fr\/wp-json\/wp\/v2\/tags?post=291704"}],"curies":[{"name":"wp","href":"https:\/\/api.w.org\/{rel}","templated":true}]}}