{"id":291706,"date":"2025-08-02T16:17:12","date_gmt":"2025-08-02T16:17:12","guid":{"rendered":"https:\/\/www.europesays.com\/fr\/291706\/"},"modified":"2025-08-02T16:17:12","modified_gmt":"2025-08-02T16:17:12","slug":"islande-montenegro-ou-albanie-quel-pays-rejoindra-lue-en-premier","status":"publish","type":"post","link":"https:\/\/www.europesays.com\/fr\/291706\/","title":{"rendered":"Islande, Mont\u00e9n\u00e9gro ou Albanie\u00a0: quel pays rejoindra l&rsquo;UE en premier\u00a0?"},"content":{"rendered":"<p>                                                Islande, Mont\u00e9n\u00e9gro ou Albanie : quel pays rejoindra l\u2019UE en premier ?                    <\/p>\n<p>                        <img decoding=\"async\" src=\"https:\/\/www.europesays.com\/fr\/wp-content\/uploads\/2025\/08\/Screenshot-2025-08-02-124027-600x360.png\" alt=\"\"\/><\/p>\n<p>                        nouvelles<\/p>\n<p>                            <img decoding=\"async\" src=\"https:\/\/www.europesays.com\/fr\/wp-content\/uploads\/2025\/08\/LogoExpress-96x96.png\" alt=\"\"\/><\/p>\n<p>                        Gazeta Express<br \/>\n                        02\/08\/2025 12:41<\/p>\n<p>Dans les pr\u00e9dictions sur le prochain pays \u00e0 rejoindre l&rsquo;Union europ\u00e9enne, ceux qui mentionnent le nom du Mont\u00e9n\u00e9gro pensent avoir gagn\u00e9 leur pari, consid\u00e9rant qu&rsquo;il n\u00e9gocie depuis des ann\u00e9es et a progress\u00e9 plus que tous les autres pays candidats.<\/p>\n<p>D&rsquo;autres sont positionn\u00e9s par l&rsquo;Albanie, qui se rapproche rapidement de Bruxelles.<\/p>\n<p>D\u2019autres pensent que ce sera la Moldavie, un \u00c9tat ambitieux et r\u00e9formateur.<\/p>\n<p>Cependant, la bonne r\u00e9ponse pourrait \u00eatre l\u2019Islande.<\/p>\n<p>Les intentions de l&rsquo;administration du pr\u00e9sident am\u00e9ricain Donald Trump d&rsquo;annexer le territoire danois du Groenland, et l&rsquo;id\u00e9e d&rsquo;une guerre commerciale entre le garant de la s\u00e9curit\u00e9, les \u00c9tats-Unis d&rsquo;Am\u00e9rique, et son plus grand partenaire commercial, l&rsquo;UE, ont cr\u00e9\u00e9 des inqui\u00e9tudes sur cette \u00eele de l&rsquo;Atlantique Nord.<\/p>\n<p>Le gouvernement islandais actuel, arriv\u00e9 au pouvoir l&rsquo;ann\u00e9e derni\u00e8re, a annonc\u00e9 qu&rsquo;un r\u00e9f\u00e9rendum serait organis\u00e9 avant 2027 pour relancer les n\u00e9gociations avec Bruxelles sur l&rsquo;adh\u00e9sion \u00e0 l&rsquo;UE.<\/p>\n<p>Les sondages sugg\u00e8rent qu\u2019une majorit\u00e9 serait favorable \u00e0 la reprise des n\u00e9gociations.<\/p>\n<p>Et ce n\u2019est pas la premi\u00e8re fois que l\u2019Islande se trouve dans cette situation.<\/p>\n<p>Ce pays a \u00e9t\u00e9 durement touch\u00e9 par la crise financi\u00e8re mondiale de 2008, lorsque trois grandes banques ont fait faillite.<\/p>\n<p>L\u2019adh\u00e9sion \u00e0 l\u2019UE \u2013 et en particulier \u00e0 la zone euro \u2013 \u00e9tait consid\u00e9r\u00e9e comme un moyen d\u2019\u00e9viter la crise, et les n\u00e9gociations avec le bloc europ\u00e9en ont commenc\u00e9 en 2010.<\/p>\n<p>Les n\u00e9gociations ont \u00e9t\u00e9 suspendues trois ans plus tard par un gouvernement de droite nouvellement \u00e9lu. \u00c0 l&rsquo;\u00e9poque, les pays de la zone euro \u00e9taient eux aussi en grande difficult\u00e9 en raison de la crise financi\u00e8re\u00a0; l&rsquo;adh\u00e9sion au groupe et l&rsquo;adoption de la monnaie unique n&rsquo;\u00e9taient donc pas per\u00e7ues comme une mesure salvatrice.<\/p>\n<p>Au cours de ces trois ann\u00e9es de n\u00e9gociations d\u2019adh\u00e9sion, Reykjavik a ouvert la plupart des 33 chapitres et en a ferm\u00e9 11.<\/p>\n<p>En comparaison, le Mont\u00e9n\u00e9gro, en t\u00eate des pays qui visent l\u2019adh\u00e9sion \u00e0 l\u2019UE, a r\u00e9ussi \u00e0 fermer sept chapitres suppl\u00e9mentaires apr\u00e8s plus d\u2019une d\u00e9cennie de n\u00e9gociations.<\/p>\n<p><strong>\u00ab D\u00e9cision souveraine \u00bb<\/strong><\/p>\n<p>Lorsque les responsables de l\u2019UE estiment que l\u2019Islande pourrait achever le processus d\u2019adh\u00e9sion \u2013 qui est toujours d\u2019actualit\u00e9 \u2013 en quelques ann\u00e9es, ils ne parlent pas sans fondement.<\/p>\n<p>Ce pays est aid\u00e9 par le fait qu&rsquo;il fait partie de l&rsquo;Espace \u00e9conomique europ\u00e9en, ce qui signifie qu&rsquo;avec la Norv\u00e8ge et le Liechtenstein, il applique d\u00e9j\u00e0 les r\u00e8gles du march\u00e9 int\u00e9rieur du bloc europ\u00e9en.<\/p>\n<p>La pr\u00e9sidente de la Commission europ\u00e9enne, Ursula von der Leyen, s&rsquo;est rendue dans le pays la semaine derni\u00e8re et a rapidement indiqu\u00e9 que l&rsquo;\u00e9ventuelle adh\u00e9sion future \u00e9tait \u00ab une d\u00e9cision souveraine prise par le peuple ici \u00bb.<\/p>\n<p>\u00ab Ce n\u2019est pas un sujet sur lequel je devrais commenter \u00bb, a-t-elle d\u00e9clar\u00e9.<\/p>\n<p>Elle a toutefois ajout\u00e9 que \u00ab l&rsquo;Islande conna\u00eet et est int\u00e9gr\u00e9e au march\u00e9 de l&rsquo;UE, les deux parties ont les m\u00eames valeurs, nous nous connaissons tr\u00e8s bien et nous avons le m\u00eame \u00e9tat d&rsquo;esprit &#8211; tout cela constitue une valeur ajout\u00e9e. \u00bb<\/p>\n<p>S&rsquo;exprimant sous couvert d&rsquo;anonymat, un diplomate europ\u00e9en au courant de ces d\u00e9veloppements s&rsquo;est montr\u00e9 encore plus direct.<\/p>\n<p>\u00ab Ce serait une bonne chose qu\u2019un pays d\u2019Europe occidentale rejoigne l\u2019UE, surtout apr\u00e8s le Brexit \u00bb, a-t-il d\u00e9clar\u00e9.<\/p>\n<p>\u00ab Cela montrerait que le club est toujours attractif. \u00bb<\/p>\n<p>Le processus d\u2019int\u00e9gration se d\u00e9roulerait facilement, \u00e9tant donn\u00e9 que l\u2019Islande est plus riche que la moyenne de l\u2019UE et qu\u2019avec une population de 300.000 XNUMX habitants, elle serait le plus petit \u00c9tat de l\u2019UE si elle y adh\u00e8re.<\/p>\n<p>Bien que Bruxelles se tienne officiellement \u00e0 l&rsquo;\u00e9cart du d\u00e9bat sur l&rsquo;appartenance de ce pays \u00e0 l&rsquo;UE, elle fait en r\u00e9alit\u00e9 tout pour s&rsquo;en rapprocher.<\/p>\n<p>Lors de sa visite, von der Leyen s\u2019est engag\u00e9e \u00e0 r\u00e9examiner et \u00e9ventuellement \u00e0 faire progresser l\u2019accord commercial actuel.<\/p>\n<p>L&rsquo;Islande a sign\u00e9 un autre accord visant \u00e0 prot\u00e9ger les infrastructures critiques essentielles \u00e0 son \u00e9conomie, comme les c\u00e2bles sous-marins, et a lanc\u00e9 des n\u00e9gociations sur un nouvel accord de s\u00e9curit\u00e9 et de d\u00e9fense qui renforcerait la coop\u00e9ration contre les menaces cybern\u00e9tiques et hybrides.<\/p>\n<p>Ce partenariat, qui devrait \u00eatre finalis\u00e9 d\u2019ici la fin de l\u2019ann\u00e9e, rev\u00eat une importance particuli\u00e8re pour l\u2019Islande, consciente de la n\u00e9cessit\u00e9 d\u2019une coop\u00e9ration dans le domaine de la s\u00e9curit\u00e9, notamment compte tenu du fait que la Russie et la Chine sont de plus en plus actives dans la r\u00e9gion arctique.<\/p>\n<p>Les \u00c9tats-Unis ont \u00e9galement r\u00e9cemment choqu\u00e9 ce pays, suite aux d\u00e9bats sur le Groenland, renfor\u00e7ant encore l&rsquo;id\u00e9e d&rsquo;une adh\u00e9sion \u00e0 l&rsquo;UE, malgr\u00e9 le fait que ce pays avait quitt\u00e9 le pr\u00e9d\u00e9cesseur du bloc &#8211; la Communaut\u00e9 europ\u00e9enne &#8211; en 1985.<\/p>\n<p>Bien que Washington n&rsquo;ait pas fait de d\u00e9clarations similaires \u00e0 propos de l&rsquo;Islande, le niveau de nervosit\u00e9 sur cette \u00eele a augment\u00e9, car les \u00c9tats-Unis sont le garant de sa s\u00e9curit\u00e9 au nom de l&rsquo;OTAN, par le biais d&rsquo;un accord bilat\u00e9ral sign\u00e9 en 1951.<\/p>\n<p>L\u2019Islande est donc le seul membre de l\u2019OTAN \u00e0 ne pas disposer de sa propre arm\u00e9e et n\u2019a pas l\u2019intention d\u2019en cr\u00e9er une dans l\u2019imm\u00e9diat.<\/p>\n<p>En 2006, les \u00c9tats-Unis ont annonc\u00e9 qu&rsquo;ils continueraient \u00e0 d\u00e9fendre l&rsquo;\u00eele, mais que leurs forces n&rsquo;y seraient pas pr\u00e9sentes de mani\u00e8re permanente. Cette politique est toujours en vigueur, et une ancienne base am\u00e9ricaine \u00e0 Keflavik continue d&rsquo;\u00eatre un centre d&rsquo;exercices de l&rsquo;OTAN.<\/p>\n<p><strong>Tensions commerciales<\/strong><\/p>\n<p>Dans tous ces d\u00e9veloppements, les tensions commerciales transatlantiques ne font qu\u2019ajouter \u00e0 la tension en Islande.<\/p>\n<p>Reykjavik souhaite que Bruxelles le consulte sur les n\u00e9gociations commerciales entre l&rsquo;UE et les \u00c9tats-Unis, mais les responsables europ\u00e9ens ont indiqu\u00e9 qu&rsquo;ils ne pouvaient faire aucune promesse \u00e0 cet \u00e9gard sans l&rsquo;adh\u00e9sion compl\u00e8te de l&rsquo;Islande.<\/p>\n<p>Et le commerce est pr\u00e9cis\u00e9ment le sujet qui pourrait alimenter les conflits dans d&rsquo;\u00e9ventuelles n\u00e9gociations d&rsquo;adh\u00e9sion, notamment en ce qui concerne l&rsquo;agriculture et la p\u00eache, les deux principales industries de l&rsquo;\u00eele.<\/p>\n<p>C\u2019est pourquoi ces deux industries sont exclues des accords commerciaux actuels.<\/p>\n<p>Certains craignent que la politique agricole g\u00e9n\u00e9rale de l&rsquo;UE puisse nuire gravement aux agriculteurs islandais en inondant l&rsquo;\u00eele de produits bon march\u00e9 provenant d&rsquo;autres \u00c9tats membres.<\/p>\n<p>La p\u00eache est un sujet encore plus d\u00e9licat.<\/p>\n<p>Reykjavik affirme fi\u00e8rement que sa gestion des ressources halieutiques est sup\u00e9rieure \u00e0 celle de Bruxelles.<\/p>\n<p>L&rsquo;Islande h\u00e9site donc \u00e0 abandonner ses droits de p\u00eache exclusifs sur plus de 300 kilom\u00e8tres de la zone \u00e9conomique avec les flottes danoise, n\u00e9erlandaise, irlandaise, espagnole et fran\u00e7aise.<\/p>\n<p>Il y a aussi la chasse commerciale \u00e0 la baleine, qui est toujours autoris\u00e9e dans les eaux islandaises, malgr\u00e9 la pression de l\u2019UE en faveur d\u2019un moratoire mondial.<\/p>\n<p>Tout cela est cens\u00e9 expliquer pourquoi la majorit\u00e9 des partis politiques au Parlement islandais sont oppos\u00e9s \u00e0 l\u2019adh\u00e9sion \u00e0 l\u2019UE.<\/p>\n<p>Bien que les sondages montrent que la population appr\u00e9cie l&rsquo;id\u00e9e de reprendre les n\u00e9gociations avec Bruxelles, les habitants semblent incertains quant \u00e0 leur volont\u00e9 de rejoindre le bloc europ\u00e9en.<\/p>\n<p>\u00c0 Bruxelles, les responsables restent optimistes, m\u00eame s&rsquo;ils voient des obstacles sur leur chemin, car l&rsquo;Islande est un petit pays tr\u00e8s ind\u00e9pendant, et il lui est difficile de renoncer volontairement \u00e0 sa souverainet\u00e9. \/REL\/<\/p>\n","protected":false},"excerpt":{"rendered":"Islande, Mont\u00e9n\u00e9gro ou Albanie : quel pays rejoindra l\u2019UE en premier ? nouvelles Gazeta Express 02\/08\/2025 12:41 Dans&hellip;\n","protected":false},"author":2,"featured_media":291707,"comment_status":"","ping_status":"","sticky":false,"template":"","format":"standard","meta":{"footnotes":""},"categories":[1586],"tags":[11,1777,674,1779,1011,27,12,25,1778,364],"class_list":{"0":"post-291706","1":"post","2":"type-post","3":"status-publish","4":"format-standard","5":"has-post-thumbnail","7":"category-europe","8":"tag-actualites","9":"tag-eu","10":"tag-europe","11":"tag-european-union","12":"tag-fr","13":"tag-france","14":"tag-news","15":"tag-republique-francaise","16":"tag-ue","17":"tag-union-europeenne"},"share_on_mastodon":{"url":"https:\/\/pubeurope.com\/@fr\/114960075715219596","error":""},"_links":{"self":[{"href":"https:\/\/www.europesays.com\/fr\/wp-json\/wp\/v2\/posts\/291706","targetHints":{"allow":["GET"]}}],"collection":[{"href":"https:\/\/www.europesays.com\/fr\/wp-json\/wp\/v2\/posts"}],"about":[{"href":"https:\/\/www.europesays.com\/fr\/wp-json\/wp\/v2\/types\/post"}],"author":[{"embeddable":true,"href":"https:\/\/www.europesays.com\/fr\/wp-json\/wp\/v2\/users\/2"}],"replies":[{"embeddable":true,"href":"https:\/\/www.europesays.com\/fr\/wp-json\/wp\/v2\/comments?post=291706"}],"version-history":[{"count":0,"href":"https:\/\/www.europesays.com\/fr\/wp-json\/wp\/v2\/posts\/291706\/revisions"}],"wp:featuredmedia":[{"embeddable":true,"href":"https:\/\/www.europesays.com\/fr\/wp-json\/wp\/v2\/media\/291707"}],"wp:attachment":[{"href":"https:\/\/www.europesays.com\/fr\/wp-json\/wp\/v2\/media?parent=291706"}],"wp:term":[{"taxonomy":"category","embeddable":true,"href":"https:\/\/www.europesays.com\/fr\/wp-json\/wp\/v2\/categories?post=291706"},{"taxonomy":"post_tag","embeddable":true,"href":"https:\/\/www.europesays.com\/fr\/wp-json\/wp\/v2\/tags?post=291706"}],"curies":[{"name":"wp","href":"https:\/\/api.w.org\/{rel}","templated":true}]}}