{"id":291714,"date":"2025-08-02T16:22:10","date_gmt":"2025-08-02T16:22:10","guid":{"rendered":"https:\/\/www.europesays.com\/fr\/291714\/"},"modified":"2025-08-02T16:22:10","modified_gmt":"2025-08-02T16:22:10","slug":"aline-chamereau-et-clemence-vieira-en-finale-de-leuro-apres-avoir-elimine-les-tenantes-du-titre","status":"publish","type":"post","link":"https:\/\/www.europesays.com\/fr\/291714\/","title":{"rendered":"Aline Chamereau et Cl\u00e9mence Vieira en finale de l&rsquo;Euro apr\u00e8s avoir \u00e9limin\u00e9 les tenantes du titre"},"content":{"rendered":"<p>Rotar\/Gauthier-Rat tombent en quarts<\/p>\n<p>T\u00e9o Rotar et Arnaud Gauthier-Rat ont eux aussi r\u00e9ussi un parcours exceptionnel en atteignant les quarts de finale de l&rsquo;Euro masculin, du jamais vu pour des Fran\u00e7ais dans la formule actuelle, instaur\u00e9e en 2009. Mais leur route s&rsquo;est arr\u00eat\u00e9e \u00e0 ce stade, ce samedi midi face aux N\u00e9erlandais Boermans-De Groot (1-2 : 21-13, 17-21, 12-15). Les Bleus peuvent nourrir quelques regrets car ils ont men\u00e9 1 set \u00e0 0 et 17-15 contre les quart-finalistes des JO de Paris avant de craquer en perdant les six derniers points de la deuxi\u00e8me manche. Et ils ont v\u00e9cu le m\u00eame sc\u00e9nario au tie-break, vaincus apr\u00e8s avoir eu l&rsquo;avantage \u00e0 11-9.<\/p>\n","protected":false},"excerpt":{"rendered":"Rotar\/Gauthier-Rat tombent en quarts T\u00e9o Rotar et Arnaud Gauthier-Rat ont eux aussi r\u00e9ussi un parcours exceptionnel en atteignant&hellip;\n","protected":false},"author":2,"featured_media":291715,"comment_status":"","ping_status":"","sticky":false,"template":"","format":"standard","meta":{"footnotes":""},"categories":[1417],"tags":[1011,27,60,1470,1469],"class_list":{"0":"post-291714","1":"post","2":"type-post","3":"status-publish","4":"format-standard","5":"has-post-thumbnail","7":"category-volley","8":"tag-fr","9":"tag-france","10":"tag-sports","11":"tag-volley","12":"tag-volleyball"},"share_on_mastodon":{"url":"https:\/\/pubeurope.com\/@fr\/114960095247893354","error":""},"_links":{"self":[{"href":"https:\/\/www.europesays.com\/fr\/wp-json\/wp\/v2\/posts\/291714","targetHints":{"allow":["GET"]}}],"collection":[{"href":"https:\/\/www.europesays.com\/fr\/wp-json\/wp\/v2\/posts"}],"about":[{"href":"https:\/\/www.europesays.com\/fr\/wp-json\/wp\/v2\/types\/post"}],"author":[{"embeddable":true,"href":"https:\/\/www.europesays.com\/fr\/wp-json\/wp\/v2\/users\/2"}],"replies":[{"embeddable":true,"href":"https:\/\/www.europesays.com\/fr\/wp-json\/wp\/v2\/comments?post=291714"}],"version-history":[{"count":0,"href":"https:\/\/www.europesays.com\/fr\/wp-json\/wp\/v2\/posts\/291714\/revisions"}],"wp:featuredmedia":[{"embeddable":true,"href":"https:\/\/www.europesays.com\/fr\/wp-json\/wp\/v2\/media\/291715"}],"wp:attachment":[{"href":"https:\/\/www.europesays.com\/fr\/wp-json\/wp\/v2\/media?parent=291714"}],"wp:term":[{"taxonomy":"category","embeddable":true,"href":"https:\/\/www.europesays.com\/fr\/wp-json\/wp\/v2\/categories?post=291714"},{"taxonomy":"post_tag","embeddable":true,"href":"https:\/\/www.europesays.com\/fr\/wp-json\/wp\/v2\/tags?post=291714"}],"curies":[{"name":"wp","href":"https:\/\/api.w.org\/{rel}","templated":true}]}}