{"id":291716,"date":"2025-08-02T16:23:13","date_gmt":"2025-08-02T16:23:13","guid":{"rendered":"https:\/\/www.europesays.com\/fr\/291716\/"},"modified":"2025-08-02T16:23:13","modified_gmt":"2025-08-02T16:23:13","slug":"une-legende-du-rc-vannes-sengage-avec-nissa-rugby","status":"publish","type":"post","link":"https:\/\/www.europesays.com\/fr\/291716\/","title":{"rendered":"Une l\u00e9gende du RC Vannes s\u2019engage avec Nissa Rugby"},"content":{"rendered":"<p>Nice n\u2019en finit plus de recruter ! Rel\u00e9gu\u00e9 en National \u00e0 l\u2019issue de leur premi\u00e8re saison en Pro D2, le club azur\u00e9en a d\u00e9j\u00e0 recrut\u00e9 23 joueurs pour la saison prochaine. Le dernier en date, le talonneur vannetais Pat Leafa (36 ans) s\u2019est engag\u00e9 avec Nice ce vendredi. Arriv\u00e9 sous la tunique vannetaise en 2017 en provenance des Melbourne Rebels (Australie), le N\u00e9o-Z\u00e9landais aura jou\u00e9 huit saisons et plus de 150 matchs. Titulaire lors de la finale d\u2019accession contre Grenoble et du premier match en Top 14 contre Toulouse, le talonneur a presque tout connu et a marqu\u00e9 le club.<\/p>\n<p>C\u2019est donc un nouveau challenge pour lui qui va d\u00e9couvrir un nouveau championnat avec comme objectif de remonter d\u00e8s cette saison en pro D2. C\u2019est d\u00e9j\u00e0 le troisi\u00e8me Vannetais qui s\u2019engage du c\u00f4t\u00e9 de la C\u00f4te d\u2019Azur, apr\u00e8s Christiaan Van Der Merwe et Massimo Ortolan. Avant eux, Jean-Pascal Barraque, ancien Concarnois, s\u2019\u00e9tait \u00e9galement engag\u00e9 avec Nissa Rugby.<\/p>\n","protected":false},"excerpt":{"rendered":"Nice n\u2019en finit plus de recruter ! Rel\u00e9gu\u00e9 en National \u00e0 l\u2019issue de leur premi\u00e8re saison en Pro&hellip;\n","protected":false},"author":2,"featured_media":291717,"comment_status":"","ping_status":"","sticky":false,"template":"","format":"standard","meta":{"footnotes":""},"categories":[1416],"tags":[765,3166,1011,27,3164,479,1468,60,3165],"class_list":{"0":"post-291716","1":"post","2":"type-post","3":"status-publish","4":"format-standard","5":"has-post-thumbnail","7":"category-rugby","8":"tag-en-continu","9":"tag-en-continu-sports","10":"tag-fr","11":"tag-france","12":"tag-rc-vannes","13":"tag-rugby","14":"tag-rugby-football","15":"tag-sports","16":"tag-vannes"},"share_on_mastodon":{"url":"https:\/\/pubeurope.com\/@fr\/114960099194569664","error":""},"_links":{"self":[{"href":"https:\/\/www.europesays.com\/fr\/wp-json\/wp\/v2\/posts\/291716","targetHints":{"allow":["GET"]}}],"collection":[{"href":"https:\/\/www.europesays.com\/fr\/wp-json\/wp\/v2\/posts"}],"about":[{"href":"https:\/\/www.europesays.com\/fr\/wp-json\/wp\/v2\/types\/post"}],"author":[{"embeddable":true,"href":"https:\/\/www.europesays.com\/fr\/wp-json\/wp\/v2\/users\/2"}],"replies":[{"embeddable":true,"href":"https:\/\/www.europesays.com\/fr\/wp-json\/wp\/v2\/comments?post=291716"}],"version-history":[{"count":0,"href":"https:\/\/www.europesays.com\/fr\/wp-json\/wp\/v2\/posts\/291716\/revisions"}],"wp:featuredmedia":[{"embeddable":true,"href":"https:\/\/www.europesays.com\/fr\/wp-json\/wp\/v2\/media\/291717"}],"wp:attachment":[{"href":"https:\/\/www.europesays.com\/fr\/wp-json\/wp\/v2\/media?parent=291716"}],"wp:term":[{"taxonomy":"category","embeddable":true,"href":"https:\/\/www.europesays.com\/fr\/wp-json\/wp\/v2\/categories?post=291716"},{"taxonomy":"post_tag","embeddable":true,"href":"https:\/\/www.europesays.com\/fr\/wp-json\/wp\/v2\/tags?post=291716"}],"curies":[{"name":"wp","href":"https:\/\/api.w.org\/{rel}","templated":true}]}}