{"id":291718,"date":"2025-08-02T16:24:12","date_gmt":"2025-08-02T16:24:12","guid":{"rendered":"https:\/\/www.europesays.com\/fr\/291718\/"},"modified":"2025-08-02T16:24:12","modified_gmt":"2025-08-02T16:24:12","slug":"atp-toronto-apres-fritz-rublev-en-rajoute-une-couche-sur-le-niveau-de-jeu-je-regardais-le-match-entre-medvedev-et-popyrin-et-il-ny-avait-que-des-services-et-des-fautes-directes-il-ny-avait","status":"publish","type":"post","link":"https:\/\/www.europesays.com\/fr\/291718\/","title":{"rendered":"ATP &#8211; Toronto > Apr\u00e8s Fritz, Rublev en rajoute une couche sur le niveau de jeu : \u00ab\u00a0Je regardais le match entre Medvedev et Popyrin et il n&rsquo;y avait que des services et des fautes directes, il n&rsquo;y avait aucun moyen de voir un rallye en fond de court\u00a0\u00bb"},"content":{"rendered":"<p>De passage sur le plateau de Tennis Channel apr\u00e8s sa quali\u00adfi\u00adca\u00adtion pour les huiti\u00e8mes de finale du Masters 1000 de Toronto (victoire en trois sets contre Sonego), Andrey Rublev a estim\u00e9 que le niveau de jeu n\u2019\u00e9tait pas vrai\u00adment au rendez au Canada.<\/p>\n<p>Des propos qui rejoignent ceux de <a href=\"https:\/\/www.welovetennis.fr\/atp\/atp-toronto\/fritz-apres-sa-victoire-contre-diallo-nous-assistons-a-beaucoup-de-matchs-moches-ici-et-il-y-a-deux-raisons-fondamentales-a-cela\" data-wpel-link=\"internal\" target=\"_blank\" rel=\"noopener\">Taylor Fritz, qui a donn\u00e9 deux raisons \u00e0 cette situa\u00adtion g\u00eanante<\/a>, autant pour les fans que pour les joueurs eux\u2010m\u00eames.\u00a0<\/p>\n<p><strong>\u00ab\u202fJe regar\u00addais le match entre Daniil (Medvedev) et Alexei (Popyrin) et il n\u2019y avait que des services et un coup de plus, beau\u00adcoup de fautes directes, il n\u2019y avait aucun moyen de voir un rallye en fond de court alors que Daniil \u00e9tait sur le court et que c\u2019est un joueur qui aime faire des \u00e9changes depuis la ligne de fond. Mais c\u2019est tout simple\u00adment impos\u00adsible. Sur ce type de court rapide, on voit beau\u00adcoup moins de choses diff\u00e9\u00adrentes sur le plan tactique.\u202f\u00bb<\/strong><\/p>\n<p class=\"post-published-date\" style=\"color: silver; font-size: 75%; text-align: left;\">Publi\u00e9 le samedi 2 ao\u00fbt 2025 \u00e0 16:49<\/p>\n","protected":false},"excerpt":{"rendered":"De passage sur le plateau de Tennis Channel apr\u00e8s sa quali\u00adfi\u00adca\u00adtion pour les huiti\u00e8mes de finale du Masters&hellip;\n","protected":false},"author":2,"featured_media":232768,"comment_status":"","ping_status":"","sticky":false,"template":"","format":"standard","meta":{"footnotes":""},"categories":[1415],"tags":[3252,1011,27,60,1467],"class_list":{"0":"post-291718","1":"post","2":"type-post","3":"status-publish","4":"format-standard","5":"has-post-thumbnail","7":"category-tennis","8":"tag-daniil-medvedev","9":"tag-fr","10":"tag-france","11":"tag-sports","12":"tag-tennis"},"share_on_mastodon":{"url":"https:\/\/pubeurope.com\/@fr\/114960103115273948","error":""},"_links":{"self":[{"href":"https:\/\/www.europesays.com\/fr\/wp-json\/wp\/v2\/posts\/291718","targetHints":{"allow":["GET"]}}],"collection":[{"href":"https:\/\/www.europesays.com\/fr\/wp-json\/wp\/v2\/posts"}],"about":[{"href":"https:\/\/www.europesays.com\/fr\/wp-json\/wp\/v2\/types\/post"}],"author":[{"embeddable":true,"href":"https:\/\/www.europesays.com\/fr\/wp-json\/wp\/v2\/users\/2"}],"replies":[{"embeddable":true,"href":"https:\/\/www.europesays.com\/fr\/wp-json\/wp\/v2\/comments?post=291718"}],"version-history":[{"count":0,"href":"https:\/\/www.europesays.com\/fr\/wp-json\/wp\/v2\/posts\/291718\/revisions"}],"wp:featuredmedia":[{"embeddable":true,"href":"https:\/\/www.europesays.com\/fr\/wp-json\/wp\/v2\/media\/232768"}],"wp:attachment":[{"href":"https:\/\/www.europesays.com\/fr\/wp-json\/wp\/v2\/media?parent=291718"}],"wp:term":[{"taxonomy":"category","embeddable":true,"href":"https:\/\/www.europesays.com\/fr\/wp-json\/wp\/v2\/categories?post=291718"},{"taxonomy":"post_tag","embeddable":true,"href":"https:\/\/www.europesays.com\/fr\/wp-json\/wp\/v2\/tags?post=291718"}],"curies":[{"name":"wp","href":"https:\/\/api.w.org\/{rel}","templated":true}]}}