{"id":291719,"date":"2025-08-02T16:25:10","date_gmt":"2025-08-02T16:25:10","guid":{"rendered":"https:\/\/www.europesays.com\/fr\/291719\/"},"modified":"2025-08-02T16:25:10","modified_gmt":"2025-08-02T16:25:10","slug":"guerschon-yabusele-capitaine-des-bleus-il-va-falloir-etre-un-exemple","status":"publish","type":"post","link":"https:\/\/www.europesays.com\/fr\/291719\/","title":{"rendered":"Guerschon Yabusele, capitaine des Bleus\u00a0: \u00ab\u00a0Il va falloir \u00eatre un exemple\u00a0\u00bb"},"content":{"rendered":"<p><strong>Comment avez-vous re\u00e7u ce choix du staff de vous confier le capitanat ?<\/strong><\/p>\n<p>Je savais que je faisais partie des anciens. Mais Mouhammadou Jaiteh, Timoth\u00e9 Luwawu-Cabarrot, Vincent Poirier ou Isa\u00efa Cordinier ont aussi de l\u2019exp\u00e9rience. Donc je ne peux pas dire que je m\u2019y attendais mais \u00e7a fait plaisir d\u2019\u00eatre capitaine m\u00eame si \u00e7a ne change pas mon statut dans l\u2019\u00e9quipe. Il va falloir \u00eatre un exemple, \u00eatre bon et juste sur le terrain comme en dehors. Guider tout le monde sur le bon chemin. Et m\u00eame si \u00e7a ne va pas pour moi sur le plan personnel, conserver toujours une attitude positive pour le groupe. Etablir la relation entre joueurs et staff est important mais aussi entre joueurs si jamais des probl\u00e8mes apparaissent.<\/p>\n<p><strong>La mani\u00e8re d\u2019incarner cette fonction de vos pr\u00e9d\u00e9cesseurs, Nicolas Batum notamment avec qui vous avez \u00e9volu\u00e9, va-t-elle influencer votre mode de fonctionnement ?<\/strong><\/p>\n<p>Bien s\u00fbr. Je me sers de tout \u00e7a. J\u2019en ai aussi parl\u00e9 avec Boris Diaw. J\u2019ai conscience que c\u2019est une grande responsabilit\u00e9 surtout avec un groupe nouveau qui lance une nouvelle aventure. <\/p>\n<p><strong>Ce r\u00f4le est-il d\u2019autant plus important que sept joueurs dans la pr\u00e9-s\u00e9lection n\u2019ont jamais disput\u00e9 de comp\u00e9tition internationale ?<\/strong><\/p>\n<p>On essaye surtout de les pr\u00e9parer, de leur expliquer qu\u2019un EuroBasket, pour beaucoup de gens et notamment pour moi, c\u2019est la comp\u00e9tition internationale la plus difficile. On va vite basculer sur des matches couperets d\u00e8s les huiti\u00e8mes de finale. Il va y avoir des coups et \u00e7a sera tr\u00e8s compliqu\u00e9. Tout le monde devra \u00eatre sur la m\u00eame longueur d\u2019ondes et penser \u00ab\u00a0victoire.\u00a0\u00bb<\/p>\n<p><strong>Ressent-on au quotidien un changement g\u00e9n\u00e9rationnel avec sept joueurs de moins de 23 ans ou moins ?<\/strong><\/p>\n<p>Ce matin on faisait des \u00e9chauffements o\u00f9 il fallait s\u2019attraper sur des jeux de vitesse et en rigolant j\u2019ai dit : \u00ab\u00a0ils sont trop rapides les jeunes.\u00a0\u00bb On arrive sur un nouveau cycle et on est terriblement athl\u00e9tique, avec un niveau d\u2019intensit\u00e9 tr\u00e8s \u00e9lev\u00e9. Le coach disait que c\u2019\u00e9tait encourageant parce que nous ne sommes qu\u2019au d\u00e9but de la pr\u00e9paration. Avec tous les r\u00e9glages qu\u2019on va faire on a encore une grosse marge de progression. Je pense qu\u2019on peut faire quelque chose de sp\u00e9cial. Et c\u2019est \u00e9galement difficile pour lui. Auparavant il y avait 9-10 joueurs dont on savait plus ou moins qu\u2019ils seraient au bout. L\u00e0 il y a 12 places \u00e0 prendre.<\/p>\n","protected":false},"excerpt":{"rendered":"Comment avez-vous re\u00e7u ce choix du staff de vous confier le capitanat ? Je savais que je faisais&hellip;\n","protected":false},"author":2,"featured_media":291720,"comment_status":"","ping_status":"","sticky":false,"template":"","format":"standard","meta":{"footnotes":""},"categories":[1414],"tags":[1465,1464,1011,27,60],"class_list":{"0":"post-291719","1":"post","2":"type-post","3":"status-publish","4":"format-standard","5":"has-post-thumbnail","7":"category-basket","8":"tag-basket","9":"tag-basketball","10":"tag-fr","11":"tag-france","12":"tag-sports"},"share_on_mastodon":{"url":"https:\/\/pubeurope.com\/@fr\/114960107145212542","error":""},"_links":{"self":[{"href":"https:\/\/www.europesays.com\/fr\/wp-json\/wp\/v2\/posts\/291719","targetHints":{"allow":["GET"]}}],"collection":[{"href":"https:\/\/www.europesays.com\/fr\/wp-json\/wp\/v2\/posts"}],"about":[{"href":"https:\/\/www.europesays.com\/fr\/wp-json\/wp\/v2\/types\/post"}],"author":[{"embeddable":true,"href":"https:\/\/www.europesays.com\/fr\/wp-json\/wp\/v2\/users\/2"}],"replies":[{"embeddable":true,"href":"https:\/\/www.europesays.com\/fr\/wp-json\/wp\/v2\/comments?post=291719"}],"version-history":[{"count":0,"href":"https:\/\/www.europesays.com\/fr\/wp-json\/wp\/v2\/posts\/291719\/revisions"}],"wp:featuredmedia":[{"embeddable":true,"href":"https:\/\/www.europesays.com\/fr\/wp-json\/wp\/v2\/media\/291720"}],"wp:attachment":[{"href":"https:\/\/www.europesays.com\/fr\/wp-json\/wp\/v2\/media?parent=291719"}],"wp:term":[{"taxonomy":"category","embeddable":true,"href":"https:\/\/www.europesays.com\/fr\/wp-json\/wp\/v2\/categories?post=291719"},{"taxonomy":"post_tag","embeddable":true,"href":"https:\/\/www.europesays.com\/fr\/wp-json\/wp\/v2\/tags?post=291719"}],"curies":[{"name":"wp","href":"https:\/\/api.w.org\/{rel}","templated":true}]}}