{"id":291721,"date":"2025-08-02T16:26:12","date_gmt":"2025-08-02T16:26:12","guid":{"rendered":"https:\/\/www.europesays.com\/fr\/291721\/"},"modified":"2025-08-02T16:26:12","modified_gmt":"2025-08-02T16:26:12","slug":"motogp-ktm-soutient-binder-et-bastianini-malgre-une-saison-difficile-nous-ne-les-abandonnons-pas","status":"publish","type":"post","link":"https:\/\/www.europesays.com\/fr\/291721\/","title":{"rendered":"MotoGP, KTM soutient Binder et Bastianini malgr\u00e9 une saison difficile : \u00ab\u00a0nous ne les abandonnons pas\u00a0\u00bb"},"content":{"rendered":"<p><strong>La saison MotoGP 2025 est loin d\u2019avoir r\u00e9pondu aux<br \/>\nattentes de KTM. Pendant que l\u2019\u00e9curie autrichienne a travers\u00e9 une<br \/>\nzone de turbulences financi\u00e8res, ses r\u00e9sultats en piste ont \u00e9t\u00e9<br \/>\ntout aussi chaotiques. Sur les douze premi\u00e8res manches du<br \/>\nchampionnat, les RC16 n\u2019ont affich\u00e9 qu\u2019un seul podium valid\u00e9<br \/>\nofficiellement : celui d\u00e9croch\u00e9 par Pedro Acosta lors du Grand Prix<br \/>\nde R\u00e9publique tch\u00e8que \u00e0 Brno.<\/strong><\/p>\n<p><strong>Maverick Vi\u00f1ales<\/strong>, nouveau venu chez<br \/>\n<strong>Tech3<\/strong>, avait pourtant bien franchi la ligne<br \/>\nd\u2019arriv\u00e9e \u00e0 la deuxi\u00e8me place lors du Grand Prix du<br \/>\n<strong>Qatar<\/strong>. Mais une p\u00e9nalit\u00e9 pour pression de pneus<br \/>\nnon conforme a ruin\u00e9 cette performance, la rel\u00e9guant aux<br \/>\noubliettes.<\/p>\n<p>Dans ce contexte, les deux pilotes <strong>Brad Binder<\/strong><br \/>\net <strong>Enea Bastianini<\/strong> peinent \u00e0 trouver leur rythme.<br \/>\nLe Sud-Africain n\u2019a pas fait mieux qu\u2019une sixi\u00e8me place \u00e0<br \/>\n<strong>Jerez<\/strong>, tandis que l\u2019Italien, malgr\u00e9 une \u00e9claircie<br \/>\nlors du sprint de <strong>Brno<\/strong> (3e\u00a0au Sprint), reste loin des<br \/>\nattentes fix\u00e9es par <strong>KTM<\/strong> au d\u00e9but de l\u2019ann\u00e9e.<\/p>\n<p>Pourtant, <strong>Pit Beirer<\/strong>, directeur du sport<br \/>\nautomobile de <strong>KTM<\/strong>, refuse de jeter l\u2019\u00e9ponge :<\/p>\n<p>\u00ab Nous n\u2019avons pas abandonn\u00e9 Brad, et encore moins Enea<br \/>\n\u00bb, mart\u00e8le-t-il. \u00ab Ce n\u2019est pas \u00e0 eux de tout porter.<br \/>\n<strong>C\u2019est \u00e0 nous, KTM, de leur redonner les moyens de<br \/>\nperformer<\/strong>. \u00bb<\/p>\n<p><strong>Beirer<\/strong> admet que la dynamique du MotoGP actuel,<br \/>\ntoujours plus exigeante, ne pardonne rien :<\/p>\n<p>\u00ab Chaque ann\u00e9e, la moto \u00e9volue, le rythme s\u2019acc\u00e9l\u00e8re, et les<br \/>\npilotes doivent sans cesse adapter leur style. Parfois, <strong>les<br \/>\nr\u00e9glages qui fonctionnent pour l\u2019un ne conviennent pas \u00e0 l\u2019autre.<br \/>\nC\u2019est exactement ce que traverse Brad<\/strong>. Il n\u2019a tout<br \/>\nsimplement pas le feeling dont il a besoin pour exprimer son<br \/>\npotentiel. \u00bb<\/p>\n<p><img decoding=\"async\" class=\"aligncenter\" src=\"https:\/\/www.europesays.com\/fr\/wp-content\/uploads\/2025\/08\/85f92ba9b7d7453f9cbdcb173f68cc95.jpg\" alt=\"Enea Bastianini lobte das Fahrverhalten seiner KTM RC16\"\/><\/p>\n<p><strong>Pit Beirer KTM\u00a0:<br \/>\n\u00ab\u00a0notre travail est de leur rendre cette confiance, c\u2019est<br \/>\nnotre responsabilit\u00e9\u00a0\u00bb<\/strong><\/p>\n<p>C\u2019est en travaillant avec <strong>Maverick Vi\u00f1ales<\/strong> que<br \/>\n<strong>KTM<\/strong> semble avoir trouv\u00e9 un point d\u2019appui.<br \/>\nL\u2019Espagnol a tr\u00e8s vite compris que la <strong>RC16<\/strong> 2025<br \/>\nexigeait un pilotage plus fluide, moins agressif que les<br \/>\ng\u00e9n\u00e9rations pr\u00e9c\u00e9dentes. <strong>Pedro Acosta<\/strong>, rookie<br \/>\ntalentueux et r\u00e9v\u00e9lation de la saison, a fini par suivre cette voie<br \/>\n\u2013 avec succ\u00e8s. Il est aujourd\u2019hui le mieux class\u00e9 des pilotes<br \/>\n<strong>KTM<\/strong>, septi\u00e8me au g\u00e9n\u00e9ral avec 124 points.<\/p>\n<p>Oui mais <strong>Brad Binder<\/strong> ? <a href=\"https:\/\/www.paddock-gp.com\/motogp-brno-sprint-live\/\" rel=\"nofollow noopener\" target=\"_blank\"><strong>Enea<br \/>\nBastianini<\/strong><\/a> ? \u2026 \u00ab <strong>Ils ne sont pas \u00e0 l\u2019aise,<br \/>\nils ne peuvent pas donner leur pleine mesure<\/strong>, et<br \/>\nc\u2019est notre responsabilit\u00e9 \u00bb, reconna\u00eet<br \/>\n<strong>Beirer<\/strong>. \u00ab Dans cette cat\u00e9gorie, sans<br \/>\nconfiance, on ne peut pas rivaliser. <strong>Notre travail est de<br \/>\nleur rendre cette confiance<\/strong>. Nous avons commenc\u00e9 \u00e0<br \/>\nprogresser, mais il reste du chemin. \u00bb<\/p>\n<p>\u00c0 ce stade de la saison <a href=\"https:\/\/www.motogp.com\/en\" rel=\"nofollow noopener\" target=\"_blank\">MotoGP<\/a>, <strong>KTM<\/strong> reste<br \/>\ntroisi\u00e8me au classement constructeurs, 12 points derri\u00e8re <a href=\"https:\/\/www.paddock-gp.com\/motogp-aprilia-echappe-au-groupe-d-mais-rate-des-avantages-de-developpement\/\" rel=\"nofollow noopener\" target=\"_blank\"><br \/>\n<strong>Aprilia<\/strong><\/a> mais largement devant<br \/>\n<strong>Honda<\/strong>. Cependant, les \u00e9carts internes entre<br \/>\npilotes sont flagrants : <strong>Acosta domine<\/strong> (7e), suivi<br \/>\nde <strong>Vi\u00f1ales<\/strong> (11e), puis <strong>Binder<\/strong><br \/>\n(12e) et enfin <strong>Bastianini<\/strong> (17e). Reste \u00e0 savoir si<br \/>\n<strong>Binder<\/strong> et <strong>Bastianini<\/strong> retrouveront<br \/>\nleur mojo pour accompagner <strong>Acosta<\/strong> et<br \/>\n<strong>Vi\u00f1ales<\/strong> dans la lutte pour les podiums.<br \/>\nRendez-vous au <strong>Red Bull Ring<\/strong>, le fief de<br \/>\n<strong>KTM<\/strong>, du <strong>15 au 17 ao\u00fbt<\/strong> \u2026<\/p>\n<p><img decoding=\"async\" class=\"aligncenter\" src=\"https:\/\/www.europesays.com\/fr\/wp-content\/uploads\/2025\/08\/4cf0c38964dd4b4bb57a3334d687023a.jpg\" alt=\"Le Red Bull Ring est ouvert aux nouvelles id\u00e9es\"\/><\/p>\n<p>\u00a0<\/p>\n<p>\u00a0<\/p>\n","protected":false},"excerpt":{"rendered":"La saison MotoGP 2025 est loin d\u2019avoir r\u00e9pondu aux attentes de KTM. Pendant que l\u2019\u00e9curie autrichienne a travers\u00e9&hellip;\n","protected":false},"author":2,"featured_media":291722,"comment_status":"","ping_status":"","sticky":false,"template":"","format":"standard","meta":{"footnotes":""},"categories":[1413],"tags":[1011,27,1457,1456,60],"class_list":{"0":"post-291721","1":"post","2":"type-post","3":"status-publish","4":"format-standard","5":"has-post-thumbnail","7":"category-moto","8":"tag-fr","9":"tag-france","10":"tag-moto","11":"tag-motocycle","12":"tag-sports"},"share_on_mastodon":{"url":"https:\/\/pubeurope.com\/@fr\/114960111227814648","error":""},"_links":{"self":[{"href":"https:\/\/www.europesays.com\/fr\/wp-json\/wp\/v2\/posts\/291721","targetHints":{"allow":["GET"]}}],"collection":[{"href":"https:\/\/www.europesays.com\/fr\/wp-json\/wp\/v2\/posts"}],"about":[{"href":"https:\/\/www.europesays.com\/fr\/wp-json\/wp\/v2\/types\/post"}],"author":[{"embeddable":true,"href":"https:\/\/www.europesays.com\/fr\/wp-json\/wp\/v2\/users\/2"}],"replies":[{"embeddable":true,"href":"https:\/\/www.europesays.com\/fr\/wp-json\/wp\/v2\/comments?post=291721"}],"version-history":[{"count":0,"href":"https:\/\/www.europesays.com\/fr\/wp-json\/wp\/v2\/posts\/291721\/revisions"}],"wp:featuredmedia":[{"embeddable":true,"href":"https:\/\/www.europesays.com\/fr\/wp-json\/wp\/v2\/media\/291722"}],"wp:attachment":[{"href":"https:\/\/www.europesays.com\/fr\/wp-json\/wp\/v2\/media?parent=291721"}],"wp:term":[{"taxonomy":"category","embeddable":true,"href":"https:\/\/www.europesays.com\/fr\/wp-json\/wp\/v2\/categories?post=291721"},{"taxonomy":"post_tag","embeddable":true,"href":"https:\/\/www.europesays.com\/fr\/wp-json\/wp\/v2\/tags?post=291721"}],"curies":[{"name":"wp","href":"https:\/\/api.w.org\/{rel}","templated":true}]}}