{"id":291723,"date":"2025-08-02T16:27:12","date_gmt":"2025-08-02T16:27:12","guid":{"rendered":"https:\/\/www.europesays.com\/fr\/291723\/"},"modified":"2025-08-02T16:27:12","modified_gmt":"2025-08-02T16:27:12","slug":"bwt-alpine-formula-one-team-francois-provost-fixe-le-cap-et-confirme-alpine-en-f1","status":"publish","type":"post","link":"https:\/\/www.europesays.com\/fr\/291723\/","title":{"rendered":"BWT Alpine Formula One Team : Fran\u00e7ois Provost fixe le cap et confirme Alpine en F1"},"content":{"rendered":"<p>Le Groupe Renault a nomm\u00e9 Fran\u00e7ois Provost \u00e0 la t\u00eate du groupe au moment o\u00f9 l\u2019avenir d\u2019<a href=\"https:\/\/lesalpinistes.com\/formule-1\/\" rel=\"nofollow noopener\" target=\"_blank\">Alpine en Formule 1<\/a> suscitait des interrogations. Le nouveau DG a lev\u00e9 l\u2019ambigu\u00eft\u00e9 en affirmant la continuit\u00e9 du projet sportif malgr\u00e9 un contexte technique et \u00e9conomique tendu.<\/p>\n<p>Il aura fallu attendre la premi\u00e8re journ\u00e9e du Grand Prix de Hongrie pour que le brouillard se dissipe. Alors que les A525 s\u2019enlisaient dans les profondeurs du classement lors des essais libres, Fran\u00e7ois Provost, nouveau Directeur g\u00e9n\u00e9ral de Renault Group, a mis un terme aux sp\u00e9culations :<\/p>\n<blockquote class=\"wp-block-quote is-layout-flow wp-block-quote-is-layout-flow\">\n<p>\u00ab Alpine continuera son aventure en Formule 1. \u00bb<\/p>\n<\/blockquote>\n<p>Un message clair, lanc\u00e9 en marge de la pr\u00e9sentation des r\u00e9sultats semestriels du groupe, et qui vient r\u00e9tablir une ligne de conduite apr\u00e8s une p\u00e9riode de flou initi\u00e9e par le d\u00e9part de <a href=\"https:\/\/lesalpinistes.com\/luca-de-meo-quitte-renault-alpine\/\" data-type=\"post\" data-id=\"1302944\" rel=\"nofollow noopener\" target=\"_blank\">Luca de Meo<\/a> fin juin.<\/p>\n<p>La prise de fonction de Fran\u00e7ois Provost marquait une nouvelle \u00e8re, mais son silence initial laissait planer le doute sur ses intentions vis-\u00e0-vis du programme F1. Cette d\u00e9claration tranche.<\/p>\n<p>Fran\u00e7ois Provost : un profil technocratique pour un tournant strat\u00e9gique<\/p>\n<p>Fran\u00e7ois Provost, 57 ans, n\u2019\u00e9tait pas le favori pour succ\u00e9der \u00e0 Luca De Meo, mais sa d\u00e9signation a \u00e9t\u00e9 motiv\u00e9e par la stabilit\u00e9 et l\u2019ancrage historique. En poste chez Renault depuis 2002, apr\u00e8s une premi\u00e8re carri\u00e8re dans la haute administration fran\u00e7aise, il a occup\u00e9 des fonctions cl\u00e9s \u00e0 l\u2019international, de Lisbonne \u00e0 S\u00e9oul en passant par Moscou et P\u00e9kin.<\/p>\n<p>Depuis 2020, il supervisait les partenariats internationaux et les achats, et a jou\u00e9 un r\u00f4le discret mais structurant dans le d\u00e9ploiement du plan \u00ab\u00a0Renaulution\u00a0\u00bb. Sa nomination consacre une ligne de continuit\u00e9, mais avec une approche plus sobre, moins m\u00e9diatique.<\/p>\n<p><a href=\"https:\/\/lesalpinistes.com\/wp-content\/uploads\/2025\/08\/Francois-Provost-Directeur-General-Groupe-Renault.jpg\" rel=\"nofollow noopener\" target=\"_blank\"><img loading=\"lazy\" data-lazyloaded=\"1\" decoding=\"async\" width=\"719\" height=\"1080\" src=\"https:\/\/lesalpinistes.com\/images\/lesalpinistes.com\/2025\/08\/Francois-Provost-Directeur-General-Groupe-Renault.jpg\/w=719\" alt=\"Fran\u00e7ois Provost Directeur G\u00e9n\u00e9ral Groupe Renault\" class=\"wp-image-1303402\" title=\"BWT Alpine Formula One Team : Fran\u00e7ois Provost fixe le cap et confirme Alpine en F1 3\"  data-\/><\/a>BWT Alpine Formula One Team : Fran\u00e7ois Provost fixe le cap et confirme Alpine en F1 4<\/p>\n<p>Son int\u00e9r\u00eat pour le sport automobile reste \u00e0 ce jour peu document\u00e9, ce qui avait nourri certaines incertitudes au sein de la communaut\u00e9 F1. Mais sa parfaite connaissance des dossiers internes, notamment ceux li\u00e9s \u00e0 la marque Alpine, a fini par rassurer en interne comme en externe.<\/p>\n<p>D\u00e8s 2024, la direction avait tranch\u00e9 : \u00e0 compter de 2026, l\u2019\u00e9quipe ne sera plus motoris\u00e9e par Renault, mais par Mercedes. Un changement de paradigme profond, act\u00e9 sous la direction pr\u00e9c\u00e9dente.<\/p>\n<p>Ce choix marque la fin d\u2019un cycle entam\u00e9 en 1977, ann\u00e9e de l\u2019entr\u00e9e de Renault en F1 en tant que motoriste. Malgr\u00e9 12 titres mondiaux et des innovations majeures, le bloc de <a href=\"https:\/\/lesalpinistes.com\/hypertech-alpine-mort-alpine-racing-v6-renault-f1\/\" data-type=\"post\" data-id=\"1297340\" rel=\"nofollow noopener\" target=\"_blank\">Viry-Ch\u00e2tillon<\/a> n\u2019a jamais retrouv\u00e9 son lustre de l\u2019\u00e8re Red Bull (2010\u20132013). La rigidit\u00e9 du gel moteur, combin\u00e9e \u00e0 un manque de latitude r\u00e9glementaire en pleine crise post-Covid, a d\u00e9finitivement scell\u00e9 son destin.<\/p>\n<p>Sur le plan humain, l\u2019\u00e9quipe reste en reconstruction. Depuis la transformation de Renault F1 en Alpine en 2021, la stabilit\u00e9 fait d\u00e9faut. Team principals \u00e9vinc\u00e9s, directions techniques volatiles, strat\u00e9gies contrari\u00e9es\u2026 L\u2019arriv\u00e9e r\u00e9cente de <a href=\"https:\/\/lesalpinistes.com\/alpine-f1-team-flavio-briatore\/\" data-type=\"post\" data-id=\"1295263\" rel=\"nofollow noopener\" target=\"_blank\">Flavio Briatore<\/a> comme conseiller sp\u00e9cial \u2013 en remplacement officieux d\u2019Oliver Oakes \u2013 illustre cette urgence \u00e0 retrouver un cap.<\/p>\n<p>Sportivement, Alpine vit une saison douloureuse. Avec seulement 20 points inscrits apr\u00e8s 13 Grands Prix, la structure est distanc\u00e9e par le peloton et surclass\u00e9e par des \u00e9quipes comme Haas ou Aston Martin.<\/p>\n<p>\u00c0 Budapest, l\u2019A525 a encore montr\u00e9 ses limites sur un trac\u00e9 peu favorable. Manque de grip \u00e0 l\u2019arri\u00e8re, motricit\u00e9 erratique, comportement instable : le diagnostic est connu, les solutions, encore en chantier. Seule \u00e9claircie, les progr\u00e8s de Franco Colapinto en essais libres, avec un rythme prometteur sur les longs relais.<\/p>\n<p>La vraie \u00e9ch\u00e9ance, toutefois, s\u2019appelle 2026. Nouveau moteur, nouvelles r\u00e8gles techniques, plafonnement budg\u00e9taire renforc\u00e9 : toutes les cartes seront redistribu\u00e9es. Reste \u00e0 savoir si Alpine saura enfin capitaliser.<\/p>\n<p><strong>Fran\u00e7ois Provost<\/strong>, Directeur g\u00e9n\u00e9ral de Renault Group :<\/p>\n<blockquote class=\"wp-block-quote is-layout-flow wp-block-quote-is-layout-flow\">\n<p>\u00ab C\u2019est avec fiert\u00e9 et gratitude que j\u2019accueille cette nomination. [\u2026] Vous pouvez compter sur mon engagement et ma d\u00e9termination pour \u00e9crire ensemble la prochaine page de notre histoire. \u00bb<br \/>\u00ab Alpine continuera son aventure en Formule 1. \u00bb<\/p>\n<\/blockquote>\n<p><strong>Pierre Gasly<\/strong>, pilote BWT Alpine F1 Team :<\/p>\n<blockquote class=\"wp-block-quote is-layout-flow wp-block-quote-is-layout-flow\">\n<p>\u00ab Il faut \u00eatre lucide sur ce qu\u2019on peut accomplir. Le soutien de la direction est l\u00e0, mais le chemin reste long. \u00bb<\/p>\n<\/blockquote>\n<p>Le tableau du championnat ne ment pas. Alpine est aujourd\u2019hui en retrait, et les espoirs d\u2019un sursaut en 2025 semblent minces. La saison n\u2019est pas encore perdue, mais tout indique que les efforts sont d\u00e9sormais recentr\u00e9s sur le moyen terme.<\/p>\n<tr>RangConstructeurPointsVictoiresPodiums<\/tr>\n<tr>\n<td>1<\/td>\n<td>McLaren<\/td>\n<td>516<\/td>\n<td>10<\/td>\n<td>22<\/td>\n<\/tr>\n<tr>\n<td>2<\/td>\n<td>Ferrari<\/td>\n<td>248<\/td>\n<td>0<\/td>\n<td>5<\/td>\n<\/tr>\n<tr>\n<td>3<\/td>\n<td>Mercedes<\/td>\n<td>220<\/td>\n<td>1<\/td>\n<td>6<\/td>\n<\/tr>\n<tr>\n<td>4<\/td>\n<td>Red Bull<\/td>\n<td>192<\/td>\n<td>2<\/td>\n<td>5<\/td>\n<\/tr>\n<tr>\n<td>5<\/td>\n<td>Williams<\/td>\n<td>70<\/td>\n<td>0<\/td>\n<td>0<\/td>\n<\/tr>\n<tr>\n<td>6<\/td>\n<td>Sauber<\/td>\n<td>43<\/td>\n<td>0<\/td>\n<td>1<\/td>\n<\/tr>\n<tr>\n<td>7<\/td>\n<td>Racing Bulls<\/td>\n<td>41<\/td>\n<td>0<\/td>\n<td>0<\/td>\n<\/tr>\n<tr>\n<td>8<\/td>\n<td>Aston Martin<\/td>\n<td>36<\/td>\n<td>0<\/td>\n<td>0<\/td>\n<\/tr>\n<tr>\n<td>9<\/td>\n<td>Haas<\/td>\n<td>35<\/td>\n<td>0<\/td>\n<td>0<\/td>\n<\/tr>\n<tr>\n<td>10<\/td>\n<td>BWT Alpine F1 Team<\/td>\n<td>20<\/td>\n<td>0<\/td>\n<td>0<\/td>\n<\/tr>\n<p>La confirmation par Fran\u00e7ois Provost de la pr\u00e9sence d\u2019Alpine en F1 n\u2019est pas un simple geste politique. Elle engage le groupe Renault dans une phase critique de sa strat\u00e9gie industrielle, sportive et marketing.<\/p>\n<p>Le cap est donn\u00e9, mais l\u2019ex\u00e9cution reste \u00e0 prouver. Dans un monde o\u00f9 chaque dixi\u00e8me de seconde se paie au prix fort, Alpine devra convertir les d\u00e9clarations en r\u00e9sultats concrets.<\/p>\n<p>Et 2026, plus que jamais, sera l\u2019ann\u00e9e de v\u00e9rit\u00e9. Et prouver si oui ou non Enstone est capable de mener la victoire sans le bloc Renault.<\/p>\n<p>Source : <a href=\"http:\/\/alpinecars.com\" target=\"_blank\" rel=\"noopener nofollow\">Groupe Renault<\/a><\/p>\n","protected":false},"excerpt":{"rendered":"Le Groupe Renault a nomm\u00e9 Fran\u00e7ois Provost \u00e0 la t\u00eate du groupe au moment o\u00f9 l\u2019avenir d\u2019Alpine en&hellip;\n","protected":false},"author":2,"featured_media":291724,"comment_status":"","ping_status":"","sticky":false,"template":"","format":"standard","meta":{"footnotes":""},"categories":[1412],"tags":[1451,1452,1453,1454,1455,1011,27,60],"class_list":{"0":"post-291723","1":"post","2":"type-post","3":"status-publish","4":"format-standard","5":"has-post-thumbnail","7":"category-f1","8":"tag-f1","9":"tag-formula-1","10":"tag-formula1","11":"tag-formule-1","12":"tag-formule1","13":"tag-fr","14":"tag-france","15":"tag-sports"},"share_on_mastodon":{"url":"https:\/\/pubeurope.com\/@fr\/114960115189019373","error":""},"_links":{"self":[{"href":"https:\/\/www.europesays.com\/fr\/wp-json\/wp\/v2\/posts\/291723","targetHints":{"allow":["GET"]}}],"collection":[{"href":"https:\/\/www.europesays.com\/fr\/wp-json\/wp\/v2\/posts"}],"about":[{"href":"https:\/\/www.europesays.com\/fr\/wp-json\/wp\/v2\/types\/post"}],"author":[{"embeddable":true,"href":"https:\/\/www.europesays.com\/fr\/wp-json\/wp\/v2\/users\/2"}],"replies":[{"embeddable":true,"href":"https:\/\/www.europesays.com\/fr\/wp-json\/wp\/v2\/comments?post=291723"}],"version-history":[{"count":0,"href":"https:\/\/www.europesays.com\/fr\/wp-json\/wp\/v2\/posts\/291723\/revisions"}],"wp:featuredmedia":[{"embeddable":true,"href":"https:\/\/www.europesays.com\/fr\/wp-json\/wp\/v2\/media\/291724"}],"wp:attachment":[{"href":"https:\/\/www.europesays.com\/fr\/wp-json\/wp\/v2\/media?parent=291723"}],"wp:term":[{"taxonomy":"category","embeddable":true,"href":"https:\/\/www.europesays.com\/fr\/wp-json\/wp\/v2\/categories?post=291723"},{"taxonomy":"post_tag","embeddable":true,"href":"https:\/\/www.europesays.com\/fr\/wp-json\/wp\/v2\/tags?post=291723"}],"curies":[{"name":"wp","href":"https:\/\/api.w.org\/{rel}","templated":true}]}}