{"id":291727,"date":"2025-08-02T16:29:15","date_gmt":"2025-08-02T16:29:15","guid":{"rendered":"https:\/\/www.europesays.com\/fr\/291727\/"},"modified":"2025-08-02T16:29:15","modified_gmt":"2025-08-02T16:29:15","slug":"mercato-om-vers-un-bel-echange-pour-azzedine-ounahi","status":"publish","type":"post","link":"https:\/\/www.europesays.com\/fr\/291727\/","title":{"rendered":"Mercato OM, vers un bel \u00e9change pour Azzedine Ounahi ?"},"content":{"rendered":"<p>L\u2019avenir d\u2019Azzedine Ounahi demeure en suspens malgr\u00e9 un \u00e9t\u00e9 o\u00f9 son d\u00e9part semblait in\u00e9vitable. <a href=\"https:\/\/www.goal.com\/fr\/news\/mercato-gros-bras-de-fer-entre-l-om-et-azzedine-ounahi\/bltc1c38e7acb8e2360\" target=\"_self\" rel=\"noopener\">Mis \u00e0 l\u2019\u00e9cart du groupe professionnel et rel\u00e9gu\u00e9 en Pro 2 en attendant une issue, le milieu marocain de 25 ans cherche un nouveau d\u00e9fi en Europe<\/a>. Le club espagnol de Girona a r\u00e9cemment tent\u00e9 une approche concr\u00e8te, et l\u2019Olympique de Marseille a saisi l\u2019occasion pour envisager une op\u00e9ration \u00e0 double effet.\u00a0<\/p>\n<p>Recommended external contentVideoWe need your consent to show you content our Editorial team embedded from Video. You can toggle this (and all other embeds from Video across goal.com) on with one click only and deactivate as well.Always display Video contentI confirm that I would like to see external content. Personal identifiable data could be transferred to Third parties. <a href=\"https:\/\/www.goal.com\/fr\/l%C3%A9gal\/politique-priv%C3%A9e\" target=\"_blank\" rel=\"noreferrer noopener\">Read more about it in our privacy policy<\/a>.<\/p>\n","protected":false},"excerpt":{"rendered":"L\u2019avenir d\u2019Azzedine Ounahi demeure en suspens malgr\u00e9 un \u00e9t\u00e9 o\u00f9 son d\u00e9part semblait in\u00e9vitable. Mis \u00e0 l\u2019\u00e9cart du&hellip;\n","protected":false},"author":2,"featured_media":291728,"comment_status":"","ping_status":"","sticky":false,"template":"","format":"standard","meta":{"footnotes":""},"categories":[1410],"tags":[43202,41563,22910,63,1011,27,41560,41561,19317,66,43203,884,43204,43206,42914,60,29806,43205],"class_list":{"0":"post-291727","1":"post","2":"type-post","3":"status-publish","4":"format-standard","5":"has-post-thumbnail","7":"category-football","8":"tag-a-ounahi","9":"tag-club-friendlies","10":"tag-fc-seville","11":"tag-football","12":"tag-fr","13":"tag-france","14":"tag-girona","15":"tag-jeux-damitie-des-clubs","16":"tag-laliga","17":"tag-ligue-1","18":"tag-m-gutierrez","19":"tag-marseille","20":"tag-marseille-vs-fc-seville","21":"tag-marseille-vs-sevilla","22":"tag-sevilla","23":"tag-sports","24":"tag-wolverhampton","25":"tag-wolverhampton-wanderers"},"share_on_mastodon":{"url":"https:\/\/pubeurope.com\/@fr\/114960122846306955","error":""},"_links":{"self":[{"href":"https:\/\/www.europesays.com\/fr\/wp-json\/wp\/v2\/posts\/291727","targetHints":{"allow":["GET"]}}],"collection":[{"href":"https:\/\/www.europesays.com\/fr\/wp-json\/wp\/v2\/posts"}],"about":[{"href":"https:\/\/www.europesays.com\/fr\/wp-json\/wp\/v2\/types\/post"}],"author":[{"embeddable":true,"href":"https:\/\/www.europesays.com\/fr\/wp-json\/wp\/v2\/users\/2"}],"replies":[{"embeddable":true,"href":"https:\/\/www.europesays.com\/fr\/wp-json\/wp\/v2\/comments?post=291727"}],"version-history":[{"count":0,"href":"https:\/\/www.europesays.com\/fr\/wp-json\/wp\/v2\/posts\/291727\/revisions"}],"wp:featuredmedia":[{"embeddable":true,"href":"https:\/\/www.europesays.com\/fr\/wp-json\/wp\/v2\/media\/291728"}],"wp:attachment":[{"href":"https:\/\/www.europesays.com\/fr\/wp-json\/wp\/v2\/media?parent=291727"}],"wp:term":[{"taxonomy":"category","embeddable":true,"href":"https:\/\/www.europesays.com\/fr\/wp-json\/wp\/v2\/categories?post=291727"},{"taxonomy":"post_tag","embeddable":true,"href":"https:\/\/www.europesays.com\/fr\/wp-json\/wp\/v2\/tags?post=291727"}],"curies":[{"name":"wp","href":"https:\/\/api.w.org\/{rel}","templated":true}]}}