{"id":291731,"date":"2025-08-02T16:32:24","date_gmt":"2025-08-02T16:32:24","guid":{"rendered":"https:\/\/www.europesays.com\/fr\/291731\/"},"modified":"2025-08-02T16:32:24","modified_gmt":"2025-08-02T16:32:24","slug":"plus-les-idees-sont-farfelues-plus-ca-me-va","status":"publish","type":"post","link":"https:\/\/www.europesays.com\/fr\/291731\/","title":{"rendered":"\u00ab\u00a0Plus les id\u00e9es sont farfelues, plus \u00e7a me va\u00a0\u00bb"},"content":{"rendered":"<p>\u00ab\u00a0Ce m\u00e9tier, \u00e7a a \u00e9t\u00e9 un coup de foudre, une r\u00e9v\u00e9lation, je ne sais pas trop comment l\u2019expliquer, confie Ronan Moro, qui a grandi en Bretagne. Adolescent, je voulais \u00eatre menuisier. Je suis all\u00e9 \u00e0 des portes ouvertes dans un lyc\u00e9e avec mon p\u00e8re pour d\u00e9couvrir la menuiserie. Il m\u2019a propos\u00e9 d\u2019aller voir aussi l\u2019atelier de tailleur de pierre parce que le prof \u00e9tait un de ses amis. Il y avait beaucoup de d\u00e9coration, des bas-reliefs, des motifs celtiques, et \u00e7a m\u2019a attir\u00e9 tout de suite.\u00a0\u00bb<\/p>\n<p>Quelques ann\u00e9es plus tard, un CAP tailleur de pierre, marbrier du b\u00e2timent et de la d\u00e9coration d\u00e9croch\u00e9&#8230;<\/p>\n","protected":false},"excerpt":{"rendered":"\u00ab\u00a0Ce m\u00e9tier, \u00e7a a \u00e9t\u00e9 un coup de foudre, une r\u00e9v\u00e9lation, je ne sais pas trop comment l\u2019expliquer,&hellip;\n","protected":false},"author":2,"featured_media":291732,"comment_status":"","ping_status":"","sticky":false,"template":"","format":"standard","meta":{"footnotes":""},"categories":[1358],"tags":[1477,1348,1384,1385,43208,43207,1687,1386,58,33,10446,59,107,1011,27,4002,2661],"class_list":{"0":"post-291731","1":"post","2":"type-post","3":"status-publish","4":"format-standard","5":"has-post-thumbnail","7":"category-arts-et-design","8":"tag-artisanat","9":"tag-arts","10":"tag-arts-and-design","11":"tag-arts-et-design","12":"tag-bas-en-basset-bassin","13":"tag-beauzac","14":"tag-culture-loisirs","15":"tag-design","16":"tag-divertissement","17":"tag-economie","18":"tag-edition-haute-loire","19":"tag-entertainment","20":"tag-fil-info","21":"tag-fr","22":"tag-france","23":"tag-haute-loire","24":"tag-patrimoine-culturel"},"share_on_mastodon":{"url":"https:\/\/pubeurope.com\/@fr\/114960134485161094","error":""},"_links":{"self":[{"href":"https:\/\/www.europesays.com\/fr\/wp-json\/wp\/v2\/posts\/291731","targetHints":{"allow":["GET"]}}],"collection":[{"href":"https:\/\/www.europesays.com\/fr\/wp-json\/wp\/v2\/posts"}],"about":[{"href":"https:\/\/www.europesays.com\/fr\/wp-json\/wp\/v2\/types\/post"}],"author":[{"embeddable":true,"href":"https:\/\/www.europesays.com\/fr\/wp-json\/wp\/v2\/users\/2"}],"replies":[{"embeddable":true,"href":"https:\/\/www.europesays.com\/fr\/wp-json\/wp\/v2\/comments?post=291731"}],"version-history":[{"count":0,"href":"https:\/\/www.europesays.com\/fr\/wp-json\/wp\/v2\/posts\/291731\/revisions"}],"wp:featuredmedia":[{"embeddable":true,"href":"https:\/\/www.europesays.com\/fr\/wp-json\/wp\/v2\/media\/291732"}],"wp:attachment":[{"href":"https:\/\/www.europesays.com\/fr\/wp-json\/wp\/v2\/media?parent=291731"}],"wp:term":[{"taxonomy":"category","embeddable":true,"href":"https:\/\/www.europesays.com\/fr\/wp-json\/wp\/v2\/categories?post=291731"},{"taxonomy":"post_tag","embeddable":true,"href":"https:\/\/www.europesays.com\/fr\/wp-json\/wp\/v2\/tags?post=291731"}],"curies":[{"name":"wp","href":"https:\/\/api.w.org\/{rel}","templated":true}]}}