{"id":291735,"date":"2025-08-02T16:35:21","date_gmt":"2025-08-02T16:35:21","guid":{"rendered":"https:\/\/www.europesays.com\/fr\/291735\/"},"modified":"2025-08-02T16:35:21","modified_gmt":"2025-08-02T16:35:21","slug":"telematin-encore-chamboule-ce-gros-changement-qui-attendait-les-telespectateurs-ce-matin-video","status":"publish","type":"post","link":"https:\/\/www.europesays.com\/fr\/291735\/","title":{"rendered":"T\u00e9l\u00e9matin encore chamboul\u00e9, ce gros changement qui attendait les t\u00e9l\u00e9spectateurs ce matin (VIDEO)"},"content":{"rendered":"<p>Ce samedi 2 ao\u00fbt, l\u2019\u00e9mission de T\u00e9l\u00e9matin a troqu\u00e9 son plateau contre celui du journal de 20 heures de France 2, pour cause de travaux. Un nouveau changement alors que l\u2019\u00e9mission est en plein chamboulement, avec deux nouveaux duos de pr\u00e9sentation qui arriveront d\u00e8s la rentr\u00e9e.<\/p>\n<p>\u201cMesdames et messieurs, bonsoir, il est vingt heures, voici les titres.\u201d Dr\u00f4le de fa\u00e7on de d\u00e9marrer une \u00e9mission matinale\u2026 C\u2019est pourtant ce qu&rsquo;ont fait <a href=\"https:\/\/www.programme-tv.net\/biographie\/242217-rohard-adrien\/\" data-link-people=\"22b25816-320c-462d-996a-8d29341d36d2\" target=\"_blank\" rel=\"noopener\">Adrien Rohard<\/a> et <a href=\"https:\/\/www.programme-tv.net\/biographie\/293614-delhostal-laurie\/\" data-link-people=\"75951a1e-9621-49ad-95d6-3a58d88b1346\" target=\"_blank\" rel=\"noopener\">Laurie Delhostal<\/a>, les deux pr\u00e9sentateurs de T\u00e9l\u00e9matin ce samedi 2 ao\u00fbt, sur la traditionnelle musique qui accompagne le d\u00e9but et la fin de l\u2019\u00e9mission, Don\u2019t stop me now, de Queen. \u201cAlors, non. Il n\u2019est pas vingt heures, au regret de vous l\u2019apprendre. Il est 6h30, et c\u2019est bien T\u00e9l\u00e9matin\u201d, s&rsquo;est ensuite amus\u00e9 le duo. La raison de ce lancement ? Le plateau habituel du programme \u00e9tant en travaux, c\u2019est sur celui du journal de vingt heures que s\u2019est exceptionnellement d\u00e9roul\u00e9e cette \u00e9mission.<\/p>\n<p>La pr\u00e9sentation de T\u00e9l\u00e9matin mouvement\u00e9e pendant l\u2019\u00e9t\u00e9 2025<\/p>\n<p>Si le plateau de cette \u00e9mission de T\u00e9l\u00e9matin a pu surprendre les t\u00e9l\u00e9spectateurs les plus fid\u00e8les, ce n\u2019est pas le seul \u00e9l\u00e9ment de l\u2019\u00e9mission qui a chang\u00e9. La valse des pr\u00e9sentateurs rempla\u00e7ants pour l\u2019\u00e9t\u00e9 a d\u2019ailleurs \u00e9t\u00e9 tellement mouvement\u00e9e qu\u2019une consoeur de France Info TV a m\u00eame \u00e9t\u00e9 surprise et <a href=\"https:\/\/www.programme-tv.net\/news\/tv\/383563-on-ne-se-connait-pas-l-accueil-complique-de-la-remplacante-de-louise-ekland-ce-vendredi-dans-telematin\/\" data-api-deeplink=\"teleloisirs:\/\/news\/383563\" target=\"_blank\" rel=\"noopener\">n\u2019a pas reconnu une pr\u00e9sentatrice<\/a>, <a href=\"https:\/\/www.programme-tv.net\/biographie\/400763-ghiglia-johanna\/\" data-link-people=\"f6eec31b-8325-40e6-a6e3-e90c80f19074\" target=\"_blank\" rel=\"noopener\">Johanna Ghiglia<\/a>, en plein direct. Pour ce qui est de la saison prochaine, qui d\u00e9marrera \u00e0 la rentr\u00e9e, les t\u00e9l\u00e9spectateurs ne retrouveront pas le duo compos\u00e9 de <a href=\"https:\/\/www.programme-tv.net\/biographie\/9216-flament-flavie\/\" data-link-people=\"0626f70d-4857-47d3-99e3-39d43c76b7ba\" target=\"_blank\" rel=\"noopener\">Flavie Flament<\/a> et <a href=\"https:\/\/www.programme-tv.net\/biographie\/27768-arnaud-julien\/\" data-link-people=\"6e99d37f-e5ca-4d63-95ae-6defbf7934fd\" target=\"_blank\" rel=\"noopener\">Julien Arnaud<\/a>. Les deux journalistes ont en effet \u00e9t\u00e9 <a href=\"https:\/\/www.programme-tv.net\/news\/tv\/384487-julien-arnaud-a-quitte-france-2-le-joli-message-de-flavie-flament-pour-sa-derniere-au-jt-de-20-heures\/\" data-api-deeplink=\"teleloisirs:\/\/news\/384487\" target=\"_blank\" rel=\"noopener\">\u00e9vinc\u00e9s de l\u2019\u00e9mission<\/a> d\u00e9but juillet, apr\u00e8s un an seulement aux manettes de la matinale. Si la premi\u00e8re reste sur le service public dans le nouveau <a href=\"https:\/\/www.programme-tv.net\/news\/tv\/382887-ecartee-de-telematin-flavie-flament-change-de-chaine-et-arrive-sur-france-3\/\" data-api-deeplink=\"teleloisirs:\/\/news\/382887\" target=\"_blank\" rel=\"noopener\">magazine En France<\/a>, diffus\u00e9 sur France 3, le second, lui, a choisi de partir sur BFM TV, o\u00f9 il animera la tranche de 10h \u00e0 midi. Et <a href=\"https:\/\/www.programme-tv.net\/news\/tv\/384463-je-suis-tres-emu-mais-surtout-reconnaissant-julien-arnaud-fait-ses-adieux-au-jt-de-20-heures-de-france-2\/\" data-api-deeplink=\"teleloisirs:\/\/news\/384463\" target=\"_blank\" rel=\"noopener\">il a fait ses adieux<\/a> \u00e0 France 2 <a href=\"https:\/\/www.programme-tv.net\/news\/tv\/384434-surprise-julien-arnaud-va-presenter-son-dernier-jt-de-20-heures-sur-france-2-bien-plus-tot-que-prevu\/\" data-api-deeplink=\"teleloisirs:\/\/news\/384434\" target=\"_blank\" rel=\"noopener\">plus t\u00f4t que pr\u00e9vu<\/a>.<\/p>\n<p>                        Gros changements \u00e0 pr\u00e9voir sur T\u00e9l\u00e9matin \u00e0 la rentr\u00e9e 2025<\/p>\n<p>Les nouveaux visages de la prochaine saison de T\u00e9l\u00e9matin ne seront pas inconnus des t\u00e9l\u00e9spectateurs, puisque c\u2019est le duo qui animait l\u2019\u00e9mission le week-end qui reprend les manettes de l\u2019\u00e9dition en semaine\u00a0: <a href=\"https:\/\/www.programme-tv.net\/news\/tv\/382977-julien-arnaud-son-message-a-damien-thevenot-et-maya-lauque-qui-vont-le-remplacer-dans-telematin\/\" data-api-deeplink=\"teleloisirs:\/\/news\/382977\" target=\"_blank\" rel=\"noopener\">Maya Lauqu\u00e9 et Damien Th\u00e9venot<\/a>. Ils seront eux-m\u00eames remplac\u00e9s le week-end par <a href=\"https:\/\/www.programme-tv.net\/biographie\/290835-taravant-melanie\/\" data-link-people=\"edcb67f3-5eab-45da-8318-49f02a567008\" target=\"_blank\" rel=\"noopener\">M\u00e9lanie Taravant<\/a> et Samuel Ollivier, respectivement ancienne pr\u00e9sentatrice de C M\u00e9diatique sur France 5 (\u00e9mission annul\u00e9e \u00e0 la rentr\u00e9e) et journaliste sportif d\u00e9j\u00e0 chroniqueur pour T\u00e9l\u00e9matin.<\/p>\n<p>Article \u00e9crit en partenariat avec 6m\u00e9dias.<\/p>\n","protected":false},"excerpt":{"rendered":"Ce samedi 2 ao\u00fbt, l\u2019\u00e9mission de T\u00e9l\u00e9matin a troqu\u00e9 son plateau contre celui du journal de 20 heures&hellip;\n","protected":false},"author":2,"featured_media":291736,"comment_status":"","ping_status":"","sticky":false,"template":"","format":"standard","meta":{"footnotes":""},"categories":[1356],"tags":[244,58,59,1011,27,594,252,18486,1364,1630],"class_list":{"0":"post-291735","1":"post","2":"type-post","3":"status-publish","4":"format-standard","5":"has-post-thumbnail","7":"category-television","8":"tag-commentaire","9":"tag-divertissement","10":"tag-entertainment","11":"tag-fr","12":"tag-france","13":"tag-france-2","14":"tag-television","15":"tag-tu00e9lu00e9matin","16":"tag-tv","17":"tag-zapping"},"share_on_mastodon":{"url":"https:\/\/pubeurope.com\/@fr\/114960146351890593","error":""},"_links":{"self":[{"href":"https:\/\/www.europesays.com\/fr\/wp-json\/wp\/v2\/posts\/291735","targetHints":{"allow":["GET"]}}],"collection":[{"href":"https:\/\/www.europesays.com\/fr\/wp-json\/wp\/v2\/posts"}],"about":[{"href":"https:\/\/www.europesays.com\/fr\/wp-json\/wp\/v2\/types\/post"}],"author":[{"embeddable":true,"href":"https:\/\/www.europesays.com\/fr\/wp-json\/wp\/v2\/users\/2"}],"replies":[{"embeddable":true,"href":"https:\/\/www.europesays.com\/fr\/wp-json\/wp\/v2\/comments?post=291735"}],"version-history":[{"count":0,"href":"https:\/\/www.europesays.com\/fr\/wp-json\/wp\/v2\/posts\/291735\/revisions"}],"wp:featuredmedia":[{"embeddable":true,"href":"https:\/\/www.europesays.com\/fr\/wp-json\/wp\/v2\/media\/291736"}],"wp:attachment":[{"href":"https:\/\/www.europesays.com\/fr\/wp-json\/wp\/v2\/media?parent=291735"}],"wp:term":[{"taxonomy":"category","embeddable":true,"href":"https:\/\/www.europesays.com\/fr\/wp-json\/wp\/v2\/categories?post=291735"},{"taxonomy":"post_tag","embeddable":true,"href":"https:\/\/www.europesays.com\/fr\/wp-json\/wp\/v2\/tags?post=291735"}],"curies":[{"name":"wp","href":"https:\/\/api.w.org\/{rel}","templated":true}]}}