{"id":291737,"date":"2025-08-02T16:36:10","date_gmt":"2025-08-02T16:36:10","guid":{"rendered":"https:\/\/www.europesays.com\/fr\/291737\/"},"modified":"2025-08-02T16:36:10","modified_gmt":"2025-08-02T16:36:10","slug":"ceux-quon-etait-de-pierre-garnier","status":"publish","type":"post","link":"https:\/\/www.europesays.com\/fr\/291737\/","title":{"rendered":"\u00ab\u00a0Ceux qu&rsquo;on \u00e9tait\u00a0\u00bb de Pierre Garnier"},"content":{"rendered":"<p>Les secrets des tubes &#8211; 5\/12. Chaque week-end de l\u2019\u00e9t\u00e9, Philippe Dufreigne vous fait d\u00e9couvrir tous les petits secrets de conception des chansons marquantes de notre patrimoine musical. Aujourd\u2019hui, les amours d\u00e9\u00e7ues de Pierre Garnier. Avec l\u2019histoire de \u00ab\u00a0Ceux qu\u2019on \u00e9tait\u00a0\u00bb, n\u00e9e avant, et popularis\u00e9e pendant la \u00ab\u00a0Star Academy\u00a0\u00bb.<\/p>\n<p>Nous sommes avant la Star Academy 2023. Quelques semaines avant que <a href=\"https:\/\/www.bfmtv.com\/people\/musique\/pierre-garnier-revelation-masculine-aux-40e-victoires-de-la-musique_AD-202502140964.html\" title=\"Pierre Garnier, r\u00e9v\u00e9lation masculine aux 40e Victoires de la Musique\" class=\"internal_link\" rel=\"nofollow noopener\" target=\"_blank\">Pierre Garnier<\/a> n\u2019int\u00e8gre le t\u00e9l\u00e9crochet, l&rsquo;artiste participe \u00e0 une s\u00e9ance d\u2019\u00e9criture avec ses complices, d\u00e9j\u00e0, Joseph Kamel et Daisy, qui s&rsquo;est av\u00e9r\u00e9e fructueuse.<\/p>\n<p>\u00ab\u00a0On essayait de faire une chanson assez up tempo, qui bougeait pour l\u2019\u00e9t\u00e9, et tout. Et franchement, ce qu\u2019on avait, c\u2019\u00e9tait pas top. On est all\u00e9 dehors on a pris un petit go\u00fbter avec une guitare, et la top line est venue tr\u00e8s tr\u00e8s vite. Et en trente, quarante minutes. On avait la chanson\u00a0\u00bb, explique Pierre Garnier au micro de BFMTV.<\/p>\n<p>La chanson reste dans la t\u00eate du futur gagnant de la Star Ac&rsquo;. Pendant les pauses CSA, il la joue \u00e0 ses camarades du ch\u00e2teau sans qu\u2019elle soit diffus\u00e9e. Mais elle finit par appara\u00eetre dans le programme, puis se retrouve rapidement sur les r\u00e9seaux sociaux. Et au soir de la finale, Dadju, pr\u00e9sent sur sc\u00e8ne, <a href=\"https:\/\/www.bfmtv.com\/people\/musique\/ce-qu-on-etait-pourquoi-ce-titre-compose-par-pierre-gagnant-de-la-star-academy-est-deja-un-tube_AV-202402040301.html\" title=\"&quot;Ceux qu&#039;on \u00e9tait&quot;: pourquoi ce titre compos\u00e9 par Pierre, gagnant de la &quot;Star Academy&quot;, est d\u00e9j\u00e0 un tube\" class=\"internal_link\" rel=\"nofollow noopener\" target=\"_blank\">incite Pierre \u00e0 l\u2019entonner<\/a>. Une v\u00e9ritable surprise pour le chanteur.<\/p>\n<p>\u00ab\u00a0Je crois qu&rsquo;il y a peut-\u00eatre le mec qui a apport\u00e9 la guitare qui \u00e9tait au courant peut-\u00eatre que Dadju lui avait dit avant, mais franchement il s&rsquo;est peut-\u00eatre m\u00eame fait engueuler apr\u00e8s, mais c&rsquo;\u00e9tait pas pr\u00e9vu du tout\u00a0\u00bb, assure-t-il.<\/p>\n<blockquote class=\"embed embed_quote\"><p>\u00ab\u00a0Je n&rsquo;entendais pas au d\u00e9but mais il y a tout le public qui connaissait d\u00e9j\u00e0 la chanson. L\u00e0, je me suis dit: &lsquo;ok, il se passe un truc&rsquo;. Le lendemain j&rsquo;ai repris mon t\u00e9l\u00e9phone, j&rsquo;ai regard\u00e9 Tik Tok, elle \u00e9tait est partout\u00a0\u00bb, ajoute le chanteur.<\/p><\/blockquote>\n<p>\u00ab\u00a0C&rsquo;est la chanson que je chanterai toute ma vie\u00a0\u00bb<\/p>\n<p>Une d\u00e9ferlante! \u00c0 sa mise en ligne, deux millions de streams en 24h, soit le meilleur d\u00e9marrage de tous les temps sur les plateformes pour un single de pop fran\u00e7aise. Preuve de son succ\u00e8s, quand d\u00e9bute la tourn\u00e9e de <a href=\"https:\/\/www.bfmtv.com\/people\/musique\/lucky-love-pierre-garnier-rn-boi-shazam-devoile-sa-liste-des-50-artistes-a-suivre-en-2025_AN-202501130775.html\" title=\"Lucky Love, Pierre Garnier, RnBoi... Shazam d\u00e9voile sa liste des 50 artistes \u00e0 suivre en 2025\" class=\"internal_link\" rel=\"nofollow noopener\" target=\"_blank\">Pierre Garnier<\/a>, le public conna\u00eet le titre par c\u0153ur.<\/p>\n<blockquote class=\"embed embed_quote\"><p>\u00ab\u00a0Souvent tu retiens le refrain, ou un moment. L\u00e0 c\u2019est toute la chanson que les gens chantent en c\u0153ur, et je pouvais limite arr\u00eater de chanter, ils chantaient \u00e0 ma place, et je trouvais \u00e7a juste fou, et pour une premi\u00e8re exp\u00e9rience de sc\u00e8ne, j\u2019avoue que c\u2019est quelque chose\u00a0\u00bb, confie l&rsquo;artiste.<\/p><\/blockquote>\n<p>Aujourd\u2019hui, Pierre Garnier le sait, Ceux qu\u2019on \u00e9tait est devenue une signature, une chanson indispensable de son r\u00e9pertoire. \u00ab\u00a0Elle repr\u00e9sente tout, elle repr\u00e9sente mon d\u00e9but de vie musicale, c\u2019est gr\u00e2ce \u00e0 cette chanson l\u00e0 que j\u2019en suis l\u00e0 aujourd\u2019hui, je pense que c\u2019est la chanson qui me marquera, que je chanterai toute ma vie en vrai\u00a0\u00bb, affirme-t-il.<\/p>\n<p>La preuve? C\u2019est que le public est tellement en demande que sur sa tourn\u00e9e, Pierre Garnier interpr\u00e8te m\u00eame son tube deux fois, sous deux versions diff\u00e9rentes. Deux fois plus de plaisir pour les fans du chanteur normand.<\/p>\n","protected":false},"excerpt":{"rendered":"Les secrets des tubes &#8211; 5\/12. Chaque week-end de l\u2019\u00e9t\u00e9, Philippe Dufreigne vous fait d\u00e9couvrir tous les petits&hellip;\n","protected":false},"author":2,"featured_media":291738,"comment_status":"","ping_status":"","sticky":false,"template":"","format":"standard","meta":{"footnotes":""},"categories":[1355],"tags":[58,59,1011,27,1361,873],"class_list":{"0":"post-291737","1":"post","2":"type-post","3":"status-publish","4":"format-standard","5":"has-post-thumbnail","7":"category-musique","8":"tag-divertissement","9":"tag-entertainment","10":"tag-fr","11":"tag-france","12":"tag-music","13":"tag-musique"},"share_on_mastodon":{"url":"https:\/\/pubeurope.com\/@fr\/114960150385953790","error":""},"_links":{"self":[{"href":"https:\/\/www.europesays.com\/fr\/wp-json\/wp\/v2\/posts\/291737","targetHints":{"allow":["GET"]}}],"collection":[{"href":"https:\/\/www.europesays.com\/fr\/wp-json\/wp\/v2\/posts"}],"about":[{"href":"https:\/\/www.europesays.com\/fr\/wp-json\/wp\/v2\/types\/post"}],"author":[{"embeddable":true,"href":"https:\/\/www.europesays.com\/fr\/wp-json\/wp\/v2\/users\/2"}],"replies":[{"embeddable":true,"href":"https:\/\/www.europesays.com\/fr\/wp-json\/wp\/v2\/comments?post=291737"}],"version-history":[{"count":0,"href":"https:\/\/www.europesays.com\/fr\/wp-json\/wp\/v2\/posts\/291737\/revisions"}],"wp:featuredmedia":[{"embeddable":true,"href":"https:\/\/www.europesays.com\/fr\/wp-json\/wp\/v2\/media\/291738"}],"wp:attachment":[{"href":"https:\/\/www.europesays.com\/fr\/wp-json\/wp\/v2\/media?parent=291737"}],"wp:term":[{"taxonomy":"category","embeddable":true,"href":"https:\/\/www.europesays.com\/fr\/wp-json\/wp\/v2\/categories?post=291737"},{"taxonomy":"post_tag","embeddable":true,"href":"https:\/\/www.europesays.com\/fr\/wp-json\/wp\/v2\/tags?post=291737"}],"curies":[{"name":"wp","href":"https:\/\/api.w.org\/{rel}","templated":true}]}}