{"id":291756,"date":"2025-08-02T16:46:11","date_gmt":"2025-08-02T16:46:11","guid":{"rendered":"https:\/\/www.europesays.com\/fr\/291756\/"},"modified":"2025-08-02T16:46:11","modified_gmt":"2025-08-02T16:46:11","slug":"loire-a-saint-etienne-des-citoyens-ont-marche-pour-dire-stop-au-harcelement","status":"publish","type":"post","link":"https:\/\/www.europesays.com\/fr\/291756\/","title":{"rendered":"Loire. \u00c0 Saint-\u00c9tienne, des citoyens ont march\u00e9 pour dire stop au harc\u00e8lement"},"content":{"rendered":"<p>Plusieurs personnes se sont \u00e9lanc\u00e9es ce samedi apr\u00e8s-midi depuis la place du Bicentenaire, \u00e0 Saint-\u00c9tienne, pour sensibiliser au harc\u00e8lement en ligne et en milieu scolaire. Le fl\u00e9au des r\u00e9seaux sociaux est point\u00e9 du doigt\u00a0: \u00ab\u00a0Derri\u00e8re un \u00e9cran et avec un pseudo, c\u2019est facile de se moquer. Mais il ne faut jamais oublier\u00a0que certains harcel\u00e9s se donnent la mort\u00a0\u00bb, s\u2019\u00e9meut Casandra, participante \u00e0 la marche. Le cort\u00e8ge a respect\u00e9 une minute de silence devant l\u2019h\u00f4tel de ville, en hommage aux victimes du harc\u00e8lement.<\/p>\n","protected":false},"excerpt":{"rendered":"Plusieurs personnes se sont \u00e9lanc\u00e9es ce samedi apr\u00e8s-midi depuis la place du Bicentenaire, \u00e0 Saint-\u00c9tienne, pour sensibiliser au&hellip;\n","protected":false},"author":2,"featured_media":291757,"comment_status":"","ping_status":"","sticky":false,"template":"","format":"standard","meta":{"footnotes":""},"categories":[9653],"tags":[1111,11,2430,6084,7539,1777,674,1011,27,3367,12,25,4001,7538,801,104],"class_list":{"0":"post-291756","1":"post","2":"type-post","3":"status-publish","4":"format-standard","5":"has-post-thumbnail","7":"category-saint-etienne","8":"tag-actu","9":"tag-actualites","10":"tag-auvergne-rhone-alpes","11":"tag-droit","12":"tag-edition-loire-sud","13":"tag-eu","14":"tag-europe","15":"tag-fr","16":"tag-france","17":"tag-loire","18":"tag-news","19":"tag-republique-francaise","20":"tag-saint-etienne","21":"tag-saint-etienne-ville","22":"tag-social","23":"tag-societe"},"share_on_mastodon":{"url":"https:\/\/pubeurope.com\/@fr\/114960189671941929","error":""},"_links":{"self":[{"href":"https:\/\/www.europesays.com\/fr\/wp-json\/wp\/v2\/posts\/291756","targetHints":{"allow":["GET"]}}],"collection":[{"href":"https:\/\/www.europesays.com\/fr\/wp-json\/wp\/v2\/posts"}],"about":[{"href":"https:\/\/www.europesays.com\/fr\/wp-json\/wp\/v2\/types\/post"}],"author":[{"embeddable":true,"href":"https:\/\/www.europesays.com\/fr\/wp-json\/wp\/v2\/users\/2"}],"replies":[{"embeddable":true,"href":"https:\/\/www.europesays.com\/fr\/wp-json\/wp\/v2\/comments?post=291756"}],"version-history":[{"count":0,"href":"https:\/\/www.europesays.com\/fr\/wp-json\/wp\/v2\/posts\/291756\/revisions"}],"wp:featuredmedia":[{"embeddable":true,"href":"https:\/\/www.europesays.com\/fr\/wp-json\/wp\/v2\/media\/291757"}],"wp:attachment":[{"href":"https:\/\/www.europesays.com\/fr\/wp-json\/wp\/v2\/media?parent=291756"}],"wp:term":[{"taxonomy":"category","embeddable":true,"href":"https:\/\/www.europesays.com\/fr\/wp-json\/wp\/v2\/categories?post=291756"},{"taxonomy":"post_tag","embeddable":true,"href":"https:\/\/www.europesays.com\/fr\/wp-json\/wp\/v2\/tags?post=291756"}],"curies":[{"name":"wp","href":"https:\/\/api.w.org\/{rel}","templated":true}]}}