{"id":291759,"date":"2025-08-02T16:48:22","date_gmt":"2025-08-02T16:48:22","guid":{"rendered":"https:\/\/www.europesays.com\/fr\/291759\/"},"modified":"2025-08-02T16:48:22","modified_gmt":"2025-08-02T16:48:22","slug":"tomblaine-au-temps-des-activites-industrielles-des-iles-du-foulon-et-de-lencensoir","status":"publish","type":"post","link":"https:\/\/www.europesays.com\/fr\/291759\/","title":{"rendered":"Tomblaine. Au temps des activit\u00e9s industrielles des \u00eeles du Foulon et de l\u2019Encensoir"},"content":{"rendered":"<p>V\u00e9ritable poumon vert pour toute l\u2019agglom\u00e9ration, les \u00eeles du Foulon et de l\u2019Encensoir constituent un espace prot\u00e9g\u00e9, non ferm\u00e9, un lieu de promenade et de d\u00e9couverte p\u00e9dagogique.<\/p>\n<p>Mais pendant des si\u00e8cles, malmen\u00e9es par les inondations fr\u00e9quentes de l\u2019imp\u00e9tueuse rivi\u00e8re Meurthe, ces \u00eeles n\u2019ont connu que des activit\u00e9s industrielles utilisant le cours d\u2019eau pour \u00e9vacuer leurs d\u00e9chets.<\/p>\n<p>  Du moulin m\u00e9di\u00e9val aux filatures<\/p>\n<p>Un livret \u00e9dit\u00e9 par la Ville de Tomblaine pr\u00e9cise que l\u2019\u00eele du Foulon a \u00e9t\u00e9 cr\u00e9\u00e9e de mani\u00e8re artificielle au XIII\u00a0si\u00e8cle pour installer le moulin de Tomblaine qui approvisionnait les habitants du secteur en farine. Le rachat du moulin par la soci\u00e9t\u00e9 Vilgrain \u00e0 l\u2019aube de la Premi\u00e8re Guerre mondiale a permis le d\u00e9veloppement de la structure et l\u2019augmentation de la production. L\u2019activit\u00e9 li\u00e9e \u00e0 la farine cesse en 1920. Cependant, le moulin continue \u00e0 produire de l\u2019\u00e9lectricit\u00e9 gr\u00e2ce \u00e0 sa turbine hydraulique. Le fonctionnement des turbines et la force motrice ainsi d\u00e9gag\u00e9e ont permis l\u2019installation et le d\u00e9veloppement de manufactures de filature et de tissage sur l\u2019\u00eele du Foulon. <\/p>\n<p>Une industrie de toiles peintes de coton s\u2019installe pr\u00e8s du moulin en 1786, en partie du fait de la pr\u00e9sence d\u2019argile smectite, une terre particuli\u00e8re (terre \u00e0 foulon), utilis\u00e9e pour d\u00e9graisser et assouplir les tissus.<\/p>\n<p>Cette installation est suivie par une industrie d\u2019\u00e9toffe de laine en 1788.<\/p>\n<p>Apr\u00e8s 1895, la manufacture de coton dispara\u00eet car elle ne fournit plus assez de travail. La derni\u00e8re usine de tissage fonctionne jusque dans les ann\u00e9es 1960-1970.<\/p>\n<p>  \u00c9tymologie<\/p>\n<p>&#8211; Le Foulon.<\/p>\n<p>La foulerie correspond au lieu o\u00f9 se trouve le moulin. La foule, en termes de manufacture, signifie les pr\u00e9parations que l&rsquo;on donne aux draps et aux \u00e9toffes de laine en les foulant par le moyen du moulin \u00e0 foulon, afin de les draper et leur donner plus d&rsquo;uniformit\u00e9 dans la texture.<\/p>\n<p>&#8211; L&rsquo;Encensoir<\/p>\n<p>Encensoir (ou encensoire) origine probable de l&rsquo;italien \u00ab \u00a0incensor\u00e9\u00a0 \u00bb par la suite appel\u00e9 encensoir puis aujourd&rsquo;hui Encensier. Il s&rsquo;agirait en fait du nom vulgaire du romarin officinal.<\/p>\n","protected":false},"excerpt":{"rendered":"V\u00e9ritable poumon vert pour toute l\u2019agglom\u00e9ration, les \u00eeles du Foulon et de l\u2019Encensoir constituent un espace prot\u00e9g\u00e9, non&hellip;\n","protected":false},"author":2,"featured_media":291760,"comment_status":"","ping_status":"","sticky":false,"template":"","format":"standard","meta":{"footnotes":""},"categories":[9635],"tags":[1111,11,1704,436,1777,674,1011,27,775,11260,1702,12,25,11703],"class_list":{"0":"post-291759","1":"post","2":"type-post","3":"status-publish","4":"format-standard","5":"has-post-thumbnail","7":"category-nancy","8":"tag-actu","9":"tag-actualites","10":"tag-edition-nancy-et-agglomeration","11":"tag-environnement","12":"tag-eu","13":"tag-europe","14":"tag-fr","15":"tag-france","16":"tag-grand-est","17":"tag-metropole-du-grand-nancy-54b4","18":"tag-nancy","19":"tag-news","20":"tag-republique-francaise","21":"tag-tomblaine"},"share_on_mastodon":{"url":"https:\/\/pubeurope.com\/@fr\/114960197585811341","error":""},"_links":{"self":[{"href":"https:\/\/www.europesays.com\/fr\/wp-json\/wp\/v2\/posts\/291759","targetHints":{"allow":["GET"]}}],"collection":[{"href":"https:\/\/www.europesays.com\/fr\/wp-json\/wp\/v2\/posts"}],"about":[{"href":"https:\/\/www.europesays.com\/fr\/wp-json\/wp\/v2\/types\/post"}],"author":[{"embeddable":true,"href":"https:\/\/www.europesays.com\/fr\/wp-json\/wp\/v2\/users\/2"}],"replies":[{"embeddable":true,"href":"https:\/\/www.europesays.com\/fr\/wp-json\/wp\/v2\/comments?post=291759"}],"version-history":[{"count":0,"href":"https:\/\/www.europesays.com\/fr\/wp-json\/wp\/v2\/posts\/291759\/revisions"}],"wp:featuredmedia":[{"embeddable":true,"href":"https:\/\/www.europesays.com\/fr\/wp-json\/wp\/v2\/media\/291760"}],"wp:attachment":[{"href":"https:\/\/www.europesays.com\/fr\/wp-json\/wp\/v2\/media?parent=291759"}],"wp:term":[{"taxonomy":"category","embeddable":true,"href":"https:\/\/www.europesays.com\/fr\/wp-json\/wp\/v2\/categories?post=291759"},{"taxonomy":"post_tag","embeddable":true,"href":"https:\/\/www.europesays.com\/fr\/wp-json\/wp\/v2\/tags?post=291759"}],"curies":[{"name":"wp","href":"https:\/\/api.w.org\/{rel}","templated":true}]}}