{"id":291763,"date":"2025-08-02T16:50:10","date_gmt":"2025-08-02T16:50:10","guid":{"rendered":"https:\/\/www.europesays.com\/fr\/291763\/"},"modified":"2025-08-02T16:50:10","modified_gmt":"2025-08-02T16:50:10","slug":"retour-du-picnic-day-les-commercants-font-le-plein-danimations-du-cote-du-mourillon-a-toulon","status":"publish","type":"post","link":"https:\/\/www.europesays.com\/fr\/291763\/","title":{"rendered":"Retour du Picnic Day: les commer\u00e7ants font le plein d\u2019animations du c\u00f4t\u00e9 du Mourillon \u00e0 Toulon"},"content":{"rendered":"<p>Il y a des jours que les commer\u00e7ants du c\u0153ur du Mourillon attendent plus que d\u2019autres. Les toujours tr\u00e8s pris\u00e9s Picnic Days, par exemple, figurent sans doute en haut de la liste. Depuis bient\u00f4t dix ans, l\u2019association des commer\u00e7ants a pris l\u2019habitude d\u2019organiser ces \u00e9v\u00e8nements en plein air \u00e0 une ou plusieurs reprises, pendant la p\u00e9riode estivale.<\/p>\n<p>D\u00e8s la fin d\u2019apr\u00e8s-midi et jusqu\u2019\u00e0 minuit, les commerces de bouche de la rue Lamalgue sortent ainsi comptoirs, tables et chaises, et proposent aux passants des plats et boissons \u00e0 prix r\u00e9duits. Sous fond de musique balanc\u00e9e par un DJ install\u00e9 dans l\u2019art\u00e8re, exceptionnellement totalement pi\u00e9tonne, une atmosph\u00e8re festive et conviviale y est quasi-garantie. \u00ab\u00a0On vient tous les ans et c\u2019est toujours sympa, il n\u2019y a rien \u00e0 dire!\u00a0\u00bb, fait valoir Chantal, une habitu\u00e9e. \u00ab\u00a0En plus, les prix sont raisonnables!\u00a0\u00bb, argumente quant \u00e0 lui Jacques.<\/p>\n<p>D\u2019autres \u00e9v\u00e8nements en projet<\/p>\n<p>Ce samedi 9 ao\u00fbt, l\u2019association des commer\u00e7ants remet donc logiquement le couvert, avec le deuxi\u00e8me Picnic Day de l\u2019\u00e9t\u00e9 2025. Une petite aubaine pour Margaux, qui vient d\u2019ouvrir B\u00e0m\u00e1, une cuisine chinoise et vietnamienne: \u00ab\u00a0C\u2019est cool, car \u00e7a m\u2019apporte de la visibilit\u00e9. Ce genre d\u2019\u00e9v\u00e8nement, c\u2019est un peu une rampe de lancement pour moi!\u00a0\u00bb<\/p>\n<p>Constat partag\u00e9 par Fr\u00e9d\u00e9ric, un historique de la boucherie Jancler: \u00ab\u00a0\u00c7a attire du monde! Le but est que les gens restent dans la rue Lamalgue. On les envoie m\u00eame chez les confr\u00e8res, pour qu\u2019ils puissent trouver tout ce qu\u2019ils veulent sans avoir \u00e0 aller dans les grandes surfaces, car chacun ici a sa sp\u00e9cialit\u00e9.\u00a0\u00bb<\/p>\n<p>Et les Picnic Days ne sont pas les seuls marqueurs du dynamisme commercial du quartier. Chaque ann\u00e9e, solderies, braderies, march\u00e9s des cr\u00e9ateurs et animations de No\u00ebl s\u2019ajoutent au programme des r\u00e9jouissances. Avec, bien souvent, un succ\u00e8s au rendez-vous. L\u2019an prochain, une foire aux plants pourrait m\u00eame \u00eatre organis\u00e9e, encore et toujours sous l\u2019impulsion de l\u2019association des commer\u00e7ants. \u00ab\u00a0On a \u00e9galement d\u2019autres projets qu\u2019on est en train d\u2019\u00e9tudier avec la mairie\u00a0\u00bb, ajoute Tracy Costa, la nouvelle pr\u00e9sidente.<\/p>\n<p>Un Mourillon \u00ab\u00a0redynamis\u00e9\u00a0\u00bb?<\/p>\n<p>Commer\u00e7ante au Mourillon depuis sept ans, cette coiffeuse assure que le \u00ab\u00a0village dans la ville\u00a0\u00bb est entr\u00e9 dans une nouvelle dynamique: \u00ab\u00a0Il y a eu plein de nouvelles boutiques. Et d\u2019autres sont en train d\u2019ouvrir. Rien que vers mon salon, on aura un nouvel \u00e9cailler au mois d\u2019ao\u00fbt et une agence immobili\u00e8re.\u00a0\u00bb<\/p>\n<p>\u00ab\u00a0C\u2019est un quartier qui est familial, avec encore une belle client\u00e8le. On n\u2019a pas \u00e0 se plaindre, appuie Fr\u00e9d\u00e9ric Jancler. Quand il y a des crises, on est s\u00fbrement les derniers \u00e0 souffrir \u00e0 Toulon.\u00a0\u00bb Et \u00e0 Margaux, la nouvelle venue, d\u2019assurer: \u00ab\u00a0Tout le monde s\u2019entraide ici. Je trouve que \u00e7a s\u2019est redynamis\u00e9, avec plein de nouveaux qui ont rachet\u00e9 des commerces, donc j\u2019esp\u00e8re que \u00e7a va apporter un autre souffle.\u00a0\u00bb<\/p>\n<p>Locale de l\u2019\u00e9tape et fid\u00e8le aux rendez-vous, Muriel conclut: \u00ab\u00a0Je ne vois pas d\u2019autres rues \u00e0 Toulon qui vivent aussi bien que Lamalgue. Que l\u2019association des commer\u00e7ants renouvelle ces \u00e9v\u00e8nements chaque ann\u00e9e, on ne demande que \u00e7a!\u00a0\u00bb<\/p>\n<p>\u00a0<\/p>\n","protected":false},"excerpt":{"rendered":"Il y a des jours que les commer\u00e7ants du c\u0153ur du Mourillon attendent plus que d\u2019autres. Les toujours&hellip;\n","protected":false},"author":2,"featured_media":291764,"comment_status":"","ping_status":"","sticky":false,"template":"","format":"standard","meta":{"footnotes":""},"categories":[9619],"tags":[1111,11,215,33,1777,674,1011,27,12,882,25,2310,3366],"class_list":{"0":"post-291763","1":"post","2":"type-post","3":"status-publish","4":"format-standard","5":"has-post-thumbnail","7":"category-toulon","8":"tag-actu","9":"tag-actualites","10":"tag-commerce","11":"tag-economie","12":"tag-eu","13":"tag-europe","14":"tag-fr","15":"tag-france","16":"tag-news","17":"tag-provence-alpes-cote-dazur","18":"tag-republique-francaise","19":"tag-toulon","20":"tag-vie-locale"},"share_on_mastodon":{"url":"https:\/\/pubeurope.com\/@fr\/114960205380518515","error":""},"_links":{"self":[{"href":"https:\/\/www.europesays.com\/fr\/wp-json\/wp\/v2\/posts\/291763","targetHints":{"allow":["GET"]}}],"collection":[{"href":"https:\/\/www.europesays.com\/fr\/wp-json\/wp\/v2\/posts"}],"about":[{"href":"https:\/\/www.europesays.com\/fr\/wp-json\/wp\/v2\/types\/post"}],"author":[{"embeddable":true,"href":"https:\/\/www.europesays.com\/fr\/wp-json\/wp\/v2\/users\/2"}],"replies":[{"embeddable":true,"href":"https:\/\/www.europesays.com\/fr\/wp-json\/wp\/v2\/comments?post=291763"}],"version-history":[{"count":0,"href":"https:\/\/www.europesays.com\/fr\/wp-json\/wp\/v2\/posts\/291763\/revisions"}],"wp:featuredmedia":[{"embeddable":true,"href":"https:\/\/www.europesays.com\/fr\/wp-json\/wp\/v2\/media\/291764"}],"wp:attachment":[{"href":"https:\/\/www.europesays.com\/fr\/wp-json\/wp\/v2\/media?parent=291763"}],"wp:term":[{"taxonomy":"category","embeddable":true,"href":"https:\/\/www.europesays.com\/fr\/wp-json\/wp\/v2\/categories?post=291763"},{"taxonomy":"post_tag","embeddable":true,"href":"https:\/\/www.europesays.com\/fr\/wp-json\/wp\/v2\/tags?post=291763"}],"curies":[{"name":"wp","href":"https:\/\/api.w.org\/{rel}","templated":true}]}}