{"id":291769,"date":"2025-08-02T16:53:13","date_gmt":"2025-08-02T16:53:13","guid":{"rendered":"https:\/\/www.europesays.com\/fr\/291769\/"},"modified":"2025-08-02T16:53:13","modified_gmt":"2025-08-02T16:53:13","slug":"herault-latsem-soupconnee-de-viols-et-dagressions-sexuelles-sur-neuf-enfants-a-aussi-travaille-a-montpellier","status":"publish","type":"post","link":"https:\/\/www.europesays.com\/fr\/291769\/","title":{"rendered":"H\u00e9rault\u00a0: l\u2019ATSEM soup\u00e7onn\u00e9e de viols et d\u2019agressions sexuelles sur neuf enfants a aussi travaill\u00e9 \u00e0 Montpellier"},"content":{"rendered":"<p class=\"paragraph text_align_left lp-f-body-02\">Le CV d\u2019<a href=\"https:\/\/www.leparisien.fr\/faits-divers\/atsem-soupconnee-de-viols-et-dagressions-sexuelles-sur-neuf-enfants-dans-lherault-cest-la-sideration-01-08-2025-DA5SRIGRBRAJPFJQNTP6DWXX3M.php\" target=\"_blank\" rel=\"noreferrer noopener\">Annie F., l\u2019ATSEM de Vic-la-Gardiole<\/a> (H\u00e9rault) continue de s\u2019\u00e9toffer. Cette femme, \u00e2g\u00e9e de 59 ans, est <a href=\"https:\/\/www.leparisien.fr\/faits-divers\/herault-une-assistante-decole-maternelle-ecrouee-pour-viols-et-agressions-sexuelles-sur-9-enfants-31-07-2025-7FY4JHRUQJFSZCFFZJM6RYEAQE.php\" rel=\"noopener\" target=\"_blank\">soup\u00e7onn\u00e9e de viols et d\u2019agressions sexuelles sur au moins 9 enfants \u00e2g\u00e9s de 3 \u00e0 4 ans<\/a>. Elle a \u00e9t\u00e9 mise en examen et \u00e9crou\u00e9e.<\/p>\n<p class=\"paragraph text_align_left lp-f-body-02\">Depuis, les investigations confi\u00e9es \u00e0 la brigade de recherche de la gendarmerie de Castelnau-le-Lez se poursuivent. Et avant d\u2019avoir travaill\u00e9 pour cette \u00e9cole, l\u2019ATSEM a travaill\u00e9 pour la ville de Montpellier pendant dix ans.<\/p>\n<p class=\"paragraph text_align_left lp-f-body-02\">\u00ab Je vous confirme sa pr\u00e9sence dans les effectifs de la ville de Montpellier en tant qu\u2019ATSEM depuis 2014. Elle s\u2019est mise en disponibilit\u00e9 de la ville de Montpellier en octobre 2024 \u00bb, \u00e9crit la mairie \u00e0 <a href=\"https:\/\/x.com\/BFMTV\/status\/1951650532814200873\" target=\"_blank\" rel=\"noreferrer\">BFMTV<\/a>.<\/p>\n<p>Pas de \u00ab signalement particulier \u00bb<\/p>\n<p class=\"paragraph text_align_left lp-f-body-02\">La municipalit\u00e9 mentionne ne pas avoir re\u00e7u de \u00ab signalement particulier de la part de sa hi\u00e9rarchie ou des familles \u00bb.<\/p>\n<p class=\"paragraph text_align_left lp-f-body-02\">Selon le parquet de Montpellier, l\u2019enqu\u00eate a d\u00e9but\u00e9 \u00e0 la suite de la plainte d\u00e9pos\u00e9e par les familles de deux enfants, le 2 juillet.<\/p>\n<p class=\"paragraph text_align_left lp-f-body-02\">D\u00e8s le lendemain, le 3 juillet, l\u2019Atsem mise en cause a fait l\u2019objet d\u2019une suspension administrative \u00e0 titre conservatoire par son employeur, la mairie de Vic-la-Gardiole. Dans un communiqu\u00e9, le rectorat de Montpellier a exprim\u00e9 son \u00ab soutien \u00bb et sa \u00ab solidarit\u00e9 \u00bb aux enfants et familles concern\u00e9s par \u00ab ces faits d\u2019une gravit\u00e9 exceptionnelle \u00bb.<\/p>\n<p class=\"paragraph text_align_left lp-f-body-02\">\u00ab Dans ces circonstances particuli\u00e8rement difficiles, l\u2019ensemble des \u00e9quipes \u00e9ducatives, en collaboration \u00e9troite avec la collectivit\u00e9 territoriale, reste pleinement mobilis\u00e9 pour accompagner les \u00e9l\u00e8ves et les familles \u00bb, a assur\u00e9 le rectorat, qui pr\u00e9cise que \u00ab tous les \u00e9l\u00e9ments en possession des services de l\u2019\u00c9ducation nationale sont naturellement transmis \u00e0 la justice, sachant que le personnel mis en cause rel\u00e8ve de la collectivit\u00e9 territoriale \u00bb.<\/p>\n<p class=\"paragraph text_align_left lp-f-body-02\">\u00ab La rentr\u00e9e scolaire dans cette \u00e9cole sera par ailleurs pr\u00e9par\u00e9e avec toute l\u2019attention qu\u2019elle requiert dans de pareilles circonstances. Un accompagnement sp\u00e9cifique sera mis en place pour toute la communaut\u00e9 \u00e9ducative, afin de surmonter cette \u00e9preuve \u00bb, ajoute le rectorat.<\/p>\n","protected":false},"excerpt":{"rendered":"Le CV d\u2019Annie F., l\u2019ATSEM de Vic-la-Gardiole (H\u00e9rault) continue de s\u2019\u00e9toffer. Cette femme, \u00e2g\u00e9e de 59 ans, est&hellip;\n","protected":false},"author":2,"featured_media":291770,"comment_status":"","ping_status":"","sticky":false,"template":"","format":"standard","meta":{"footnotes":""},"categories":[9599],"tags":[1111,11,459,1777,674,118,1011,27,31842,2208,12,2680,25],"class_list":{"0":"post-291769","1":"post","2":"type-post","3":"status-publish","4":"format-standard","5":"has-post-thumbnail","7":"category-montpellier","8":"tag-actu","9":"tag-actualites","10":"tag-departements-horsidfo","11":"tag-eu","12":"tag-europe","13":"tag-faits-divers","14":"tag-fr","15":"tag-france","16":"tag-herault-34","17":"tag-montpellier","18":"tag-news","19":"tag-occitanie","20":"tag-republique-francaise"},"share_on_mastodon":{"url":"https:\/\/pubeurope.com\/@fr\/114960217243682580","error":""},"_links":{"self":[{"href":"https:\/\/www.europesays.com\/fr\/wp-json\/wp\/v2\/posts\/291769","targetHints":{"allow":["GET"]}}],"collection":[{"href":"https:\/\/www.europesays.com\/fr\/wp-json\/wp\/v2\/posts"}],"about":[{"href":"https:\/\/www.europesays.com\/fr\/wp-json\/wp\/v2\/types\/post"}],"author":[{"embeddable":true,"href":"https:\/\/www.europesays.com\/fr\/wp-json\/wp\/v2\/users\/2"}],"replies":[{"embeddable":true,"href":"https:\/\/www.europesays.com\/fr\/wp-json\/wp\/v2\/comments?post=291769"}],"version-history":[{"count":0,"href":"https:\/\/www.europesays.com\/fr\/wp-json\/wp\/v2\/posts\/291769\/revisions"}],"wp:featuredmedia":[{"embeddable":true,"href":"https:\/\/www.europesays.com\/fr\/wp-json\/wp\/v2\/media\/291770"}],"wp:attachment":[{"href":"https:\/\/www.europesays.com\/fr\/wp-json\/wp\/v2\/media?parent=291769"}],"wp:term":[{"taxonomy":"category","embeddable":true,"href":"https:\/\/www.europesays.com\/fr\/wp-json\/wp\/v2\/categories?post=291769"},{"taxonomy":"post_tag","embeddable":true,"href":"https:\/\/www.europesays.com\/fr\/wp-json\/wp\/v2\/tags?post=291769"}],"curies":[{"name":"wp","href":"https:\/\/api.w.org\/{rel}","templated":true}]}}