{"id":291773,"date":"2025-08-02T16:57:15","date_gmt":"2025-08-02T16:57:15","guid":{"rendered":"https:\/\/www.europesays.com\/fr\/291773\/"},"modified":"2025-08-02T16:57:15","modified_gmt":"2025-08-02T16:57:15","slug":"face-au-puy-le-gf38-conclut-une-preparation-estivale-inquietante","status":"publish","type":"post","link":"https:\/\/www.europesays.com\/fr\/291773\/","title":{"rendered":"Face au Puy, le GF38 conclut une pr\u00e9paration estivale inqui\u00e9tante"},"content":{"rendered":"<p itemprop=\"description\"><strong>Quatre matchs, aucune victoire. Mais surtout trois d\u00e9faites.<\/strong><\/p>\n<p>C&rsquo;est le bilan tr\u00e8s inqui\u00e9tant de l&rsquo;\u00e9t\u00e9 du GF38. Ce samedi apr\u00e8s-midi, le club is\u00e9rois affrontait Le Puy \u00e0 Saint-Marcellin. Et malgr\u00e9 la faiblesse de l&rsquo;adversaire \u00e9voluant en National, les hommes de Franck Rizzetto ont \u00e0 nouveau d\u00e9jou\u00e9.<\/p>\n<p>En premi\u00e8re p\u00e9riode, Grenoble avait des occasions mais sa domination \u00e9tait st\u00e9rile. Tandis que les Altilig\u00e9riens ouvraient le score d\u00e8s la 9e minute.<\/p>\n<p>En seconde p\u00e9riode, Le Puy doublait la mise sur penalty \u00e0 la 56e.<\/p>\n<p>Franck Rizzetto avait souhait\u00e9 affronter deux fois son adversaire ce samedi, avec deux rencontres de 90 minutes. La premi\u00e8re confrontation \u00e9tait celle des titulaires, la seconde dans la foul\u00e9e celle des jeunes et des rempla\u00e7ants.<\/p>\n<p>Autant dire que si les joueurs qui se rendront \u00e0 Troyes samedi prochain pour le coup d&rsquo;envoi de la Ligue 2 sont ceux qui ont \u00e9t\u00e9 balad\u00e9s cet apr\u00e8s-midi, \u00e7a promet pour le d\u00e9but de saison\u2026<\/p>\n<p>Sans le capitaine Ga\u00ebtan Paquiez bless\u00e9, et avec le d\u00e9part pr\u00e9cipit\u00e9 d&rsquo;Ayoub Jabbari, le GF38 doit absolument trouver la solution sous peine de prendre d\u00e9j\u00e0 du retard.<\/p>\n","protected":false},"excerpt":{"rendered":"Quatre matchs, aucune victoire. Mais surtout trois d\u00e9faites. C&rsquo;est le bilan tr\u00e8s inqui\u00e9tant de l&rsquo;\u00e9t\u00e9 du GF38. Ce&hellip;\n","protected":false},"author":2,"featured_media":291774,"comment_status":"","ping_status":"","sticky":false,"template":"","format":"standard","meta":{"footnotes":""},"categories":[9566],"tags":[1111,11,7733,8279,2430,7736,650,7734,2889,2263,1777,674,1011,27,2731,8280,6417,1114,108,4662,12,3725,1825,25,7737],"class_list":{"0":"post-291773","1":"post","2":"type-post","3":"status-publish","4":"format-standard","5":"has-post-thumbnail","7":"category-grenoble","8":"tag-actu","9":"tag-actualites","10":"tag-alpes","11":"tag-alpes1","12":"tag-auvergne-rhone-alpes","13":"tag-cds","14":"tag-cinema","15":"tag-ecoute","16":"tag-emission","17":"tag-equipe","18":"tag-eu","19":"tag-europe","20":"tag-fr","21":"tag-france","22":"tag-grenoble","23":"tag-haute","24":"tag-information","25":"tag-infos","26":"tag-isere","27":"tag-journal","28":"tag-news","29":"tag-podcast","30":"tag-radio","31":"tag-republique-francaise","32":"tag-winamp"},"share_on_mastodon":{"url":"https:\/\/pubeurope.com\/@fr\/114960233035302388","error":""},"_links":{"self":[{"href":"https:\/\/www.europesays.com\/fr\/wp-json\/wp\/v2\/posts\/291773","targetHints":{"allow":["GET"]}}],"collection":[{"href":"https:\/\/www.europesays.com\/fr\/wp-json\/wp\/v2\/posts"}],"about":[{"href":"https:\/\/www.europesays.com\/fr\/wp-json\/wp\/v2\/types\/post"}],"author":[{"embeddable":true,"href":"https:\/\/www.europesays.com\/fr\/wp-json\/wp\/v2\/users\/2"}],"replies":[{"embeddable":true,"href":"https:\/\/www.europesays.com\/fr\/wp-json\/wp\/v2\/comments?post=291773"}],"version-history":[{"count":0,"href":"https:\/\/www.europesays.com\/fr\/wp-json\/wp\/v2\/posts\/291773\/revisions"}],"wp:featuredmedia":[{"embeddable":true,"href":"https:\/\/www.europesays.com\/fr\/wp-json\/wp\/v2\/media\/291774"}],"wp:attachment":[{"href":"https:\/\/www.europesays.com\/fr\/wp-json\/wp\/v2\/media?parent=291773"}],"wp:term":[{"taxonomy":"category","embeddable":true,"href":"https:\/\/www.europesays.com\/fr\/wp-json\/wp\/v2\/categories?post=291773"},{"taxonomy":"post_tag","embeddable":true,"href":"https:\/\/www.europesays.com\/fr\/wp-json\/wp\/v2\/tags?post=291773"}],"curies":[{"name":"wp","href":"https:\/\/api.w.org\/{rel}","templated":true}]}}