{"id":291777,"date":"2025-08-02T16:59:10","date_gmt":"2025-08-02T16:59:10","guid":{"rendered":"https:\/\/www.europesays.com\/fr\/291777\/"},"modified":"2025-08-02T16:59:10","modified_gmt":"2025-08-02T16:59:10","slug":"on-se-fait-deplumer-assure-ce-syndicat","status":"publish","type":"post","link":"https:\/\/www.europesays.com\/fr\/291777\/","title":{"rendered":"\u00ab\u00a0On se fait d\u00e9plumer\u00a0\u00bb, assure ce syndicat"},"content":{"rendered":"<p>            Par<br \/>\n        <strong><br \/>\n            <a href=\"https:\/\/actu.fr\/auteur\/brian-legoff\" title=\"Consulter tous les articles de Brian Le Goff\" rel=\"nofollow noopener\" target=\"_blank\">Brian Le Goff<\/a><br \/>\n        <\/strong><\/p>\n<p>        Publi\u00e9 le<\/p>\n<p>            2 ao\u00fbt 2025 \u00e0 17h50        <\/p>\n<p><strong>\u00ab\u2009Franchement, c\u2019est presque z\u00e9ro<\/strong> si on regarde la balance au bout du compte.\u2009\u00bb S\u2019il consid\u00e8re comme \u00ab\u2009une bonne chose\u2009\u00bb l\u2019arriv\u00e9e pr\u00e9vue de renforts dans les rangs des effectifs de police \u00e0 <a href=\"https:\/\/actu.fr\/rennes\/\" rel=\"nofollow noopener\" target=\"_blank\">Rennes<\/a> en septembre\u00a02025, Anthony Grelet, d\u00e9l\u00e9gu\u00e9 d\u00e9partemental du syndicat Alliance Police 35, ne m\u00e2che pas pour autant ses mots.<\/p>\n<p>Une trentaine de renforts attendue<\/p>\n<p class=\" wall-content\">En effet, ils devraient \u00eatre <strong>une trentaine de nouveaux membres des forces de l\u2019ordre<\/strong> \u00e0 rejoindre la capitale bretonne\u2009: <strong>14 profil\u00e9s et 18 autres<\/strong> pour renforcer les unit\u00e9s de la circonscription de Rennes, notamment sur la voie publique. Les premiers sont sp\u00e9cialis\u00e9s dans leur domaine. <strong>Quatre d\u2019entre<\/strong> eux viendront renforcer la <strong>brigade des stup\u00e9fiants<\/strong> de la division de la criminalit\u00e9 territoriale.<\/p>\n<p class=\" wall-content\">Les autres vont <strong>renforcer les unit\u00e9s d\u2019investigations d\u00e9ficitaires<\/strong>. Ils combleront en m\u00eame temps les <strong>10 d\u00e9parts pr\u00e9vus,<\/strong> que ce soit dans la brigade criminelle ou la brigade financi\u00e8re entre autres, selon le syndicaliste Anthony Grelet. \u00ab\u2009Ces derniers ont postul\u00e9 pour d\u2019autres fonctions dans le but de quitter leur service pour la direction zonale particuli\u00e8rement. C\u2019est elle qui coordonne l\u2019action des policiers sur le terrain et g\u00e8re les demandes et les besoins ponctuels.\u2009\u00bb<\/p>\n<blockquote class=\"ac-article-quote wall-content\">\n<p>C&rsquo;est le m\u00eame r\u00e9sultat avec les 18 autres arriv\u00e9es, il y a aussi des d\u00e9parts pr\u00e9vus dans les effectifs qui travaillent sur la voie publique. On se fait d\u00e9plumer. On est sous-arm\u00e9.<\/p>\n<p>    <strong>Anthony Grelet<\/strong><br \/>\n        D\u00e9l\u00e9gu\u00e9 d\u00e9partemental du syndicat Alliance Police 35    <\/p><\/blockquote>\n<p class=\" wall-content\">\u00ab\u2009En judiciaire, aux renseignements, au centre de r\u00e9tention administrative (CRA)\u2026<strong> Tous ont besoin de renforts.\u2009\u00bb<\/strong> Anthony Grelet prend pour exemple le CRA. Aujourd\u2019hui, il compte 56 places, mais, par manque d\u2019effectifs de police, il ne peut actuellement accueillir qu\u2019une quarantaine de personnes retenues. Dans le m\u00eame temps, un projet d\u2019\u00e9volution du centre est pr\u00e9vu pour accueillir \u00e0 terme 106\u00a0personnes, continue-t-il.<\/p>\n<p>Un nouveau service qui va aussi prendre de nouveaux effectifs<\/p>\n<p class=\" wall-content\">Dans le m\u00eame temps, un service de <strong>\u00ab\u2009diffusion des fiches judiciaires\u2009\u00bb<\/strong> doit \u00eatre cr\u00e9\u00e9. Il sert \u00e0 enregistrer les profils des personnes mises en cause dans des affaires et condamn\u00e9es. \u00ab\u2009C\u2019est un service qui doit<strong>\u00a0fonctionner 24\u00a0heures sur 24<\/strong>. Il va donc<strong> mobiliser au minimum 10 coll\u00e8gues,<\/strong> qui vont ainsi \u00eatre pris dans les effectifs actuels ou sur les nouvelles arriv\u00e9es\u2009\u00bb, note Anthony Grelet.<\/p>\n<p class=\" wall-content\">Enfin, lors du dernier conseil municipal qui s\u2019est tenu en juin, et auquel \u00e9taient convi\u00e9s procureur de la R\u00e9publique et pr\u00e9fet, ce dernier avait assur\u00e9 qu\u2019en termes de policiers, <strong>\u00ab\u2009Rennes n\u2019\u00e9tait pas oubli\u00e9e\u2009\u00bb<\/strong>.<\/p>\n<p class=\" wall-content\">Selon nos informations, <strong>Rennes<\/strong> compte environ <strong>un millier de policiers<\/strong>, dont un petit peu plus d\u2019un tiers <strong>(environ 360) pour la voie publique<\/strong> (police-secours, brigade de jour et de nuit, brigade canine, motards, compagnie d\u2019intervention, brigade anti-criminalit\u00e9, brigades sp\u00e9cialis\u00e9es de terrain, SITC).<\/p>\n<p>Des d\u00e9parts anticip\u00e9s \u00e0 la retraite pas remplac\u00e9s<\/p>\n<p class=\" wall-content\">Mais pour le syndicaliste,<strong> ce qui est en revanche oubli\u00e9<\/strong> de la part des autorit\u00e9s, ce sont tous les <strong>coll\u00e8gues<\/strong> qui vont partir <strong>\u00e0 la retraite<\/strong> et qui pour beaucoup d\u2019entre eux <strong>partent en anticipation pour solder toutes les heures suppl\u00e9mentaires<\/strong> travaill\u00e9es. \u00ab\u2009Ils sont ainsi toujours consid\u00e9r\u00e9s dans l\u2019effectif, mais ne sont pas en poste. Pour certains, \u00e7a repr\u00e9sente plusieurs semaines et mois d\u2019absence qui n\u2019est pas remplac\u00e9e.\u2009\u00bb<\/p>\n<p class=\" wall-content\">Pour Anthony Grelet,<strong> \u00ab\u2009pour pouvoir rester juste \u00e0 flot\u2009\u00bb, il leur faudrait 90 coll\u00e8gues<\/strong> en plus. \u00ab\u2009On a aussi des missions de s\u00e9curisation ponctuelles qui ajoutent des heures et des jours suppl\u00e9mentaires \u00e0 rattraper par la suite. C\u2019est le cas pour les mouvements sociaux et des grandes manifestations sportives, comme les matchs de foot.\u2009\u00bb<\/p>\n<p>Deux demandes pr\u00e9cises de la part des syndicats<\/p>\n<p class=\" wall-content\">Mais cette demande semble <strong>loin d\u2019\u00eatre une hypoth\u00e8se envisageable<\/strong> \u00e0 court terme. Alors, le syndicat Alliance police 35 demande que<strong> Rennes soit inscrite dans le plan national de s\u00e9curisation renforc\u00e9e<\/strong>. Selon Anthony Grelet, elle permettrait au directeur de la police de <strong>disposer d\u2019une demi-compagnie de CRS,<\/strong> soit une quarantaine d\u2019effectifs, mobilisables \u00e0 des moments charni\u00e8res pour les autres services.<\/p>\n<p class=\" wall-content\">Face aux \u00e9pisodes de violences qui touchent r\u00e9guli\u00e8rement Rennes, le syndicat insiste depuis plusieurs ann\u00e9es sur le<strong> placement de la capitale bretonne en \u00ab\u2009secteur difficile\u2009\u00bb<\/strong>.<\/p>\n<blockquote class=\"ac-article-quote wall-content\">\n<p>\u00catre en secteur difficile, c&rsquo;est avoir plus de moyens et d&rsquo;effectifs en stock. Elle permet aussi d&rsquo;attirer davantage et de fid\u00e9liser les coll\u00e8gues avec une indemnit\u00e9 sp\u00e9cifique. \u00c0 titre de comparaison, des villes comme Nice, Le Havre et Rouen sont inscrites en secteur difficile.<\/p>\n<p>    <strong>Anthony Grelet<\/strong><br \/>\n        D\u00e9l\u00e9gu\u00e9 d\u00e9partemental du syndicat Alliance Police 35    <\/p><\/blockquote>\n<p class=\" wall-content\">\u00c0 d\u00e9faut d\u2019avoir suffisamment de nouveaux renforts, la <strong>r\u00e9int\u00e9gration du parcours de formation des policiers adjoints<\/strong> au niveau d\u00e9partemental va permettre, apr\u00e8s quatre mois de formation th\u00e9orique, <strong>d\u2019\u00e9quilibrer les effectifs de police,<\/strong> selon le syndicaliste. \u00ab\u2009Sans eux, on ne pourrait faire fonctionner les services.\u2009\u00bb<\/p>\n<p class=\" wall-content\">Sollicit\u00e9 par actu Rennes, Yannick Blouin, le directeur interd\u00e9partemental de la Police Nationale (DIPN) d\u2019Ille-et-Vilaine, ne souhaite ni confirmer, ni infirmer les chiffres avanc\u00e9s dans notre article. \u00c9galement contact\u00e9e, la pr\u00e9fecture explique que c\u2019est au DIPN de s\u2019exprimer \u00e0 ce sujet qui rel\u00e8ve par ailleurs du minist\u00e8re de l\u2019Int\u00e9rieur, avant de finalement nous r\u00e9pondre : \u00ab\u00a0La question des moyens des services de police en Ille-et-Vilaine fait l\u2019objet d\u2019un suivi particuli\u00e8rement attentif, dans un contexte dans lequel les policiers ont obtenu des r\u00e9sultats remarquables avec notamment l\u2019interpellation de tous les auteurs de r\u00e8glements comptes li\u00e9s aux stup\u00e9fiants.\u00a0\u00bb<\/p>\n<p class=\" wall-content\">Suivez toute l\u2019actualit\u00e9 de vos villes et m\u00e9dias favoris en vous inscrivant \u00e0 <a href=\"https:\/\/moncompte.actu.fr\" title=\"D\u00e9couvez Mon Actu\" rel=\"nofollow noopener\" data-trk=\"{&quot;cta&quot;:{&quot;action&quot;:&quot;https:\\\/\\\/moncompte.actu.fr&quot;,&quot;category&quot;:&quot;mon compte&quot;,&quot;from&quot;:&quot;article footer&quot;,&quot;name&quot;:&quot;Mon actu&quot;,&quot;type&quot;:&quot;cta&quot;}}\" target=\"_blank\">Mon Actu<\/a>.<\/p>\n","protected":false},"excerpt":{"rendered":"Par Brian Le Goff Publi\u00e9 le 2 ao\u00fbt 2025 \u00e0 17h50 \u00ab\u2009Franchement, c\u2019est presque z\u00e9ro si on regarde&hellip;\n","protected":false},"author":2,"featured_media":291778,"comment_status":"","ping_status":"","sticky":false,"template":"","format":"standard","meta":{"footnotes":""},"categories":[2821],"tags":[1111,11,829,1777,674,118,1011,27,12,1072,584,25,3427],"class_list":{"0":"post-291777","1":"post","2":"type-post","3":"status-publish","4":"format-standard","5":"has-post-thumbnail","7":"category-rennes","8":"tag-actu","9":"tag-actualites","10":"tag-bretagne","11":"tag-eu","12":"tag-europe","13":"tag-faits-divers","14":"tag-fr","15":"tag-france","16":"tag-news","17":"tag-police","18":"tag-rennes","19":"tag-republique-francaise","20":"tag-syndicats"},"share_on_mastodon":{"url":"https:\/\/pubeurope.com\/@fr\/114960240702362071","error":""},"_links":{"self":[{"href":"https:\/\/www.europesays.com\/fr\/wp-json\/wp\/v2\/posts\/291777","targetHints":{"allow":["GET"]}}],"collection":[{"href":"https:\/\/www.europesays.com\/fr\/wp-json\/wp\/v2\/posts"}],"about":[{"href":"https:\/\/www.europesays.com\/fr\/wp-json\/wp\/v2\/types\/post"}],"author":[{"embeddable":true,"href":"https:\/\/www.europesays.com\/fr\/wp-json\/wp\/v2\/users\/2"}],"replies":[{"embeddable":true,"href":"https:\/\/www.europesays.com\/fr\/wp-json\/wp\/v2\/comments?post=291777"}],"version-history":[{"count":0,"href":"https:\/\/www.europesays.com\/fr\/wp-json\/wp\/v2\/posts\/291777\/revisions"}],"wp:featuredmedia":[{"embeddable":true,"href":"https:\/\/www.europesays.com\/fr\/wp-json\/wp\/v2\/media\/291778"}],"wp:attachment":[{"href":"https:\/\/www.europesays.com\/fr\/wp-json\/wp\/v2\/media?parent=291777"}],"wp:term":[{"taxonomy":"category","embeddable":true,"href":"https:\/\/www.europesays.com\/fr\/wp-json\/wp\/v2\/categories?post=291777"},{"taxonomy":"post_tag","embeddable":true,"href":"https:\/\/www.europesays.com\/fr\/wp-json\/wp\/v2\/tags?post=291777"}],"curies":[{"name":"wp","href":"https:\/\/api.w.org\/{rel}","templated":true}]}}