{"id":291780,"date":"2025-08-02T17:02:14","date_gmt":"2025-08-02T17:02:14","guid":{"rendered":"https:\/\/www.europesays.com\/fr\/291780\/"},"modified":"2025-08-02T17:02:14","modified_gmt":"2025-08-02T17:02:14","slug":"strasbourg-un-rassemblement-de-250-personnes-pour-la-palestine-a-defaut-de-manifestation","status":"publish","type":"post","link":"https:\/\/www.europesays.com\/fr\/291780\/","title":{"rendered":"Strasbourg. Un rassemblement de 250 personnes pour la Palestine \u00e0 d\u00e9faut de manifestation"},"content":{"rendered":"<p>\u00ab\u00a0Nous sommes tous des enfants de Gaza. R\u00e9sistance, c\u2019est la loi de l\u2019existence\u00a0\u00bb. Les slogans sont entonn\u00e9s par pr\u00e8s de 250 personnes rassembl\u00e9es hier apr\u00e8s-midi, sur la place Broglie \u00e0 Strasbourg, \u00e0 l\u2019appel du <a href=\"https:\/\/www.dna.fr\/defense-guerre-conflit\/2025\/07\/08\/manifestation-en-ligne-rouge-pour-gaza\" target=\"_blank\" rel=\"nofollow noopener\"> Collectif Palestine 67<\/a>.<\/p>\n<p>La manifestation initialement pr\u00e9vue n\u2019a pas eu lieu, en raison de l\u2019arr\u00eat\u00e9 pr\u00e9fectoral interdisant le passage du cort\u00e8ge dans le quartier des Contades o\u00f9 vit une grande partie de la communaut\u00e9 juive de Strasbourg. Pas de d\u00e9ambulation mais un rassemblement statique devant le monument d\u00e9di\u00e9 au mar\u00e9chal Leclerc. Qu\u2019encadrent sept v\u00e9hicules de police.<\/p>\n<p>  Attachement \u00e0 la dignit\u00e9 humaine<\/p>\n<p><a href=\"https:\/\/www.dna.fr\/politique\/2025\/05\/19\/conseil-municipal-la-seance-interrompue-par-des-manifestants-pro-palestiniens\" target=\"_blank\" rel=\"nofollow noopener\">Herv\u00e9 Gourvitch<\/a> , l\u2019un des porte-parole du Collectif Palestine 67 qui a attaqu\u00e9 vainement, en r\u00e9f\u00e9r\u00e9 l\u2018arr\u00eat\u00e9 pr\u00e9fectoral interdisant le p\u00e9rim\u00e8tre en question, d\u00e9nonce \u00ab\u00a0la remise en cause de la libert\u00e9 d\u2019expression et de manifester son soutien au peuple palestinien\u00a0\u00bb.<\/p>\n<p>Le Collectif envisageait notamment de d\u00e9filer dans la rue Oberlin, non loin de la synagogue, devant l\u2019immeuble o\u00f9 vivent des militants d\u2019Urgence Palestine. Pour leur apporter son soutien car <a href=\"https:\/\/www.dna.fr\/faits-divers-justice\/2025\/07\/25\/contades-des-tags-visent-des-militants-pro-palestiniens\" target=\"_blank\" rel=\"nofollow noopener\"> la fa\u00e7ade de leur immeuble a \u00e9t\u00e9 tagu\u00e9e r\u00e9cemment<\/a>. \u00ab\u00a0En tant que juif, a continu\u00e9 le porte-parole de Collectif Palestine 67, cela me choque encore plus car cela veut dire que l\u2019on est assign\u00e9. Alors que l\u2019on a le droit d\u2019\u00eatre juif et antisioniste\u00a0\u00bb.<\/p>\n<p>  Des images d\u2019enfants d\u00e9charn\u00e9s<\/p>\n<p>Sylvie, une Strasbourgeoise de 60 ans, donne de la voix et tape avec une cuill\u00e8re sur la casserole qu\u2019elle a ramen\u00e9e. \u00ab\u00a0C\u2019est symbolique, j\u2019ai vu des images de Gazaouis avec des ustensiles de cuisine, chercher \u00e0 manger, dit-elle, sans rien trouver. C\u2019est une honte, cette famine organis\u00e9e\u00a0\u00bb. D\u2019autres plus jeunes, sont venus en famille. Certains arborent le drapeau palestinien sur leurs \u00e9paules quand d\u2019autres comme Mariem Baeumler, portent le keffieh, coiffe traditionnelle moyen-orientale. Elle assiste \u00e0 toutes les manifestations pour \u00ab\u00a0ne pas \u00eatre complice du g\u00e9nocide commis par le gouvernement de Netanyahou\u00a0\u00bb.<\/p>\n<p>Interpellation du d\u00e9put\u00e9 <a href=\"https:\/\/www.dna.fr\/elections\/2024\/12\/31\/charles-sitzenstuhl-revient-sur-une-annee-mouvementee-avant-un-depute-se-projetait-a-cinq-ans-maintenant-c-est-a-quelques-mois\" target=\"_blank\" rel=\"nofollow noopener\">Charles Sitzenstuhl<\/a> par une militante du Collectif jud\u00e9o-arabe et citoyen pour la Palestine, paroles citoyennes\u2026 se succ\u00e8dent. Comme beaucoup, Clara Mergen, \u00e9tudiante, tient en mains des images d\u2019enfants d\u00e9charn\u00e9s. \u00ab\u00a0Je suis touch\u00e9e par les humains, affirme-t-elle dans un sourire timide, plut\u00f4t que de rester chez moi, je tiens \u00e0 d\u00e9noncer cette situation inhumaine\u00a0\u00bb.<\/p>\n<p>Au-del\u00e0 du noyau dur des militants qui soutiennent la Palestine, les photos d\u2019enfants amaigris, et les t\u00e9moignages d\u2019habitants rong\u00e9s par la faim documentant le d\u00e9sastre humanitaire dans l\u2019enclave palestinienne touchent de plus en plus de personnes. Pour des raisons de solidarit\u00e9 et tout simplement d\u2019attachement \u00e0 la dignit\u00e9 humaine.<\/p>\n<p class=\"note\">Prochaines mobilisations le 6\u00a0ao\u00fbt \u00e0 18\u00a0h, place de la Gare \u00e0 Strasbourg\u00a0; v\u00e9lorution le 16\u00a0ao\u00fbt \u00e0 14\u00a0h\u00a030 au d\u00e9part de la place Kl\u00e9ber.<\/p>\n","protected":false},"excerpt":{"rendered":"\u00ab\u00a0Nous sommes tous des enfants de Gaza. R\u00e9sistance, c\u2019est la loi de l\u2019existence\u00a0\u00bb. Les slogans sont entonn\u00e9s par&hellip;\n","protected":false},"author":2,"featured_media":291781,"comment_status":"","ping_status":"","sticky":false,"template":"","format":"standard","meta":{"footnotes":""},"categories":[2820],"tags":[1111,11,2389,2649,2880,1777,674,107,1011,27,775,12,3518,25,104,640,2879],"class_list":{"0":"post-291780","1":"post","2":"type-post","3":"status-publish","4":"format-standard","5":"has-post-thumbnail","7":"category-strasbourg","8":"tag-actu","9":"tag-actualites","10":"tag-alsace","11":"tag-bas-rhin","12":"tag-edition-strasbourg","13":"tag-eu","14":"tag-europe","15":"tag-fil-info","16":"tag-fr","17":"tag-france","18":"tag-grand-est","19":"tag-news","20":"tag-palestine","21":"tag-republique-francaise","22":"tag-societe","23":"tag-strasbourg","24":"tag-strasbourg-ville"},"share_on_mastodon":{"url":"https:\/\/pubeurope.com\/@fr\/114960252532643588","error":""},"_links":{"self":[{"href":"https:\/\/www.europesays.com\/fr\/wp-json\/wp\/v2\/posts\/291780","targetHints":{"allow":["GET"]}}],"collection":[{"href":"https:\/\/www.europesays.com\/fr\/wp-json\/wp\/v2\/posts"}],"about":[{"href":"https:\/\/www.europesays.com\/fr\/wp-json\/wp\/v2\/types\/post"}],"author":[{"embeddable":true,"href":"https:\/\/www.europesays.com\/fr\/wp-json\/wp\/v2\/users\/2"}],"replies":[{"embeddable":true,"href":"https:\/\/www.europesays.com\/fr\/wp-json\/wp\/v2\/comments?post=291780"}],"version-history":[{"count":0,"href":"https:\/\/www.europesays.com\/fr\/wp-json\/wp\/v2\/posts\/291780\/revisions"}],"wp:featuredmedia":[{"embeddable":true,"href":"https:\/\/www.europesays.com\/fr\/wp-json\/wp\/v2\/media\/291781"}],"wp:attachment":[{"href":"https:\/\/www.europesays.com\/fr\/wp-json\/wp\/v2\/media?parent=291780"}],"wp:term":[{"taxonomy":"category","embeddable":true,"href":"https:\/\/www.europesays.com\/fr\/wp-json\/wp\/v2\/categories?post=291780"},{"taxonomy":"post_tag","embeddable":true,"href":"https:\/\/www.europesays.com\/fr\/wp-json\/wp\/v2\/tags?post=291780"}],"curies":[{"name":"wp","href":"https:\/\/api.w.org\/{rel}","templated":true}]}}