{"id":291784,"date":"2025-08-02T17:05:13","date_gmt":"2025-08-02T17:05:13","guid":{"rendered":"https:\/\/www.europesays.com\/fr\/291784\/"},"modified":"2025-08-02T17:05:13","modified_gmt":"2025-08-02T17:05:13","slug":"la-ville-de-nice-soffre-une-oeuvre-dhenri-matisse-pour-20-000-euros","status":"publish","type":"post","link":"https:\/\/www.europesays.com\/fr\/291784\/","title":{"rendered":"La Ville de Nice s\u2019offre une \u0153uvre d\u2019Henri Matisse pour 20.000 euros"},"content":{"rendered":"<p>Expos\u00e9e depuis le 7 mai au mus\u00e9e Matisse dans le cadre de l\u2019exposition \u00ab\u00a0Matisse M\u00e9diterran\u00e9e\u00a0\u00bb, l\u2019\u0153uvre \u00c9tude d\u2019agave (1905), un dessin au crayon sur papier de 60 x 40cm, a \u00e9t\u00e9 achet\u00e9 par la Ville de Nice pour 20.000 euros, avec le soutien de l\u2019Association nouvelle des amis du mus\u00e9e Matisse. Cette acquisition s\u2019inscrit dans la politique d\u2019enrichissement des collections municipales. Un \u00ab\u00a0tr\u00e8s bon prix\u00a0\u00bb pour un dessin estim\u00e9 entre 25.000 et 50.000 euros.<\/p>\n","protected":false},"excerpt":{"rendered":"Expos\u00e9e depuis le 7 mai au mus\u00e9e Matisse dans le cadre de l\u2019exposition \u00ab\u00a0Matisse M\u00e9diterran\u00e9e\u00a0\u00bb, l\u2019\u0153uvre \u00c9tude d\u2019agave&hellip;\n","protected":false},"author":2,"featured_media":291785,"comment_status":"","ping_status":"","sticky":false,"template":"","format":"standard","meta":{"footnotes":""},"categories":[2819],"tags":[1111,11,251,1777,674,1011,27,12,2401,882,25],"class_list":{"0":"post-291784","1":"post","2":"type-post","3":"status-publish","4":"format-standard","5":"has-post-thumbnail","7":"category-nice","8":"tag-actu","9":"tag-actualites","10":"tag-culture","11":"tag-eu","12":"tag-europe","13":"tag-fr","14":"tag-france","15":"tag-news","16":"tag-nice","17":"tag-provence-alpes-cote-dazur","18":"tag-republique-francaise"},"share_on_mastodon":{"url":"https:\/\/pubeurope.com\/@fr\/114960264323172047","error":""},"_links":{"self":[{"href":"https:\/\/www.europesays.com\/fr\/wp-json\/wp\/v2\/posts\/291784","targetHints":{"allow":["GET"]}}],"collection":[{"href":"https:\/\/www.europesays.com\/fr\/wp-json\/wp\/v2\/posts"}],"about":[{"href":"https:\/\/www.europesays.com\/fr\/wp-json\/wp\/v2\/types\/post"}],"author":[{"embeddable":true,"href":"https:\/\/www.europesays.com\/fr\/wp-json\/wp\/v2\/users\/2"}],"replies":[{"embeddable":true,"href":"https:\/\/www.europesays.com\/fr\/wp-json\/wp\/v2\/comments?post=291784"}],"version-history":[{"count":0,"href":"https:\/\/www.europesays.com\/fr\/wp-json\/wp\/v2\/posts\/291784\/revisions"}],"wp:featuredmedia":[{"embeddable":true,"href":"https:\/\/www.europesays.com\/fr\/wp-json\/wp\/v2\/media\/291785"}],"wp:attachment":[{"href":"https:\/\/www.europesays.com\/fr\/wp-json\/wp\/v2\/media?parent=291784"}],"wp:term":[{"taxonomy":"category","embeddable":true,"href":"https:\/\/www.europesays.com\/fr\/wp-json\/wp\/v2\/categories?post=291784"},{"taxonomy":"post_tag","embeddable":true,"href":"https:\/\/www.europesays.com\/fr\/wp-json\/wp\/v2\/tags?post=291784"}],"curies":[{"name":"wp","href":"https:\/\/api.w.org\/{rel}","templated":true}]}}