{"id":291796,"date":"2025-08-02T17:12:11","date_gmt":"2025-08-02T17:12:11","guid":{"rendered":"https:\/\/www.europesays.com\/fr\/291796\/"},"modified":"2025-08-02T17:12:11","modified_gmt":"2025-08-02T17:12:11","slug":"toulouse-a-nouveau-en-perdition-face-a-stuttgart-en-amical","status":"publish","type":"post","link":"https:\/\/www.europesays.com\/fr\/291796\/","title":{"rendered":"Toulouse \u00e0 nouveau en perdition face \u00e0 Stuttgart en amical"},"content":{"rendered":"<p>Une semaine apr\u00e8s sa lourde d\u00e9faite 7-0 face \u00e0 Leipzig, le TFC a encore pris l\u2019eau en Allemagne contre Stuttgart ce samedi (6-0). Quatri\u00e8me d\u00e9faite de rang pour les hommes de Carles Martinez Novell.<\/p>\n<p class=\"fig-paragraph\">Rien ne va plus dans la Ville rose. Certes, ce ne sont que des matches amicaux et ils sont faits pour cela, mais le\u00a0<a href=\"http:\/\/www.lefigaro.fr\/sports\/football\/transferts\/mercato-aboukhlal-quitte-toulouse-et-rejoint-le-torino-20250729\" data-fig-type=\"NewsFlash\" data-gtm-custom-categorie=\"navigation\" data-gtm-custom-action=\"crossclick\" data-gtm-custom-label=\"Contextuel\" data-gtm-event=\"customEventSPE\" data-fig-domain=\"LEFIGARO\" target=\"_blank\" rel=\"noopener\">Toulouse FC<\/a>\u00a0vient d\u2019encha\u00eener une quatri\u00e8me d\u00e9faite de rang en Allemagne face \u00e0 Stuttgart ce samedi. Pire, le club Haut-Garonnais a subi une humiliation,\u00a0<a href=\"http:\/\/www.lefigaro.fr\/sports\/football\/foot-leipzig-inflige-une-correction-a-toulouse-en-match-amical-20250726\" data-fig-type=\"NewsFlash\" data-gtm-custom-categorie=\"navigation\" data-gtm-custom-action=\"crossclick\" data-gtm-custom-label=\"Contextuel\" data-gtm-event=\"customEventSPE\" data-fig-domain=\"LEFIGARO\" target=\"_blank\" rel=\"noopener\">comme la semaine derni\u00e8re face \u00e0 Leipzig<\/a>\u00a0(7-0). Cette fois, Stuttgart a \u00e9t\u00e9 le bourreau pendant 120 minutes (4 quart-temps de 30 minutes).<\/p>\n<p class=\"fig-paragraph\">Undav, F\u00fchrich, Demirovic&#8230; Les \u00e9l\u00e9ments offensifs du\u00a0<a href=\"http:\/\/www.lefigaro.fr\/sports\/football\/allemagne\/coupe-d-allemagne-stuttgart-domine-bielefeld-en-finale-avec-un-double-d-enzo-millot-20250524\" data-fig-type=\"NewsFlash\" data-gtm-custom-categorie=\"navigation\" data-gtm-custom-action=\"crossclick\" data-gtm-custom-label=\"Contextuel\" data-gtm-event=\"customEventSPE\" data-fig-domain=\"LEFIGARO\" target=\"_blank\" rel=\"noopener\">dernier vainqueur de la Coupe d\u2019Allemagne<\/a>\u00a0s\u2019en sont donn\u00e9 \u00e0 c\u0153ur joie pour punir les largesses d\u00e9fensives adverses. R\u00e9sultat sans appel\u00a0: 6-0. Carles Martinez Novell et ses hommes n\u2019ont toujours pas gagn\u00e9 un seul match de pr\u00e9paration apr\u00e8s un nul inaugural face \u00e0 Pau et\u00a0<a href=\"http:\/\/www.lefigaro.fr\/sports\/football\/ligue-1\/amical-toulouse-s-incline-face-au-al-nassr-de-ronaldo-20250730\" data-fig-type=\"NewsFlash\" data-gtm-custom-categorie=\"navigation\" data-gtm-custom-action=\"crossclick\" data-gtm-custom-label=\"Contextuel\" data-gtm-event=\"customEventSPE\" data-fig-domain=\"LEFIGARO\" target=\"_blank\" rel=\"noopener\">quatre d\u00e9faites cons\u00e9cutives<\/a>\u00a0durant lesquelles ils n\u2019ont marqu\u00e9 que deux buts.<\/p>\n<p>                                    <a class=\"fig-a11y-skip a11y-hidden\" href=\"#fig-a11y-skip-main-inarticle\"><br \/>\n        Passer la publicit\u00e9<br \/>\n    <\/a><\/p>\n<p class=\"fig-paragraph\">\u00c0 deux semaines de la reprise du Championnat,\u00a0<a href=\"https:\/\/www.lefigaro.fr\/sports\/football\/ligue-1\/calendrier-resultats\" target=\"_blank\" rel=\"nofollow noopener\" data-gtm-custom-categorie=\"navigation\" data-gtm-custom-action=\"crossclick\" data-gtm-custom-label=\"Contextuel\" data-gtm-event=\"customEventSPE\">samedi 16\u00a0ao\u00fbt contre Nice<\/a>\u00a0(21h05), le constat est sans appel. Des recrues pourraient encore venir garnir l\u2019effectif toulousain d\u2019ici l\u00e0, tandis qu\u2019un ultime match amical face \u00e0 S\u00e9ville aura lieu dimanche 10\u00a0ao\u00fbt\u00a0au Stadium. Pour rappel, le T\u00e9f\u00e9c\u00e9 avait termin\u00e9 la campagne 2024\/2025 de la Ligue 1 \u00e0 la 10e place mais\u00a0<a href=\"http:\/\/www.lefigaro.fr\/flash-sport\/foot-olivier-cloarec-nouveau-president-du-tfc-20250708\" data-fig-type=\"NewsFlash\" data-gtm-custom-categorie=\"navigation\" data-gtm-custom-action=\"crossclick\" data-gtm-custom-label=\"Contextuel\" data-gtm-event=\"customEventSPE\" data-fig-domain=\"LEFIGARO\" target=\"_blank\" rel=\"noopener\">un changement de direction<\/a>\u00a0est venu bouleverser l\u2019intersaison du club.<\/p>\n","protected":false},"excerpt":{"rendered":"Une semaine apr\u00e8s sa lourde d\u00e9faite 7-0 face \u00e0 Leipzig, le TFC a encore pris l\u2019eau en Allemagne&hellip;\n","protected":false},"author":2,"featured_media":291797,"comment_status":"","ping_status":"","sticky":false,"template":"","format":"standard","meta":{"footnotes":""},"categories":[2816],"tags":[1111,11,1777,674,1011,27,12,2680,25,12500,2312,8512],"class_list":{"0":"post-291796","1":"post","2":"type-post","3":"status-publish","4":"format-standard","5":"has-post-thumbnail","7":"category-toulouse","8":"tag-actu","9":"tag-actualites","10":"tag-eu","11":"tag-europe","12":"tag-fr","13":"tag-france","14":"tag-news","15":"tag-occitanie","16":"tag-republique-francaise","17":"tag-stuttgart","18":"tag-toulouse","19":"tag-toulouse-fc"},"share_on_mastodon":{"url":"https:\/\/pubeurope.com\/@fr\/114960292006800500","error":""},"_links":{"self":[{"href":"https:\/\/www.europesays.com\/fr\/wp-json\/wp\/v2\/posts\/291796","targetHints":{"allow":["GET"]}}],"collection":[{"href":"https:\/\/www.europesays.com\/fr\/wp-json\/wp\/v2\/posts"}],"about":[{"href":"https:\/\/www.europesays.com\/fr\/wp-json\/wp\/v2\/types\/post"}],"author":[{"embeddable":true,"href":"https:\/\/www.europesays.com\/fr\/wp-json\/wp\/v2\/users\/2"}],"replies":[{"embeddable":true,"href":"https:\/\/www.europesays.com\/fr\/wp-json\/wp\/v2\/comments?post=291796"}],"version-history":[{"count":0,"href":"https:\/\/www.europesays.com\/fr\/wp-json\/wp\/v2\/posts\/291796\/revisions"}],"wp:featuredmedia":[{"embeddable":true,"href":"https:\/\/www.europesays.com\/fr\/wp-json\/wp\/v2\/media\/291797"}],"wp:attachment":[{"href":"https:\/\/www.europesays.com\/fr\/wp-json\/wp\/v2\/media?parent=291796"}],"wp:term":[{"taxonomy":"category","embeddable":true,"href":"https:\/\/www.europesays.com\/fr\/wp-json\/wp\/v2\/categories?post=291796"},{"taxonomy":"post_tag","embeddable":true,"href":"https:\/\/www.europesays.com\/fr\/wp-json\/wp\/v2\/tags?post=291796"}],"curies":[{"name":"wp","href":"https:\/\/api.w.org\/{rel}","templated":true}]}}