{"id":291798,"date":"2025-08-02T17:13:17","date_gmt":"2025-08-02T17:13:17","guid":{"rendered":"https:\/\/www.europesays.com\/fr\/291798\/"},"modified":"2025-08-02T17:13:17","modified_gmt":"2025-08-02T17:13:17","slug":"on-a-teste-posto-du-groupe-papa-raffaele","status":"publish","type":"post","link":"https:\/\/www.europesays.com\/fr\/291798\/","title":{"rendered":"on a test\u00e9 Posto, du groupe Pap\u00e0 Raffaele"},"content":{"rendered":"<p>            Par<br \/>\n        <strong><br \/>\n            <a href=\"https:\/\/actu.fr\/auteur\/hervine-mahaud\" title=\"Consulter tous les articles de Hervine Mahaud\" target=\"_blank\" rel=\"noopener\">Hervine Mahaud<\/a><br \/>\n        <\/strong><\/p>\n<p>        Publi\u00e9 le<\/p>\n<p>            2 ao\u00fbt 2025 \u00e0 18h36        <\/p>\n<p>Si vous \u00eates un inconditionnel de la <b>gastronomie italienne<\/b> et\/ou du <b>groupe de restauration Pap\u00e0 Famiglia<\/b> (Pap\u00e0 Raffaele, Barbara, Alfredo\u2026), vous \u00eates s\u00fbrement d\u00e9j\u00e0 au courant. Un <b>nouveau restaurant<\/b> d\u00e9di\u00e9 \u00e0 la <b>cuisine<\/b> de la Botte a ouvert ses portes ce 1er ao\u00fbt 2025 \u00e0 <b>Lille<\/b>. Il s\u2019agit de <b>Posto<\/b>, qui remplace tout simplement <b>Pap\u00e0 Posto<\/b>, ferm\u00e9 le 29 juin. Mais que trouve-t-on dans ce <b>bistrot <\/b>\u00e0 la sauce pomodoro ? Pour le savoir, nous nous y sommes attabl\u00e9s lors du premier service.<\/p>\n<p>Un changement de d\u00e9co et une nouvelle identit\u00e9<\/p>\n<p class=\" wall-content\">Un petit mois. C\u2019est le temps qu\u2019il aura fallu pour transformer Pap\u00e0 Posto en Posto tout court. Ouvert en 2018 au 16 bis place du Lion d\u2019Or, ce spot d\u00e9di\u00e9 \u00e0 l\u2019aperitivo permettait de siroter des spritz tout en grignotant des antipasti.<\/p>\n<p class=\" wall-content\">C\u2019\u00e9tait aussi l\u2019avant-poste de <b>Pap\u00e0 Raffaele<\/b>, <a href=\"https:\/\/actu.fr\/hauts-de-france\/lille_59350\/selon-ce-celebre-guide-italien-cette-pizzeria-de-lille-est-lune-des-meilleures-deurope_62820360.html\" target=\"_blank\" rel=\"noopener\">l\u2019une des meilleures pizzerias d\u2019Europe<\/a> qui, bien souvent victime de son succ\u00e8s, devait demander \u00e0 ses clients de patienter avant d\u2019\u00eatre install\u00e9s.<\/p>\n<p>    <img   decoding=\"async\" loading=\"lazy\" class=\"size-large\" src=\"https:\/\/www.europesays.com\/fr\/wp-content\/uploads\/2025\/08\/e16b4b2fed886466b4b2fed886a6b4v-960x640.jpg\" alt=\"restaurant italien posto vieux lille papa raffaele\" width=\"960\" height=\"640\"\/><br \/>\n    Les travaux ont dur\u00e9 tout le mois de juillet, mais le r\u00e9sultat est \u00e0 la hauteur de l\u2019attente. \u00a9Hervine Mahaud<\/p>\n<p class=\" wall-content\">\u00ab\u00a0Parce qu\u2019on aime les nouveaux challenges, on a d\u00e9cid\u00e9 de faire table rase avec Pap\u00e0 Posto et d\u2019imaginer un nouveau lieu pour vous recevoir d\u00e8s le mois d\u2019ao\u00fbt\u00a0\u00bb, expliquait la squadra fin juin, au moment de fermer le lieu.<\/p>\n<p class=\" wall-content\">Le mois de juillet n\u2019aura pas \u00e9t\u00e9 de tout repos pour l\u2019\u00e9quipe qui a donc transform\u00e9 de fond en comble le lieu. \u00ab\u00a0On a boss\u00e9 avec des talents de dingo et on s\u2019est fix\u00e9 une mission : imaginer un Posto tout court. <b>Fid\u00e8le \u00e0 son \u00e2me, mais repens\u00e9, avec un d\u00e9cor qui nous ressemble en 2025<\/b>.\u00a0\u00bb<\/p>\n<p>    <img   decoding=\"async\" loading=\"lazy\" class=\"size-large\" src=\"https:\/\/www.europesays.com\/fr\/wp-content\/uploads\/2025\/08\/177c4b2fed8862b7c4b2fed880f7c4v-960x640.jpg\" alt=\"restaurant italien posto vieux lille papa raffaele\" width=\"960\" height=\"640\"\/><br \/>\n    Ambiance vintage. \u00a9Hervine Mahaud<\/p>\n<p class=\" wall-content\">Le r\u00e9sultat ? On peut l\u2019admirer depuis le 1er ao\u00fbt, date de la <b>r\u00e9ouverture<\/b>. La d\u00e9co mise sur le c\u00f4t\u00e9 tr\u00e8s <b>authentique<\/b> d\u2019un <b>bistrot napolitain<\/b>, mais sans en faire trop. L\u2019ambiance est cool, le cadre est vintage mais pas vieillot.\u00a0<\/p>\n<p>Une carte diff\u00e9rente le midi et le soir<\/p>\n<p class=\" wall-content\">Et dans les assiettes, \u00e7a donne quoi ? L\u00e0 encore, il y a eu du changement. \u00ab\u00a0On a imagin\u00e9 une <b>carte hybride : bistrot le midi, bar \u00e0 manger le soir<\/b>\u00ab\u00a0, explique l\u2019\u00e9quipe de Posto.\u00a0<\/p>\n<p class=\" wall-content\">Nous y sommes all\u00e9s le midi, pour d\u00e9couvrir ces nouveaux plats. D\u00e9j\u00e0, on retrouve les <a href=\"https:\/\/actu.fr\/hauts-de-france\/lille_59350\/a-lille-papa-posto-rouvre-le-midi-et-propose-un-emblematique-sandwich-italien_40723092.html\" target=\"_blank\" rel=\"noopener\">bombettas, g\u00e9n\u00e9reux sandwichs que le resto sert depuis 2021<\/a>, et des <b>focaccias<\/b> (11\u20ac). D\u2019autres recettes gourmandes partagent la carte du d\u00e9jeuner : lasagnes maison, aubergine \u00e0 la parmegiana, salade caprese\u2026 Les prix vont de 11,50 \u00e0 19,90 \u20ac.<\/p>\n<p>    <img   decoding=\"async\" loading=\"lazy\" class=\"size-large\" src=\"https:\/\/www.europesays.com\/fr\/wp-content\/uploads\/2025\/08\/355b3b2fed886395b3b2fed880d5b3v-960x640.jpg\" alt=\"restaurant italien posto vieux lille papa raffaele\" width=\"960\" height=\"640\"\/><br \/>\n    Boulettes de viande croustillantes et sauce tomate mijot\u00e9e, servie avec de la focaccia grill\u00e9e. \u00a9Hervine Mahaud<\/p>\n<p class=\" wall-content\">Nous avons test\u00e9 les <b>gnocchis<\/b> sauce cacio e pepe (fromage et poivre) et les <b>meatballs<\/b> (boulettes de viande). C\u2019est bon mais c\u2019est tr\u00e8s riche, autant en saveurs qu\u2019en huile d\u2019olive et grana padano. Heureusement, la petite salade de roquette et la sauce tomate apportent une touche de fra\u00eecheur bienvenue.<\/p>\n<p>    <img   decoding=\"async\" loading=\"lazy\" class=\"size-large\" src=\"https:\/\/www.europesays.com\/fr\/wp-content\/uploads\/2025\/08\/fcfa3b2fed886010b3b2fed88f40b3v-960x640.jpg\" alt=\"restaurant italien posto vieux lille papa raffaele\" width=\"960\" height=\"640\"\/><br \/>\n    Gnocchis sauce caio et pepe (fromage et poivre) et roquette. \u00a9Hervine Mahaud<\/p>\n<p class=\" wall-content\">Difficile de r\u00e9sister \u00e0 la carte des <b>desserts<\/b>, d\u00e9j\u00e0 pr\u00e9sente du temps de Pap\u00e0 Posto. On commande alors l\u2019<b>affogato avec glace \u00e0 la pistache maison<\/b> et le <b>Noccio\u2019bomb<\/b>, un dessert \u00e0 base de bouts de p\u00e2te \u00e0 pizza frite parsem\u00e9s de Nocciolata et d\u2019amandes toast\u00e9es.<\/p>\n<p>    <img   decoding=\"async\" loading=\"lazy\" class=\"size-large\" src=\"https:\/\/www.europesays.com\/fr\/wp-content\/uploads\/2025\/08\/149e3b2fed886189e3b2fed88fb9e3v-960x640.jpg\" alt=\"restaurant italien posto vieux lille papa raffaele\" width=\"960\" height=\"640\"\/><br \/>\n    Affogato pistacchio. \u00a9Hervine Mahaud<\/p>\n<p class=\" wall-content\">Les valeurs s\u00fbres que sont le <b>tiramisu<\/b> et la <b>panna cotta<\/b> compl\u00e8tent la carte, ainsi qu\u2019un intriguant <b>cookie<\/b> aux p\u00e9pites de chocolat et Nocciolata. Tarifs de ces douceurs ? De 5,50 \u00e0 7,50 \u20ac.<\/p>\n<p>Bruschetta et Espresso Martini<\/p>\n<p class=\" wall-content\">Le <b>soir<\/b>, la carte de Posto change pour privil\u00e9gier les <b>plats \u00e0 partager <\/b>: antipasti avec burrata, aubergine r\u00f4tie, focaccia grill\u00e9e, des assiettes de boeuf, fromages, charcuteries\u2026 Il y a aussi des \u00ab\u00a0fritures\u00a0\u00bb : polenta, fleurs de courgettes, croquettes fa\u00e7on mac &amp; cheese.\u00a0<\/p>\n<p class=\" wall-content\">Il y a aussi <b>cinq recettes de bruschettas<\/b>, tranches de pain sur lesquelles ont d\u00e9pose de savoureux produits. \u00c0 la mortadelle, au pesto et tomates-mozza, \u00e0 la truffe, au pull porked ou au tartare de tomates\u2026 comptez de 7,50 \u00e0 10 \u20ac en fonction de la version choisie. Enfin, les desserts pr\u00e9cit\u00e9s plus haut sont aussi de la partie.<\/p>\n<p>    <img   decoding=\"async\" loading=\"lazy\" class=\"size-large\" src=\"https:\/\/www.europesays.com\/fr\/wp-content\/uploads\/2025\/08\/7f1228bfed886732228bfed8857222v-960x640.jpg\" alt=\"restaurant italien posto vieux lille papa raffaele\" width=\"960\" height=\"640\"\/><br \/>\n    Le bar o\u00f9 l\u2019\u00e9quipe pr\u00e9pare l\u2019Espresso Martini et le Gin to di Posto.\u00a0 \u00a9Hervine Mahaud<\/p>\n<p class=\" wall-content\">Midi ou soir, les cartes s\u2019accompagnent de <b>boissons<\/b> typiques de la Botte : des <b>vins rouges, blancs, ros\u00e9s et p\u00e9tillants, des bi\u00e8res<\/b>. Il y a bien \u00e9videmment des Spritz (8-9 \u20ac) et Negroni (10 \u20ac). Ainsi que des <b>cocktails<\/b> (10 et 11 \u20ac) aux accents italiens et devenus incontournables comme l\u2019Espresso Martini ou l\u2019Amaretto Sour.<\/p>\n<p class=\" wall-content\">Avec sa d\u00e9co typique et ses plats tr\u00e8s g\u00e9n\u00e9reux, nul doute que Posto succ\u00e8de dignement \u00e0 Pap\u00e0 Posto. \u00c0 tester sans plus tarder !<\/p>\n<p>Posto, 16 bis place du Lion d\u2019Or. Ouvert du lundi au dimanche, pour le midi et le soir, samedi en continu. Plus d\u2019infos sur le <a href=\"https:\/\/www.instagram.com\/posto_lille\/\" target=\"_blank\" rel=\"noopener\">compte Instagram de Posto<\/a>, r\u00e9sas <a href=\"https:\/\/bookings.zenchef.com\/results?rid=367207&amp;pid=1001\" target=\"_blank\" rel=\"noopener\">en cliquant ici<\/a>.<\/p>\n<p class=\" wall-content\">Suivez toute l\u2019actualit\u00e9 de vos villes et m\u00e9dias favoris en vous inscrivant \u00e0 <a href=\"https:\/\/moncompte.actu.fr\" title=\"D\u00e9couvez Mon Actu\" rel=\"nofollow noopener\" data-trk=\"{&quot;cta&quot;:{&quot;action&quot;:&quot;https:\\\/\\\/moncompte.actu.fr&quot;,&quot;category&quot;:&quot;mon compte&quot;,&quot;from&quot;:&quot;article footer&quot;,&quot;name&quot;:&quot;Mon actu&quot;,&quot;type&quot;:&quot;cta&quot;}}\" target=\"_blank\">Mon Actu<\/a>.<\/p>\n<ul class=\"ac-article-tag wall-content\">\n<li><a href=\"https:\/\/actu.fr\/tag\/nouveaux-commerces\" data-trk=\"{&quot;cta&quot;:{&quot;action&quot;:&quot;Nouveaux commerces&quot;,&quot;category&quot;:&quot;tag&quot;,&quot;from&quot;:&quot;article footer&quot;,&quot;name&quot;:&quot;Nouveaux commerces&quot;,&quot;type&quot;:&quot;cta&quot;}}\" target=\"_blank\" rel=\"noopener\">#Nouveaux commerces<\/a><\/li>\n<li><a href=\"https:\/\/actu.fr\/tag\/restaurant\" data-trk=\"{&quot;cta&quot;:{&quot;action&quot;:&quot;Restaurant&quot;,&quot;category&quot;:&quot;tag&quot;,&quot;from&quot;:&quot;article footer&quot;,&quot;name&quot;:&quot;Restaurant&quot;,&quot;type&quot;:&quot;cta&quot;}}\" target=\"_blank\" rel=\"noopener\">#Restaurant<\/a><\/li>\n<\/ul>\n<p>                    <script async src=\"\/\/www.instagram.com\/embed.js\"><\/script><\/p>\n","protected":false},"excerpt":{"rendered":"Par Hervine Mahaud Publi\u00e9 le 2 ao\u00fbt 2025 \u00e0 18h36 Si vous \u00eates un inconditionnel de la gastronomie&hellip;\n","protected":false},"author":2,"featured_media":291799,"comment_status":"","ping_status":"","sticky":false,"template":"","format":"standard","meta":{"footnotes":""},"categories":[2815],"tags":[1111,11,33,1777,674,1011,27,811,1307,12,3147,25,1340],"class_list":{"0":"post-291798","1":"post","2":"type-post","3":"status-publish","4":"format-standard","5":"has-post-thumbnail","7":"category-lille","8":"tag-actu","9":"tag-actualites","10":"tag-economie","11":"tag-eu","12":"tag-europe","13":"tag-fr","14":"tag-france","15":"tag-hauts-de-france","16":"tag-lille","17":"tag-news","18":"tag-nouveaux-commerces","19":"tag-republique-francaise","20":"tag-restaurant"},"share_on_mastodon":{"url":"https:\/\/pubeurope.com\/@fr\/114960296107291645","error":""},"_links":{"self":[{"href":"https:\/\/www.europesays.com\/fr\/wp-json\/wp\/v2\/posts\/291798","targetHints":{"allow":["GET"]}}],"collection":[{"href":"https:\/\/www.europesays.com\/fr\/wp-json\/wp\/v2\/posts"}],"about":[{"href":"https:\/\/www.europesays.com\/fr\/wp-json\/wp\/v2\/types\/post"}],"author":[{"embeddable":true,"href":"https:\/\/www.europesays.com\/fr\/wp-json\/wp\/v2\/users\/2"}],"replies":[{"embeddable":true,"href":"https:\/\/www.europesays.com\/fr\/wp-json\/wp\/v2\/comments?post=291798"}],"version-history":[{"count":0,"href":"https:\/\/www.europesays.com\/fr\/wp-json\/wp\/v2\/posts\/291798\/revisions"}],"wp:featuredmedia":[{"embeddable":true,"href":"https:\/\/www.europesays.com\/fr\/wp-json\/wp\/v2\/media\/291799"}],"wp:attachment":[{"href":"https:\/\/www.europesays.com\/fr\/wp-json\/wp\/v2\/media?parent=291798"}],"wp:term":[{"taxonomy":"category","embeddable":true,"href":"https:\/\/www.europesays.com\/fr\/wp-json\/wp\/v2\/categories?post=291798"},{"taxonomy":"post_tag","embeddable":true,"href":"https:\/\/www.europesays.com\/fr\/wp-json\/wp\/v2\/tags?post=291798"}],"curies":[{"name":"wp","href":"https:\/\/api.w.org\/{rel}","templated":true}]}}