{"id":29180,"date":"2025-04-16T12:09:14","date_gmt":"2025-04-16T12:09:14","guid":{"rendered":"https:\/\/www.europesays.com\/fr\/29180\/"},"modified":"2025-04-16T12:09:14","modified_gmt":"2025-04-16T12:09:14","slug":"maj-reprise-du-trafic-sur-les-lignes-b-et-d-du-metro-a-lyon","status":"publish","type":"post","link":"https:\/\/www.europesays.com\/fr\/29180\/","title":{"rendered":"[MAJ] Reprise du trafic sur les lignes B et D du m\u00e9tro \u00e0 Lyon"},"content":{"rendered":"<p>Ce mardi 15 avril, la circulation est interrompue partiellement sur les lignes B et D du m\u00e9tro \u00e0 Lyon \u00e0 cause d&rsquo;un colis suspect.<\/p>\n<p>Article mis \u00e0 jour le 15\/04 \u00e0 16h50<\/p>\n<p>Reprise du trafic sur les lignes B et D du m\u00e9tro \u00e0 Lyon<\/p>\n<p>Le<b> trafic<\/b> a pu <b>reprendre plus t\u00f4t que pr\u00e9vu<\/b>, d\u00e8s 16h50 au lieu de 17h30, sur les <b>lignes B et D du m\u00e9tro<\/b> \u00e0 <b>Lyon<\/b>.<br \/><b><br \/><\/b><br \/>Les <a class=\"url\" href=\"https:\/\/www.tcl.fr\/\" target=\"_blank\" rel=\"noopener\">TCL<\/a> indiquent que les perturbations ont pris fin. En ne donnant aucun d\u00e9tail sur le colis suspect \u00e0 l&rsquo;origine de cet incident.<br \/><b><br \/><\/b><br \/>Article initial publi\u00e9 le 15\/04 \u00e0 16h20<br \/><b><br \/><\/b><\/p>\n<p>Un colis suspect dans le m\u00e9tro \u00e0 Lyon<\/p>\n<p><b><br \/><\/b><br \/><b>Les lignes B<\/b> et <b>D <\/b>du <b>m\u00e9tro <\/b>\u00e0 <b>Lyon <\/b>sont perturb\u00e9es ce mardi 15 avril en raison d&rsquo;un <b>colis suspect<\/b>, indiquent les <a class=\"url\" href=\"https:\/\/www.tcl.fr\/se-deplacer\/infos-trafic-accessibilite\/trafic\/line%3Atcl%3AB?date=2315042025\" target=\"_blank\" rel=\"noopener\">TCL<\/a>.<\/p>\n<p>Pour la ligne B :<\/p>\n<p>La <b>ligne B<\/b> circule uniquement<b> entre Charpennes et Part-Dieu<\/b>, puis <b>entre Jean Mac\u00e9 et Saint-Genis-Laval H\u00f4pital Sud.<\/b>\u00a0<\/p>\n<p>Les stations <b>Place Guichard<\/b> et <b>Saxe-Gambetta<\/b> ne sont <b>plus desservies.<\/b><\/p>\n<p>Pour la ligne D :<\/p>\n<p>M\u00eame situation sur la<b> ligne D<\/b>, qui ne fonctionne<b> que de Gare de Vaise \u00e0 Vieux-Lyon<\/b>, puis <b>de Grange Blanche \u00e0 Gare de V\u00e9nissieux.<\/b>\u00a0<\/p>\n<p><b>Toutes les stations entre Bellecour et Monplaisir Lumi\u00e8re<\/b> sont <b>ferm\u00e9es <\/b>dans les <b>deux sens.<\/b><\/p>\n<p>La <b>reprise <\/b>de la circulation est <b>estim\u00e9e vers 17h30.<\/b><\/p>\n<p>Plus d&rsquo;informations \u00e0 venir&#8230;<\/p>\n<p><\/p>\n","protected":false},"excerpt":{"rendered":"Ce mardi 15 avril, la circulation est interrompue partiellement sur les lignes B et D du m\u00e9tro \u00e0&hellip;\n","protected":false},"author":2,"featured_media":29181,"comment_status":"","ping_status":"","sticky":false,"template":"","format":"standard","meta":{"footnotes":""},"categories":[1889],"tags":[1111,11,2430,5272,1777,674,1011,27,10214,10216,2428,10212,5429,10211,5304,12,6125,25,10215,10213,5430,5310,5287],"class_list":{"0":"post-29180","1":"post","2":"type-post","3":"status-publish","4":"format-standard","5":"has-post-thumbnail","7":"category-lyon","8":"tag-actu","9":"tag-actualites","10":"tag-auvergne-rhone-alpes","11":"tag-bellecour","12":"tag-eu","13":"tag-europe","14":"tag-fr","15":"tag-france","16":"tag-grange-blanche","17":"tag-jean-mac","18":"tag-lyon","19":"tag-mtro-b","20":"tag-mtro-d","21":"tag-mtro-lyon","22":"tag-monplaisir","23":"tag-news","24":"tag-part-dieu","25":"tag-republique-francaise","26":"tag-saxe-gambetta","27":"tag-tcl","28":"tag-vnissieux","29":"tag-vaise","30":"tag-vieux-lyon"},"share_on_mastodon":{"url":"https:\/\/pubeurope.com\/@fr\/114347570953573851","error":""},"_links":{"self":[{"href":"https:\/\/www.europesays.com\/fr\/wp-json\/wp\/v2\/posts\/29180","targetHints":{"allow":["GET"]}}],"collection":[{"href":"https:\/\/www.europesays.com\/fr\/wp-json\/wp\/v2\/posts"}],"about":[{"href":"https:\/\/www.europesays.com\/fr\/wp-json\/wp\/v2\/types\/post"}],"author":[{"embeddable":true,"href":"https:\/\/www.europesays.com\/fr\/wp-json\/wp\/v2\/users\/2"}],"replies":[{"embeddable":true,"href":"https:\/\/www.europesays.com\/fr\/wp-json\/wp\/v2\/comments?post=29180"}],"version-history":[{"count":0,"href":"https:\/\/www.europesays.com\/fr\/wp-json\/wp\/v2\/posts\/29180\/revisions"}],"wp:featuredmedia":[{"embeddable":true,"href":"https:\/\/www.europesays.com\/fr\/wp-json\/wp\/v2\/media\/29181"}],"wp:attachment":[{"href":"https:\/\/www.europesays.com\/fr\/wp-json\/wp\/v2\/media?parent=29180"}],"wp:term":[{"taxonomy":"category","embeddable":true,"href":"https:\/\/www.europesays.com\/fr\/wp-json\/wp\/v2\/categories?post=29180"},{"taxonomy":"post_tag","embeddable":true,"href":"https:\/\/www.europesays.com\/fr\/wp-json\/wp\/v2\/tags?post=29180"}],"curies":[{"name":"wp","href":"https:\/\/api.w.org\/{rel}","templated":true}]}}